{"id":199762,"date":"2025-08-26T08:57:30","date_gmt":"2025-08-26T08:57:30","guid":{"rendered":"https:\/\/radiofenix.com.ar\/2023\/investigan-al-jefe-de-seguridad-de-nordelta-sospechado-de-ayudar-a-jonathan-kovalivker-a-fugarse\/"},"modified":"2025-08-26T08:57:30","modified_gmt":"2025-08-26T08:57:30","slug":"investigan-al-jefe-de-seguridad-de-nordelta-sospechado-de-ayudar-a-jonathan-kovalivker-a-fugarse","status":"publish","type":"post","link":"https:\/\/radiofenix.com.ar\/2023\/investigan-al-jefe-de-seguridad-de-nordelta-sospechado-de-ayudar-a-jonathan-kovalivker-a-fugarse\/","title":{"rendered":"Investigan al jefe de Seguridad de Nordelta, sospechado de ayudar a Jonathan Kovalivker a fugarse"},"content":{"rendered":"<div id=\"\">\n<div contenteditable=\"false\" class=\"embed_cont type_imagen\" id=\"8116919-Libre-596243005_wrap\">\n<p>mauricio macri y si amigo \u00edntimo Emmanuel Kovalivker <span onclick=\"parent.parent.TinyMCETdcuerpo.preview_embed('8116919-Libre-596243005')\" class=\"embed_colapse less\" id=\"8116919-Libre-596243005_colapse\"\/>  <span onclick=\"parent.parent.TinyMCETdcuerpo.delete_embed('8116919-Libre-596243005')\" class=\"embed_delete less\" id=\"8116919-Libre-596243005_delete\"\/><\/p>\n<div id=\"8116919-Libre-596243005_content\" class=\"embed_content\"><img decoding=\"async\" src=\"https:\/\/media.minutouno.com\/p\/0b4d295db0387f808464508c4968800e\/adjuntos\/150\/imagenes\/042\/697\/0042697169\/610x0\/smart\/mauricio-macri-y-su-amigo-intimo-emmanuel-kovalivker.jpg\" alt=\"Mauricio Macri y su amigo \u00edntimo Emmanuel Kovalivker.\" title=\"Mauricio Macri y su amigo \u00edntimo Emmanuel Kovalivker.\" width=\"610\" height=\"undefined\" id=\"8116919-Libre-596243005_embed\"\/><\/div>\n<div id=\"8116919-Libre-596243005_epigrafe\" class=\"embed_epigrafe\">\n<p> Mauricio Macri y su amigo \u00edntimo Emmanuel Kovalivker.<\/p>\n<\/div><\/div>\n<p>La Justicia ya secuestr\u00f3 documentaci\u00f3n clave y ahora busca avanzar con el an\u00e1lisis de los tel\u00e9fonos y los papeles incautados en los allanamientos.<\/p>\n<p>Mientras los peritos trabajan, en los Tribunales circula documentaci\u00f3n de contrataciones de la droguer\u00eda por casi 11 mil millones de pesos. <span class=\"saysCMSEmphasis\" id=\"saysCMSEmphasistynrgyjctri\">El fiscal Piccardi busca establecer si esos papeles respaldan la hip\u00f3tesis del pago de retornos a cambio de negocios con el Estado.<\/span><\/p>\n<div contenteditable=\"false\" class=\"embed_cont type_imagen\" id=\"8116882-Libre-1018942517_wrap\">\n<p> diego spagnuolo milei <span onclick=\"parent.parent.TinyMCETdcuerpo.preview_embed('8116882-Libre-1018942517')\" class=\"embed_colapse less\" id=\"8116882-Libre-1018942517_colapse\"\/> <span onclick=\"parent.parent.TinyMCETdcuerpo.delete_embed('8116882-Libre-1018942517')\" class=\"embed_delete less\" id=\"8116882-Libre-1018942517_delete\"\/><\/p>\n<div id=\"8116882-Libre-1018942517_content\" class=\"embed_content\"><img loading=\"lazy\" decoding=\"async\" src=\"https:\/\/media.minutouno.com\/p\/fb4a34267e55d061af7c51496636aad9\/adjuntos\/150\/imagenes\/042\/697\/0042697024\/diego-spagnuolo-milei.jpg\" alt=\"Diego Spagnuolo y Javier Milei.\" title=\"Diego Spagnuolo y Javier Milei.\" width=\"610\" height=\"410\" id=\"8116882-Libre-1018942517_embed\"\/><\/div>\n<div id=\"8116882-Libre-1018942517_epigrafe\" class=\"embed_epigrafe\">\n<p> Diego Spagnuolo y Javier Milei.<\/p>\n<\/div><\/div>\n<p>\u201cA m\u00ed me est\u00e1n defalcando la agencia\u201d, reconoci\u00f3 Spagnuolo en uno de los audios que se filtraron a la prensa. \u201cLa gente de la Suizo llama a los proveedores y les dice: \u2018Escuchame, no llames m\u00e1s el 5, vas a tener que poner el 8 (lo que cobran de medicamentos), lo tra\u00e9s a la Suizo y nosotros lo subimos a Presidencia. Por tel\u00e9fono. As\u00ed se est\u00e1n manejando\u2019\u201d, agreg\u00f3 sobre las presuntas coimas a las empresas farmac\u00e9uticas.<\/p>\n<p>La empresa mencionada est\u00e1 vinculada a <strong>Mart\u00edn Menem.<\/strong> \u201cEsto lo hacen de ratas. Es un kiosco de US$20.000\/US$30.000 por mes\u201d. \u201cA Karina le llega el 3% y el 1% se va en la operatoria\u201d, se escuch\u00f3 en un audio del extitular de la Andis.<\/p>\n<div contenteditable=\"false\" class=\"embed_cont type_imagen\" id=\"8116769-Libre-1493984018_wrap\">\n<p>lule menem <span onclick=\"parent.parent.TinyMCETdcuerpo.preview_embed('8116769-Libre-1493984018')\" class=\"embed_colapse less\" id=\"8116769-Libre-1493984018_colapse\"\/>  <span onclick=\"parent.parent.TinyMCETdcuerpo.delete_embed('8116769-Libre-1493984018')\" class=\"embed_delete less\" id=\"8116769-Libre-1493984018_delete\"\/><\/p>\n<div id=\"8116769-Libre-1493984018_content\" class=\"embed_content\"><img loading=\"lazy\" decoding=\"async\" src=\"https:\/\/media.minutouno.com\/p\/04041a9141759fd1e71edbbc8a5f6ade\/adjuntos\/150\/imagenes\/042\/696\/0042696387\/lule-menem.jpg\" alt=\"\" title=\"\" width=\"610\" height=\"456\" id=\"8116769-Libre-1493984018_embed\"\/><\/div>\n<\/p><\/div>\n<p>En ese marco, la Polic\u00eda de la Ciudad allan\u00f3 oficinas vinculadas a <strong>Daniel Mar\u00eda Garbellini, director de Acceso a los Servicios de Salud<\/strong> en Andis, en la sede del programa Incluir Salud, en avenida Rivadavia al 800. All\u00ed se incautaron carpetas, expedientes y dispositivos electr\u00f3nicos que ser\u00e1n revisados en los pr\u00f3ximos d\u00edas.<\/p>\n<p>Horas antes, los agentes hab\u00edan encontrado al exfuncionario en su casa de Avellaneda y le secuestraron su celular. Tambi\u00e9n fue retenido Spagnuolo en un domicilio de Pilar, donde hallaron dinero en efectivo y una m\u00e1quina de contar billetes. A pedido del fiscal, el juez Casanello le prohibi\u00f3 salir del pa\u00eds.<\/p>\n<div contenteditable=\"false\" class=\"embed_cont type_imagen\" id=\"8117083-Libre-292369213_wrap\">\n<p>martin menem coimas operacion <span onclick=\"parent.parent.TinyMCETdcuerpo.preview_embed('8117083-Libre-292369213')\" class=\"embed_colapse less\" id=\"8117083-Libre-292369213_colapse\"\/>  <span onclick=\"parent.parent.TinyMCETdcuerpo.delete_embed('8117083-Libre-292369213')\" class=\"embed_delete less\" id=\"8117083-Libre-292369213_delete\"\/><\/p>\n<div id=\"8117083-Libre-292369213_content\" class=\"embed_content\"><img decoding=\"async\" src=\"https:\/\/media.minutouno.com\/p\/355a4ca207747bf69fd4ad30bccf0c36\/adjuntos\/150\/imagenes\/042\/698\/0042698423\/610x0\/smart\/martin-menem-coimas-operacion.jpg\" alt=\"\" title=\"\" width=\"610\" height=\"undefined\" id=\"8117083-Libre-292369213_embed\"\/><\/div>\n<\/p><\/div>\n<p>El foco inmediato est\u00e1 puesto en los celulares. Los peritajes iniciados este fin de semana podr\u00edan abrir una nueva etapa en la causa. Los investigadores esperan acceder a conversaciones y archivos que permitan reconstruir el circuito de presuntas coimas y avanzar en las imputaciones.<\/p>\n<p>La expectativa es que, en los pr\u00f3ximos d\u00edas, se conozcan los primeros resultados t\u00e9cnicos que confirmen o descarten el contenido de los audios y chats que sacudieron al Gobierno.<\/p>\n<div contenteditable=\"false\" class=\"embed_cont type_freetext\" rel=\"freetext\" id=\"embed10_wrap\">\n<p>Embed <span onclick=\"parent.parent.TinyMCETdcuerpo.preview_embed('embed10')\" class=\"embed_colapse less\" id=\"embed10_colapse\"\/>  <span onclick=\"parent.parent.TinyMCETdcuerpo.delete_embed('embed10')\" class=\"embed_delete less\" id=\"embed10_delete\"\/><\/p>\n<div id=\"embed10_content\" class=\"embed_content\">\n<div id=\"embed10_embed\">\n<figure class=\"figure\"><a href=\"https:\/\/t.me\/minutounocom\" target=\"_blank\"><img decoding=\"async\" src=\"https:\/\/media.minutouno.com\/adjuntos\/150\/banners\/039\/099\/0039099175.jpg\" class=\"figure-img img-fluid\" style=\"width:100%;height:auto;\"\/><\/a><\/figure>\n<\/p><\/div>\n<\/div><\/div>\n<\/p><\/div>\n<p><a href=\"https:\/\/www.minutouno.com\/politica\/investigan-al-jefe-seguridad-nordelta-sospechado-ayudar-jonathan-kovalivker-fugarse-n6182340\">source<\/a><\/p>\n","protected":false},"excerpt":{"rendered":"<p>mauricio macri y si amigo \u00edntimo Emmanuel Kovalivker Mauricio Macri y su amigo \u00edntimo Emmanuel&#8230;<\/p>\n","protected":false},"author":0,"featured_media":199763,"comment_status":"open","ping_status":"open","sticky":false,"template":"","format":"standard","meta":{"footnotes":""},"categories":[2],"tags":[],"class_list":["post-199762","post","type-post","status-publish","format-standard","has-post-thumbnail","hentry","category-politica"],"featured_image_urls":{"full":["https:\/\/radiofenix.com.ar\/2023\/wp-content\/uploads\/2025\/08\/wp-header-logo-151.png",610,381,false],"thumbnail":["https:\/\/radiofenix.com.ar\/2023\/wp-content\/uploads\/2025\/08\/wp-header-logo-151-150x150.png",150,150,true],"medium":["https:\/\/radiofenix.com.ar\/2023\/wp-content\/uploads\/2025\/08\/wp-header-logo-151-300x187.png",300,187,true],"medium_large":["https:\/\/radiofenix.com.ar\/2023\/wp-content\/uploads\/2025\/08\/wp-header-logo-151.png",610,381,false],"large":["https:\/\/radiofenix.com.ar\/2023\/wp-content\/uploads\/2025\/08\/wp-header-logo-151.png",610,381,false],"1536x1536":["https:\/\/radiofenix.com.ar\/2023\/wp-content\/uploads\/2025\/08\/wp-header-logo-151.png",610,381,false],"2048x2048":["https:\/\/radiofenix.com.ar\/2023\/wp-content\/uploads\/2025\/08\/wp-header-logo-151.png",610,381,false],"newsium-slider-full":["https:\/\/radiofenix.com.ar\/2023\/wp-content\/uploads\/2025\/08\/wp-header-logo-151.png",610,381,false],"newsium-featured":["https:\/\/radiofenix.com.ar\/2023\/wp-content\/uploads\/2025\/08\/wp-header-logo-151.png",610,381,false],"newsium-medium":["https:\/\/radiofenix.com.ar\/2023\/wp-content\/uploads\/2025\/08\/wp-header-logo-151.png",610,381,false]},"author_info":{"info":[""]},"category_info":"<a href=\"https:\/\/radiofenix.com.ar\/2023\/category\/politica\/\" rel=\"category tag\">Pol\u00edtica<\/a>","tag_info":"Pol\u00edtica","comment_count":"0","_links":{"self":[{"href":"https:\/\/radiofenix.com.ar\/2023\/wp-json\/wp\/v2\/posts\/199762","targetHints":{"allow":["GET"]}}],"collection":[{"href":"https:\/\/radiofenix.com.ar\/2023\/wp-json\/wp\/v2\/posts"}],"about":[{"href":"https:\/\/radiofenix.com.ar\/2023\/wp-json\/wp\/v2\/types\/post"}],"replies":[{"embeddable":true,"href":"https:\/\/radiofenix.com.ar\/2023\/wp-json\/wp\/v2\/comments?post=199762"}],"version-history":[{"count":0,"href":"https:\/\/radiofenix.com.ar\/2023\/wp-json\/wp\/v2\/posts\/199762\/revisions"}],"wp:featuredmedia":[{"embeddable":true,"href":"https:\/\/radiofenix.com.ar\/2023\/wp-json\/wp\/v2\/media\/199763"}],"wp:attachment":[{"href":"https:\/\/radiofenix.com.ar\/2023\/wp-json\/wp\/v2\/media?parent=199762"}],"wp:term":[{"taxonomy":"category","embeddable":true,"href":"https:\/\/radiofenix.com.ar\/2023\/wp-json\/wp\/v2\/categories?post=199762"},{"taxonomy":"post_tag","embeddable":true,"href":"https:\/\/radiofenix.com.ar\/2023\/wp-json\/wp\/v2\/tags?post=199762"}],"curies":[{"name":"wp","href":"https:\/\/api.w.org\/{rel}","templated":true}]}}