{"id":199772,"date":"2025-08-27T08:57:21","date_gmt":"2025-08-27T08:57:21","guid":{"rendered":"https:\/\/radiofenix.com.ar\/2023\/un-doble-ataque-israeli-contra-un-hospital-en-gaza-deja-al-menos-20-muertos\/"},"modified":"2025-08-27T08:57:21","modified_gmt":"2025-08-27T08:57:21","slug":"un-doble-ataque-israeli-contra-un-hospital-en-gaza-deja-al-menos-20-muertos","status":"publish","type":"post","link":"https:\/\/radiofenix.com.ar\/2023\/un-doble-ataque-israeli-contra-un-hospital-en-gaza-deja-al-menos-20-muertos\/","title":{"rendered":"Un doble ataque israel\u00ed contra un hospital en Gaza deja al menos 20 muertos"},"content":{"rendered":"<div><!-- Body --><\/p>\n<p><b>Cinco\u00a0<a href=\"https:\/\/www.pagina12.com.ar\/850808-con-la-muerte-del-periodista-al-koumi-ya-son-239-los-reporte\">periodistas<\/a><\/b>, entre ellos colaboradores de la cadena qatar\u00ed Al Jazeera y las agencias internacionales\u00a0Reuters y Associated Press (AP), <b>murieron este lunes tras un<\/b> <b><a href=\"https:\/\/www.pagina12.com.ar\/852184-israel-ataco-un-hospital-en-gaza-y-mato-a-20-personas-entre-\">bombardeo israel\u00ed al hospital Nasser<\/a>, en el sur de la <a href=\"https:\/\/www.pagina12.com.ar\/852099-gaza-mas-de-8-muertos-por-hambre-y-34-por-bombardeos-en-un-s\">Franja de Gaza<\/a>, que dej\u00f3 un total de 20 fallecidos<\/b>, seg\u00fan inform\u00f3 la Defensa Civil palestina. <b>El <a href=\"https:\/\/www.pagina12.com.ar\/851248-dos-mil-gazaties-muertos-mientras-buscaban-comida\">ataque <\/a>se produjo en un punto habitual de cobertura para corresponsales<\/b>, donde los periodistas sol\u00edan transmitir en vivo, y consisti\u00f3 de dos bombardeos separados, <b>un \u00abdoble ataque\u00bb que despert\u00f3 duras criticas internacionales<\/b>. El primer ministro israel\u00ed, <b>Benjam\u00edn Netanyahu<\/b>, expres\u00f3 sus <b>condolencias por el \u00abtr\u00e1gico accidente\u00bb<\/b>.<\/p>\n<p>Los periodistas identificados como v\u00edctimas del ataque son <b>Hossam Al Masri<\/b> (camar\u00f3grafo de Reuters), <b>Mohamed Salama<\/b> (camar\u00f3grafo de Al Jazeera), <b>Mariam Abu Daqqa<\/b> (reportera de AP) y <b>Moaz Abu Taha<\/b> (reportero de NBC). El Sindicato de Periodistas Palestinos inform\u00f3 que el otro reportero fallecido era\u00a0<b>Ahmad Abu Aziz<\/b>, periodista independiente. <b>En otro incidente ocurrido m\u00e1s tarde en Jan Yunis, las fuerzas israel\u00edes mataron al corresponsal palestino Hassan Douhan<\/b>, periodista y acad\u00e9mico que trabajaba como corresponsal para el diario <i>Al Hayat<\/i>.<\/p>\n<div class=\"iframely-embed medium-embedded-content\" data-html=\"Jmx0O2RpdiZndDsmbHQ7ZGl2IHN0eWxlPSJsZWZ0OiAwOyB3aWR0aDogMTAwJTsgaGVpZ2h0OiAwOyBwb3NpdGlvbjogcmVsYXRpdmU7IHBhZGRpbmctYm90dG9tOiA1Ni4wNDE3JTsiJmd0OyZsdDtpZnJhbWUgc3JjPSJodHRwczovL2lmcmFtZWx5LnBhZ2luYTEyLmNvbS5hci9hcGkvaWZyYW1lP2NsaWNrX3RvX3BsYXk9MSZhbXA7dXJsPWh0dHBzJTNBJTJGJTJGZ2VvLmRhaWx5bW90aW9uLmNvbSUyRnBsYXllciUyRnh0NWVlLmh0bWwlM0Z2aWRlbyUzRHg5cGhvczYmYW1wO2tleT00Njc2YjVmZGMwODMyNTdlYTg3ZjcxNjA4Yzc0ZTlmZSIgc3R5bGU9InRvcDogMDsgbGVmdDogMDsgd2lkdGg6IDEwMCU7IGhlaWdodDogMTAwJTsgcG9zaXRpb246IGFic29sdXRlOyBib3JkZXI6IDA7IiBhbGxvd2Z1bGxzY3JlZW4gc2Nyb2xsaW5nPSJubyIgYWxsb3c9ImVuY3J5cHRlZC1tZWRpYSAqOyImZ3Q7Jmx0Oy9pZnJhbWUmZ3Q7Jmx0Oy9kaXYmZ3Q7Jmx0Oy9kaXYmZ3Q7Jmx0O2RpdiBjbGFzcz0ibWVkaXVtLWluc2VydC1lbWJlZHMtbWV0YSImZ3Q7Jmx0O3NjcmlwdCB0eXBlPSJ0ZXh0L2pzb24iJmd0O3sidXJsIjoiaHR0cHM6Ly9nZW8uZGFpbHltb3Rpb24uY29tL3BsYXllci94dDVlZS5odG1sP3ZpZGVvPXg5cGhvczYiLCJ0eXBlIjoidmlkZW8iLCJ2ZXJzaW9uIjoiMS4wIiwidGl0bGUiOiJNb21lbnRvIGVuIHF1ZSB1biBzZWd1bmRvIGF0YXF1ZSBnb2xwZcOzIGVsIGhvc3BpdGFsIE5hc3NlciBlbiBLaGFuIFlvdW5pcyIsImF1dGhvciI6IlDDoWdpbmExMiIsImF1dGhvcl91cmwiOiJodHRwczovL3d3dy5kYWlseW1vdGlvbi5jb20vUGFnaW5hMTIiLCJwcm92aWRlcl9uYW1lIjoiRGFpbHltb3Rpb24iLCJkZXNjcmlwdGlvbiI6IlZlciBNb21lbnRvIGVuIHF1ZSB1biBzZWd1bmRvIGF0YXF1ZSBnb2xwZcOzIGVsIGhvc3BpdGFsIE5hc3NlciBlbiBLaGFuIFlvdW5pcyAtIFDDoWdpbmExMiBlbiBEYWlseW1vdGlvbiIsInRodW1ibmFpbF91cmwiOiJodHRwczovL3MyLmRtY2RuLm5ldC92L1lfSElzMWVoVlFLRkdjcmlsL3g3MjAiLCJ0aHVtYm5haWxfd2lkdGgiOjEyODAsInRodW1ibmFpbF9oZWlnaHQiOjcyMCwiY2FjaGVfYWdlIjo4NjQwMH0mbHQ7L3NjcmlwdCZndDsmbHQ7L2RpdiZndDs=\">\n                <a data-iframely-url=\"\" href=\"https:\/\/geo.dailymotion.com\/player\/xt5ee.html?video=x9phos6\">https:\/\/geo.dailymotion.com\/player\/xt5ee.html?video=x9phos6<\/a>\n              <\/div>\n<h2>\u00abDoble golpe\u00bb al hospital<\/h2>\n<p>Las fuerzas israel\u00edes bombardearon primero el hospital Nasser, y cuando periodistas y rescatistas llegaron hasta all\u00ed para ayudar a las v\u00edctimas y documentar lo sucedido, lo atacaron de nuevo. Esa t\u00e9cnica, conocida como \u00abdoble golpe\u00bb, es ilegal seg\u00fan el derecho internacional, ya que busca causar v\u00edctimas entre el personal civil que acude a evacuar y rescatar a las posibles v\u00edctimas de un primer bombardeo.<\/p>\n<p>Antes de conocerse este ataque, el Comit\u00e9 para la Protecci\u00f3n de los Periodistas (CPJ) y Reporteros sin Fronteras (RSF) ya hab\u00edan denunciado cerca de 200 muertes de periodistas desde el inicio del conflicto. Las autoridades gazat\u00edes, sin embargo, denuncian que <b>fueron asesinados 245 trabajadores de prensa e \u00abinfluencers\u00bb desde el 7 de octubre de 2023.<\/b><\/p>\n<p>Seg\u00fan el portavoz de la Defensa Civil gazat\u00ed, <b>Mahmud Basal<\/b>,\u00a0<b>el primer ataque fue efectuado con un dron explosivo y el segundo ocurri\u00f3 durante la evacuaci\u00f3n de heridos. <\/b>Reuters se\u00f1al\u00f3 que uno de sus reporteros estaba transmitiendo en vivo cuando ocurri\u00f3 el primer impacto y la se\u00f1al se cort\u00f3 abruptamente. Im\u00e1genes posteriores al primer bombardeo, captadas por la agencia AFP, muestran humo y escombros frente al hospital, mientras que los periodistas, entre otras\u00a0personas presentes en el lugar, ayudaron a heridos y trasladaron cuerpos mutilados, minutos antes de la segunda detonaci\u00f3n.<\/p>\n<p>El segundo ataque, transmitido en directo por la cadena egipcia Al Ghad, muestra a cinco personas, entre ellas periodistas y trabajadores de rescate, en el \u00faltimo piso de la escalera justo antes de ser alcanzadas por el segundo impacto.<b> En el lugar qued\u00f3 la c\u00e1mara ensangrentada de Mariam Abu Daqqa, fotorreportera de 33 a\u00f1os que colaboraba con AP<i>\u00a0<\/i>desde el inicio de la guerra.\u00a0<\/b>Una multitud despidi\u00f3 entre l\u00e1grimas a los periodistas fallecidos, cubiertos por mortajas blancas y con sus chalecos antibalas.<\/p>\n<p><b>Al Jazeera<\/b> confirm\u00f3 tambi\u00e9n la muerte de su camar\u00f3grafo Mohamed Salama. La cadena <b>record\u00f3 que hace dos semanas otros seis de sus colaboradores murieron en un ataque israel\u00ed<\/b>, tras ser acusados de supuestos v\u00ednculos con Hamas. En un comunicado, Al Jazeera conden\u00f3 \u00aben los t\u00e9rminos m\u00e1s en\u00e9rgicos este horrible crimen cometido por las fuerzas de ocupaci\u00f3n israel\u00edes\u00bb.<\/p>\n<div class=\"iframely-embed medium-embedded-content\" data-html=\"Jmx0O2RpdiZndDsmbHQ7ZGl2IHN0eWxlPSJsZWZ0OiAwOyB3aWR0aDogMTAwJTsgaGVpZ2h0OiAwOyBwb3NpdGlvbjogcmVsYXRpdmU7IHBhZGRpbmctYm90dG9tOiA1Ni4wNDE3JTsiJmd0OyZsdDtpZnJhbWUgc3JjPSJodHRwczovL2lmcmFtZWx5LnBhZ2luYTEyLmNvbS5hci9hcGkvaWZyYW1lP2NsaWNrX3RvX3BsYXk9MSZhbXA7dXJsPWh0dHBzJTNBJTJGJTJGZ2VvLmRhaWx5bW90aW9uLmNvbSUyRnBsYXllciUyRnh0NWVlLmh0bWwlM0Z2aWRlbyUzRHg5cGhvb28mYW1wO2tleT00Njc2YjVmZGMwODMyNTdlYTg3ZjcxNjA4Yzc0ZTlmZSIgc3R5bGU9InRvcDogMDsgbGVmdDogMDsgd2lkdGg6IDEwMCU7IGhlaWdodDogMTAwJTsgcG9zaXRpb246IGFic29sdXRlOyBib3JkZXI6IDA7IiBhbGxvd2Z1bGxzY3JlZW4gc2Nyb2xsaW5nPSJubyIgYWxsb3c9ImVuY3J5cHRlZC1tZWRpYSAqOyImZ3Q7Jmx0Oy9pZnJhbWUmZ3Q7Jmx0Oy9kaXYmZ3Q7Jmx0Oy9kaXYmZ3Q7Jmx0O2RpdiBjbGFzcz0ibWVkaXVtLWluc2VydC1lbWJlZHMtbWV0YSImZ3Q7Jmx0O3NjcmlwdCB0eXBlPSJ0ZXh0L2pzb24iJmd0O3sidXJsIjoiaHR0cHM6Ly9nZW8uZGFpbHltb3Rpb24uY29tL3BsYXllci94dDVlZS5odG1sP3ZpZGVvPXg5cGhvb28iLCJ0eXBlIjoidmlkZW8iLCJ2ZXJzaW9uIjoiMS4wIiwidGl0bGUiOiJHYXphIGxsb3JhIGVsIGFzZXNpbmF0byBkZSBwZXJpb2Rpc3RhczogTGFzIGPDoW1hcmFzIGFsY2FuemFkYXMgcG9yIGxhcyBib21iYXMgbm8gc2UgYXBhZ2Fyw6FuIiwiYXV0aG9yIjoiUMOhZ2luYTEyIiwiYXV0aG9yX3VybCI6Imh0dHBzOi8vd3d3LmRhaWx5bW90aW9uLmNvbS9QYWdpbmExMiIsInByb3ZpZGVyX25hbWUiOiJEYWlseW1vdGlvbiIsImRlc2NyaXB0aW9uIjoiTG9zIGNhZMOhdmVyZXMgZGUgbG9zIGNpbmNvIHBlcmlvZGlzdGFzIGFzZXNpbmFkb3MgZXN0ZSBsdW5lcyBlbiBlbCBib21iYXJkZW8gaXNyYWVsw60gY29udHJhIGVsIEhvc3BpdGFsIE5hc3NlciwgZW4gZWwgc3VyIGRlIEdhemEsIGZ1ZXJvbiB0cmFzbGFkYWRvcyBhbCBjZW1lbnRlcmlvIHBvciB1bmEgbXVsdGl0dWQgZGUgZ2F6YXTDrWVzLCBxdWUgcmVjbGFtYW4gcXVlIHNlIGRlamVuIGRlIGFzZXNpbmFyIGEgcXVpZW5lcyBkb2N1bWVudGFuIGVsIGNvbmZsaWN0byBxdWUgdml2ZSBlbCBlbmNsYXZlLiIsInRodW1ibmFpbF91cmwiOiJodHRwczovL3MxLmRtY2RuLm5ldC92L1lfSEd1MWVoVk9mcFBkSGdfL3g3MjAiLCJ0aHVtYm5haWxfd2lkdGgiOjEyODAsInRodW1ibmFpbF9oZWlnaHQiOjcyMCwiY2FjaGVfYWdlIjo4NjQwMH0mbHQ7L3NjcmlwdCZndDsmbHQ7L2RpdiZndDs=\">\n                <a data-iframely-url=\"\" href=\"https:\/\/geo.dailymotion.com\/player\/xt5ee.html?video=x9phooo\">https:\/\/geo.dailymotion.com\/player\/xt5ee.html?video=x9phooo<\/a>\n              <\/div>\n<p><span>Un \u00abtr\u00e1gico accidente\u00bb<\/span><\/p>\n<p>Tras no dar explicaciones sobre el hecho inicialmente, <b>el ej\u00e9rcito israel\u00ed reiter\u00f3 que no tiene como objetivo a periodistas y que busca minimizar da\u00f1os a civiles<\/b>. Afirm\u00f3 haber iniciado una investigaci\u00f3n sobre el ataque, pero a\u00fan no ofreci\u00f3 una explicaci\u00f3n detallada.<b> El diario israel\u00ed\u00a0<\/b><i><b>Haaretz<\/b><\/i><b> se\u00f1al\u00f3 que el objetivo podr\u00eda haber sido una c\u00e1mara que se sospechaba era usada para monitorear movimientos militares<\/b>. Sin embargo, citando a altos mandos, el medio indic\u00f3 que la zona est\u00e1 llena de c\u00e1maras y no est\u00e1 claro qui\u00e9n orden\u00f3 el ataque.<\/p>\n<p>El primer ministro israel\u00ed, <b>Benjamin Netanyahu<\/b>, <b>expres\u00f3 sus condolencias por el \u00abtr\u00e1gico accidente\u00bb<\/b> <b>y prometi\u00f3 una \u00abinvestigaci\u00f3n exhaustiva\u00bb del hecho. <\/b>\u00abIsrael valora el trabajo de los periodistas, el personal m\u00e9dico y todos los civiles. Las autoridades militares est\u00e1n llevando a cabo una investigaci\u00f3n exhaustiva. Nuestra guerra es contra los terroristas de Hamas. Nuestros justos objetivos son derrotar a Hamas y traer a nuestros rehenes a casa\u00bb, insisti\u00f3 en un mensaje en su perfil de X.<\/p>\n<div class=\"iframely-embed medium-embedded-content\" data-html=\"Jmx0O2Jsb2NrcXVvdGUgY2xhc3M9InR3aXR0ZXItdHdlZXQiIGRhdGEtZG50PSJ0cnVlIiBhbGlnbj0iY2VudGVyIiZndDsmbHQ7cCBsYW5nPSJlbiIgZGlyPSJsdHIiJmd0O0lzcmFlbCBkZWVwbHkgcmVncmV0cyB0aGUgdHJhZ2ljIG1pc2hhcCB0aGF0IG9jY3VycmVkIHRvZGF5IGF0IHRoZSBOYXNzZXIgSG9zcGl0YWwgaW4gR2F6YS4gJmx0O2JyJmd0OyZsdDticiZndDtJc3JhZWwgdmFsdWVzIHRoZSB3b3JrIG9mIGpvdXJuYWxpc3RzLCBtZWRpY2FsIHN0YWZmLCBhbmQgYWxsIGNpdmlsaWFucy4gVGhlIG1pbGl0YXJ5IGF1dGhvcml0aWVzIGFyZSBjb25kdWN0aW5nIGEgdGhvcm91Z2ggaW52ZXN0aWdhdGlvbi4mbHQ7YnImZ3Q7Jmx0O2JyJmd0O091ciB3YXIgaXMgd2l0aCBIYW1hcyB0ZXJyb3Jpc3RzLiBPdXIganVzdOKApiZsdDsvcCZndDsmYW1wO21kYXNoOyBCZW5qYW1pbiBOZXRhbnlhaHUgLSDXkdeg15nXnteZ158g16DXqteg15nXlNeVIChAbmV0YW55YWh1KSAmbHQ7YSBocmVmPSJodHRwczovL3R3aXR0ZXIuY29tL25ldGFueWFodS9zdGF0dXMvMTk2MDAzMDE4NzkzMzgzNTYwND9yZWZfc3JjPXR3c3JjJTVFdGZ3IiZndDtBdWd1c3QgMjUsIDIwMjUmbHQ7L2EmZ3Q7Jmx0Oy9ibG9ja3F1b3RlJmd0OwombHQ7c2NyaXB0IGFzeW5jIHNyYz0iaHR0cHM6Ly9wbGF0Zm9ybS50d2l0dGVyLmNvbS93aWRnZXRzLmpzIiBjaGFyc2V0PSJ1dGYtOCImZ3Q7Jmx0Oy9zY3JpcHQmZ3Q7CgombHQ7ZGl2IGNsYXNzPSJtZWRpdW0taW5zZXJ0LWVtYmVkcy1tZXRhIiZndDsmbHQ7c2NyaXB0IHR5cGU9InRleHQvanNvbiImZ3Q7eyJ1cmwiOiJodHRwczovL3R3aXR0ZXIuY29tL25ldGFueWFodS9zdGF0dXMvMTk2MDAzMDE4NzkzMzgzNTYwNCIsInR5cGUiOiJyaWNoIiwidmVyc2lvbiI6IjEuMCIsInRpdGxlIjoiQmVuamFtaW4gTmV0YW55YWh1IC0g15HXoNeZ157XmdefINeg16rXoNeZ15TXlSBvbiBUd2l0dGVyIC8gWCIsImF1dGhvciI6IkJlbmphbWluIE5ldGFueWFodSAtINeR16DXmdee15nXnyDXoNeq16DXmdeU15UiLCJhdXRob3JfdXJsIjoiaHR0cHM6Ly90d2l0dGVyLmNvbS9uZXRhbnlhaHUiLCJwcm92aWRlcl9uYW1lIjoiVHdpdHRlciIsImRlc2NyaXB0aW9uIjoiSXNyYWVsIGRlZXBseSByZWdyZXRzIHRoZSB0cmFnaWMgbWlzaGFwIHRoYXQgb2NjdXJyZWQgdG9kYXkgYXQgdGhlIE5hc3NlciBIb3NwaXRhbCBpbiBHYXphLiBJc3JhZWwgdmFsdWVzIHRoZSB3b3JrIG9mIGpvdXJuYWxpc3RzLCBtZWRpY2FsIHN0YWZmLCBhbmQgYWxsIGNpdmlsaWFucy4gVGhlIG1pbGl0YXJ5IGF1dGhvcml0aWVzIGFyZSBjb25kdWN0aW5nIGEgdGhvcm91Z2ggaW52ZXN0aWdhdGlvbi5PdXIgd2FyIGlzIHdpdGggSGFtYXMgdGVycm9yaXN0cy4gT3VyIGp1c3TigKbigJQgQmVuamFtaW4gTmV0YW55YWh1IC0g15HXoNeZ157XmdefINeg16rXoNeZ15TXlSAoQG5ldGFueWFodSkgQXVndXN0IDI1LCAyMDI1XG5cblxuIiwiY2FjaGVfYWdlIjo4NjQwMCwib3B0aW9ucyI6eyJfdGhlbWUiOnsidmFsdWUiOiIiLCJ2YWx1ZXMiOnsiZGFyayI6IlVzZSBkYXJrIHRoZW1lIn19LCJfbWF4d2lkdGgiOnsidmFsdWUiOiIiLCJsYWJlbCI6IkFkanVzdCB3aWR0aCIsInBsYWNlaG9sZGVyIjoiMjIwLTU1MCwgaW4gcHgifX19Jmx0Oy9zY3JpcHQmZ3Q7Jmx0Oy9kaXYmZ3Q7\">\n                <a data-iframely-url=\"\" href=\"https:\/\/twitter.com\/netanyahu\/status\/1960030187933835604\">https:\/\/twitter.com\/netanyahu\/status\/1960030187933835604<\/a>\n              <\/div>\n<h2>\u00abViolaci\u00f3n flagrante del derecho internacional\u00bb<\/h2>\n<p>El ataque al hospital provoc\u00f3 una fuerte ola de condenas internacionales, desde ONGs hasta distintos gobiernos. El ministro de Exteriores brit\u00e1nico, <b>David Lammy<\/b>, <b>se dijo \u00abhorrorizado\u00bb y pidi\u00f3 un alto el fuego inmediato.<\/b> En el mismo sentido se expres\u00f3 el gobierno de Espa\u00f1a, que calific\u00f3 el ataque como una \u00abviolaci\u00f3n inaceptable del derecho internacional humanitario\u00bb. El presidente franc\u00e9s, <b>Emmanuel Macron<\/b>, lo <b>calific\u00f3 como \u00abintolerable\u00bb\u00a0<\/b>y exigi\u00f3 a Israel respetar el derecho internacional.<\/p>\n<p><b>M\u00e9dicos Sin Fronteras (MSF)<\/b>, para la que colaboraba Abu Daqqa, expres\u00f3 su indignaci\u00f3n por el \u00abhorrendo ataque\u00bb y denunci\u00f3 la continuidad de las agresiones contra profesionales de salud y prensa. \u00abDurante los \u00faltimos 22 meses, hemos visto c\u00f3mo las fuerzas israel\u00edes han arrasado centros de salud, silenciado a periodistas y sepultado a trabajadores sanitarios bajo los escombros. Mientras Israel sigue ignorando el derecho internacional, <strong>los \u00fanicos testigos de su campa\u00f1a genocida est\u00e1n siendo atacados deliberadamente<\/strong>\u00ab, apunt\u00f3 el coordinador de Emergencias de MSF en Gaza, <b>Jerome Grimaud<\/b>.<\/p>\n<p>Tambi\u00e9n se pronunciaron <b>Reporteros sin Fronteras<\/b> (RSF), que exigi\u00f3 una <b>reuni\u00f3n urgente del Consejo de Seguridad de la ONU<\/b> y el <b>fin de la impunidad<\/b> por cr\u00edmenes contra periodistas, \u00abponer fin a la impunidad de los cr\u00edmenes contra los periodistas, proteger a los periodistas palestinos y abrir el acceso al enclave a todos los reporteros\u00bb. <b>Ravina Shamdasani<\/b>, vocera del Alto Comisionado de Derechos Humanos de la ONU, record\u00f3 que <b>\u00ablos periodistas y los hospitales no son objetivos militares\u00bb.<\/b><\/p>\n<p>Por su parte el secretario general de la ONU, <b>Ant\u00f3nio Guterres, pidi\u00f3 una \u00abinvestigaci\u00f3n r\u00e1pida e imparcial\u00bb<\/b>\u00a0y coincidi\u00f3 en subrayar que tanto periodistas como personal m\u00e9dico deben ser respetados y protegidos en todo momento. El presidente del Estado Palestino,\u00a0<b>Mahmud <\/b><b>Abbas<\/b>, denunci\u00f3 que este doble bombardeo se trat\u00f3 de <b>una \u00abviolaci\u00f3n flagrante del derecho internacional\u00bb <\/b>y pidi\u00f3 la intervenci\u00f3n urgente del Consejo de Seguridad de la ONU para proteger a los periodistas gazat\u00edes.<\/p>\n<h2>Se re\u00fane el gabinete de seguridad israel\u00ed<\/h2>\n<p>El gabinete de seguridad israel\u00ed se reunir\u00e1 el martes por la noche en Jerusal\u00e9n, y seg\u00fan medios locales se abordar\u00e1 una eventual reanudaci\u00f3n de las negociaciones con miras a una tregua en Gaza. Interrogado por AFP, el vocero de Netanyahu, Omer Mantzour, no precis\u00f3 los temas de la reuni\u00f3n. <b>El gabinete de seguridad<\/b>, bajo la presidencia de Netanyahu, <b>aprob\u00f3 a principios de agosto un plan para tomar el control de la ciudad de Gaza as\u00ed como de la seguridad de todo el territorio palestino<\/b>, con el objetivo de aniquilar a Ham\u00e1s y liberar a los rehenes.<\/p>\n<p>El ej\u00e9rcito israel\u00ed prepara una ofensiva ya anunciada en la ciudad de Gaza. Pero Netanyahu orden\u00f3 el jueves pasado la apertura de negociaciones para liberar a \u00abtodos\u00bb los rehenes en Gaza, en respuesta a una nueva proposici\u00f3n de tregua de los mediadores aceptada por Hamas. Netanyahu no cit\u00f3 expl\u00edcitamente la proposici\u00f3n de los mediadores (Egipto, Qatar y Estados Unidos) con miras a un cese el fuego de 60 d\u00edas asociado a una liberaci\u00f3n de los rehenes.<\/p>\n<p><b>El Foro de las Familias de Rehenes<\/b>, principal organizaci\u00f3n israel\u00ed que congrega a allegados de los cautivos en Gaza, <b>pidi\u00f3 una jornada de movilizaci\u00f3n nacional el martes al margen de la reuni\u00f3n del gabinete de seguridad<\/b>. \u00abUna mayor\u00eda absoluta del pueblo israel\u00ed desea el retorno de nuestros familiares a la casa. El aplazamiento deliberado de la firma de un acuerdo para su liberaci\u00f3n va en contra de la voluntad del pueblo y de nuestros valores fundamentales: la responsabilidad mutua y la solidaridad\u00bb, afirm\u00f3 un comunicado del Foro.<\/p>\n<p><!-- Live Blog Post --><\/div>\n<p><script async src=\"\/\/platform.twitter.com\/widgets.js\" charset=\"utf-8\"><\/script><br \/><a href=\"https:\/\/www.pagina12.com.ar\/852377-un-doble-ataque-israeli-contra-un-hospital-en-gaza-deja-al-m\">source<\/a><\/p>\n","protected":false},"excerpt":{"rendered":"<p>Cinco\u00a0periodistas, entre ellos colaboradores de la cadena qatar\u00ed Al Jazeera y las agencias internacionales\u00a0Reuters y&#8230;<\/p>\n","protected":false},"author":0,"featured_media":199773,"comment_status":"open","ping_status":"open","sticky":false,"template":"","format":"standard","meta":{"footnotes":""},"categories":[60],"tags":[],"class_list":["post-199772","post","type-post","status-publish","format-standard","has-post-thumbnail","hentry","category-internacional"],"featured_image_urls":{"full":["https:\/\/radiofenix.com.ar\/2023\/wp-content\/uploads\/2025\/08\/wp-header-logo-156.png",960,540,false],"thumbnail":["https:\/\/radiofenix.com.ar\/2023\/wp-content\/uploads\/2025\/08\/wp-header-logo-156-150x150.png",150,150,true],"medium":["https:\/\/radiofenix.com.ar\/2023\/wp-content\/uploads\/2025\/08\/wp-header-logo-156-300x169.png",300,169,true],"medium_large":["https:\/\/radiofenix.com.ar\/2023\/wp-content\/uploads\/2025\/08\/wp-header-logo-156-768x432.png",640,360,true],"large":["https:\/\/radiofenix.com.ar\/2023\/wp-content\/uploads\/2025\/08\/wp-header-logo-156.png",640,360,false],"1536x1536":["https:\/\/radiofenix.com.ar\/2023\/wp-content\/uploads\/2025\/08\/wp-header-logo-156.png",960,540,false],"2048x2048":["https:\/\/radiofenix.com.ar\/2023\/wp-content\/uploads\/2025\/08\/wp-header-logo-156.png",960,540,false],"newsium-slider-full":["https:\/\/radiofenix.com.ar\/2023\/wp-content\/uploads\/2025\/08\/wp-header-logo-156.png",960,540,false],"newsium-featured":["https:\/\/radiofenix.com.ar\/2023\/wp-content\/uploads\/2025\/08\/wp-header-logo-156.png",960,540,false],"newsium-medium":["https:\/\/radiofenix.com.ar\/2023\/wp-content\/uploads\/2025\/08\/wp-header-logo-156-720x475.png",720,475,true]},"author_info":{"info":[""]},"category_info":"<a href=\"https:\/\/radiofenix.com.ar\/2023\/category\/internacional\/\" rel=\"category tag\">Internacional<\/a>","tag_info":"Internacional","comment_count":"0","_links":{"self":[{"href":"https:\/\/radiofenix.com.ar\/2023\/wp-json\/wp\/v2\/posts\/199772","targetHints":{"allow":["GET"]}}],"collection":[{"href":"https:\/\/radiofenix.com.ar\/2023\/wp-json\/wp\/v2\/posts"}],"about":[{"href":"https:\/\/radiofenix.com.ar\/2023\/wp-json\/wp\/v2\/types\/post"}],"replies":[{"embeddable":true,"href":"https:\/\/radiofenix.com.ar\/2023\/wp-json\/wp\/v2\/comments?post=199772"}],"version-history":[{"count":0,"href":"https:\/\/radiofenix.com.ar\/2023\/wp-json\/wp\/v2\/posts\/199772\/revisions"}],"wp:featuredmedia":[{"embeddable":true,"href":"https:\/\/radiofenix.com.ar\/2023\/wp-json\/wp\/v2\/media\/199773"}],"wp:attachment":[{"href":"https:\/\/radiofenix.com.ar\/2023\/wp-json\/wp\/v2\/media?parent=199772"}],"wp:term":[{"taxonomy":"category","embeddable":true,"href":"https:\/\/radiofenix.com.ar\/2023\/wp-json\/wp\/v2\/categories?post=199772"},{"taxonomy":"post_tag","embeddable":true,"href":"https:\/\/radiofenix.com.ar\/2023\/wp-json\/wp\/v2\/tags?post=199772"}],"curies":[{"name":"wp","href":"https:\/\/api.w.org\/{rel}","templated":true}]}}