{"id":199774,"date":"2025-08-27T08:57:23","date_gmt":"2025-08-27T08:57:23","guid":{"rendered":"https:\/\/radiofenix.com.ar\/2023\/guillermo-francos-vuelve-este-miercoles-a-la-camara-de-diputados-para-dar-su-informe-de-gestion\/"},"modified":"2025-08-27T08:57:23","modified_gmt":"2025-08-27T08:57:23","slug":"guillermo-francos-vuelve-este-miercoles-a-la-camara-de-diputados-para-dar-su-informe-de-gestion","status":"publish","type":"post","link":"https:\/\/radiofenix.com.ar\/2023\/guillermo-francos-vuelve-este-miercoles-a-la-camara-de-diputados-para-dar-su-informe-de-gestion\/","title":{"rendered":"Guillermo Francos vuelve este mi\u00e9rcoles a la C\u00e1mara de Diputados para dar su informe de gesti\u00f3n"},"content":{"rendered":"<div id=\"\">\n<div contenteditable=\"false\" class=\"embed_cont type_imagen\" id=\"8063569-Libre-1752770196_wrap\">\n<p>francos congreso <span onclick=\"parent.parent.TinyMCETdcuerpo.preview_embed('8063569-Libre-1752770196')\" class=\"embed_colapse less\" id=\"8063569-Libre-1752770196_colapse\"\/>  <span onclick=\"parent.parent.TinyMCETdcuerpo.delete_embed('8063569-Libre-1752770196')\" class=\"embed_delete less\" id=\"8063569-Libre-1752770196_delete\"\/><\/p>\n<div id=\"8063569-Libre-1752770196_content\" class=\"embed_content\"><img loading=\"lazy\" decoding=\"async\" src=\"https:\/\/media.minutouno.com\/p\/b46b8a1b3fbfd0df97fae1cddbbe7d4e\/adjuntos\/150\/imagenes\/042\/350\/0042350571\/francos-congreso.jpg\" alt=\"\" title=\"\" width=\"610\" height=\"456\" id=\"8063569-Libre-1752770196_embed\"\/><\/div>\n<p>Mariano Fuchila<\/p>\n<\/div>\n<p> El<strong> bloque que m\u00e1s preguntas emiti\u00f3 fue Uni\u00f3n por la Patria, con 787 planteos<\/strong>, que fue se\u00f1alado por el presidente Javier Milei como \u00ab<a href=\"https:\/\/www.minutouno.com\/politica\/para-javier-milei-tenemos-un-congreso-secuestrado-el-kirchnerismo-n6181214\" target=\"_blank\" rel=\"follow\" data-bcup-haslogintext=\"no\">secuestradores del Congreso<\/a>\u00bb y culpables de tener \u00abuna sola agenda legislativa: quebrar al Estado nacional\u00bb.<\/p>\n<p>Desde <strong>la Uni\u00f3n C\u00edvica Radical (UCR) prepararon 95 preguntas para Guillermo Francos<\/strong>, mientras que la fuerza Democracia para Siempre hizo 88 consultas y Encuentro Federal, 82.<\/p>\n<p>En principio, desde la Jefatura de Gabinete confirmaron que el Informe de Gesti\u00f3n N\u00b0144 \u00ab<strong>brindar\u00e1 detalles sobre el curso de las medidas de gobierno y despu\u00e9s se abocar\u00e1 a responder las preguntas formuladas por los diputados all\u00ed presentes<\/strong>\u00ab, seg\u00fan reprodujo el sitio <em>Infobae.<\/em><\/p>\n<p> Pero se prev\u00e9 que la visita de Guillermo Francos sea una oportunidad para ahondar en el tema que se trat\u00f3 en la \u00faltima sesi\u00f3n de la C\u00e1mara baja, en la que el diputado Esteban Paul\u00f3n present\u00f3 un proyecto para que la hermana del Presidente y el ahora extitular de ANDIS, Diego Spagnuolo, acudan al recinto a contestar preguntas sobre el tema.<\/p>\n<p>De hecho,<strong> tanto el ministro de Salud, Mario Lugones, como el ahora interventor de ANDIS, Alejandro Vilches, estaban citados para ese prop\u00f3sito en un plenario de las comisiones de Acci\u00f3n Social y Salud P\u00fablica y Discapacidad que se realiz\u00f3 el lunes de esta semana en el Congreso, pero ninguno de los dos acudi\u00f3<\/strong>.<\/p>\n<p>En vez, durante la jornada <a href=\"https:\/\/www.minutouno.com\/politica\/martin-menem-rompio-el-silencio-que-dijo-la-denuncia-que-lo-involucra-coimas-n6181976\" target=\"_blank\" rel=\"follow\" data-bcup-haslogintext=\"no\">rompieron el silencio<\/a> Mart\u00edn Menem, titular de la C\u00e1mara de Diputados, y su primo Eduardo \u00abLule\u00bb Menem, asesor del oficialismo en el Congreso, ambos se\u00f1alados en el supuesto cobro de coimas.<\/p>\n<p>Adem\u00e1s est\u00e1n planteadas las preguntas sobre temas de Econom\u00eda, Hacienda y Finanzas; Presupuesto y Financiamiento P\u00fablico; Obras P\u00fablicas; Privatizaciones y concesiones; Energ\u00eda; Agricultura, Ganader\u00eda y Pesca; Salud P\u00fablica; Seguridad Social y Previsi\u00f3n; Educaci\u00f3n y Universidades; Seguridad y Defensa; Desregulaci\u00f3n y Transformaci\u00f3n del Estado; Derechos Humanos y Justicia; Cultura y Medios p\u00fablicos; Relaciones internacionales.<\/p>\n<div contenteditable=\"false\" class=\"embed_cont type_freetext\" rel=\"freetext\" id=\"embed47_wrap\">\n<p>Embed <span onclick=\"parent.parent.TinyMCETdcuerpo.preview_embed('embed47')\" class=\"embed_colapse less\" id=\"embed47_colapse\"\/>  <span onclick=\"parent.parent.TinyMCETdcuerpo.delete_embed('embed47')\" class=\"embed_delete less\" id=\"embed47_delete\"\/><\/p>\n<div id=\"embed47_content\" class=\"embed_content\">\n<div id=\"embed47_embed\">\n<figure class=\"figure\"><a href=\"https:\/\/t.me\/minutounocom\" target=\"_blank\"><img decoding=\"async\" src=\"https:\/\/media.minutouno.com\/adjuntos\/150\/banners\/039\/099\/0039099175.jpg\" class=\"figure-img img-fluid\" style=\"width:100%;height:auto;\"\/><\/a><\/figure>\n<\/p><\/div>\n<\/div><\/div>\n<\/div>\n<p><a href=\"https:\/\/www.minutouno.com\/politica\/guillermo-francos-vuelve-este-miercoles-la-camara-diputados-dar-su-informe-gestion-n6182985\">source<\/a><\/p>\n","protected":false},"excerpt":{"rendered":"<p>francos congreso Mariano Fuchila El bloque que m\u00e1s preguntas emiti\u00f3 fue Uni\u00f3n por la Patria,&#8230;<\/p>\n","protected":false},"author":0,"featured_media":199775,"comment_status":"open","ping_status":"open","sticky":false,"template":"","format":"standard","meta":{"footnotes":""},"categories":[2],"tags":[],"class_list":["post-199774","post","type-post","status-publish","format-standard","has-post-thumbnail","hentry","category-politica"],"featured_image_urls":{"full":["https:\/\/radiofenix.com.ar\/2023\/wp-content\/uploads\/2025\/08\/wp-header-logo-157.png",610,456,false],"thumbnail":["https:\/\/radiofenix.com.ar\/2023\/wp-content\/uploads\/2025\/08\/wp-header-logo-157-150x150.png",150,150,true],"medium":["https:\/\/radiofenix.com.ar\/2023\/wp-content\/uploads\/2025\/08\/wp-header-logo-157-300x224.png",300,224,true],"medium_large":["https:\/\/radiofenix.com.ar\/2023\/wp-content\/uploads\/2025\/08\/wp-header-logo-157.png",610,456,false],"large":["https:\/\/radiofenix.com.ar\/2023\/wp-content\/uploads\/2025\/08\/wp-header-logo-157.png",610,456,false],"1536x1536":["https:\/\/radiofenix.com.ar\/2023\/wp-content\/uploads\/2025\/08\/wp-header-logo-157.png",610,456,false],"2048x2048":["https:\/\/radiofenix.com.ar\/2023\/wp-content\/uploads\/2025\/08\/wp-header-logo-157.png",610,456,false],"newsium-slider-full":["https:\/\/radiofenix.com.ar\/2023\/wp-content\/uploads\/2025\/08\/wp-header-logo-157.png",610,456,false],"newsium-featured":["https:\/\/radiofenix.com.ar\/2023\/wp-content\/uploads\/2025\/08\/wp-header-logo-157.png",610,456,false],"newsium-medium":["https:\/\/radiofenix.com.ar\/2023\/wp-content\/uploads\/2025\/08\/wp-header-logo-157.png",610,456,false]},"author_info":{"info":[""]},"category_info":"<a href=\"https:\/\/radiofenix.com.ar\/2023\/category\/politica\/\" rel=\"category tag\">Pol\u00edtica<\/a>","tag_info":"Pol\u00edtica","comment_count":"0","_links":{"self":[{"href":"https:\/\/radiofenix.com.ar\/2023\/wp-json\/wp\/v2\/posts\/199774","targetHints":{"allow":["GET"]}}],"collection":[{"href":"https:\/\/radiofenix.com.ar\/2023\/wp-json\/wp\/v2\/posts"}],"about":[{"href":"https:\/\/radiofenix.com.ar\/2023\/wp-json\/wp\/v2\/types\/post"}],"replies":[{"embeddable":true,"href":"https:\/\/radiofenix.com.ar\/2023\/wp-json\/wp\/v2\/comments?post=199774"}],"version-history":[{"count":0,"href":"https:\/\/radiofenix.com.ar\/2023\/wp-json\/wp\/v2\/posts\/199774\/revisions"}],"wp:featuredmedia":[{"embeddable":true,"href":"https:\/\/radiofenix.com.ar\/2023\/wp-json\/wp\/v2\/media\/199775"}],"wp:attachment":[{"href":"https:\/\/radiofenix.com.ar\/2023\/wp-json\/wp\/v2\/media?parent=199774"}],"wp:term":[{"taxonomy":"category","embeddable":true,"href":"https:\/\/radiofenix.com.ar\/2023\/wp-json\/wp\/v2\/categories?post=199774"},{"taxonomy":"post_tag","embeddable":true,"href":"https:\/\/radiofenix.com.ar\/2023\/wp-json\/wp\/v2\/tags?post=199774"}],"curies":[{"name":"wp","href":"https:\/\/api.w.org\/{rel}","templated":true}]}}