{"id":199778,"date":"2025-08-28T08:57:25","date_gmt":"2025-08-28T08:57:25","guid":{"rendered":"https:\/\/radiofenix.com.ar\/2023\/mirgor-suspende-360-trabajadores\/"},"modified":"2025-08-28T08:57:25","modified_gmt":"2025-08-28T08:57:25","slug":"mirgor-suspende-360-trabajadores","status":"publish","type":"post","link":"https:\/\/radiofenix.com.ar\/2023\/mirgor-suspende-360-trabajadores\/","title":{"rendered":"Mirgor suspende 360 trabajadores"},"content":{"rendered":"<div><!-- Body --><\/p>\n<p>La empresa Mirgor, del empresario Nicol\u00e1s \u00abNicky\u00bb Caputo, decidi\u00f3 suspender a aproximadamente 360 trabajadores en sus plantas de Industria Austral de Tecnolog\u00eda (IATEC), Famar y Brightstar, ubicadas en la ciudad de R\u00edo Grande, Tierra del Fuego.\u00a0<\/p>\n<p>Seg\u00fan consignaron los medios provinciales, este plan de suspensiones, que se extender\u00e1 hasta diciembre, implica que los trabajadores bajo el r\u00e9gimen de Prestaci\u00f3n Permanente Discontinua (PPD) interrumpir\u00e1n sus tareas una semana al mes, aunque recibir\u00e1n el 50\u202fpor ciento del salario en car\u00e1cter no remunerativo. La decisi\u00f3n se tom\u00f3 en el marco de un acuerdo con los gremios, que prev\u00e9 preservar todos los empleos hasta fin de a\u00f1o.<\/p>\n<p>Las razones de las suspensiones son varias. Por un lado, hubo una fuerte ca\u00edda de ventas en el mercado interno. Por otro, el ingreso de importados que autoriz\u00f3 el Gobierno de Javier Milei puso a los que fabrican celulares en una situaci\u00f3n muy compleja.<\/p>\n<p>En mayo de este a\u00f1o, Jos\u00e9 Luis Alonso, CEO del Grupo Empresarial, hab\u00eda asegurado que no habr\u00eda despidos y que la producci\u00f3n de celulares no correr\u00eda riesgo. Por entonces, hab\u00eda confirmado la estabilidad de los trabajadores del grupo.  En igual sentido, a trav\u00e9s de una nota interna dirigida a los trabajadores del Grupo, Alonso afirm\u00f3 que \u201clos puestos de trabajo vinculados a la producci\u00f3n de celulares no est\u00e1n en riesgo\u201d, instando a la calma y destacando que, con esfuerzo, la empresa seguir\u00eda siendo competitiva incluso con el nuevo arancel del 8\u202fpor ciento, precisaron los medios fueguinos.\u00a0<\/p>\n<p><!-- Live Blog Post --><\/div>\n<p><a href=\"https:\/\/www.pagina12.com.ar\/852879-mirgor-suspende-360-trabajadores\">source<\/a><\/p>\n","protected":false},"excerpt":{"rendered":"<p>La empresa Mirgor, del empresario Nicol\u00e1s \u00abNicky\u00bb Caputo, decidi\u00f3 suspender a aproximadamente 360 trabajadores en&#8230;<\/p>\n","protected":false},"author":0,"featured_media":199779,"comment_status":"open","ping_status":"open","sticky":false,"template":"","format":"standard","meta":{"footnotes":""},"categories":[5],"tags":[],"class_list":["post-199778","post","type-post","status-publish","format-standard","has-post-thumbnail","hentry","category-economia"],"featured_image_urls":{"full":["https:\/\/radiofenix.com.ar\/2023\/wp-content\/uploads\/2025\/08\/wp-header-logo-159.png",960,540,false],"thumbnail":["https:\/\/radiofenix.com.ar\/2023\/wp-content\/uploads\/2025\/08\/wp-header-logo-159-150x150.png",150,150,true],"medium":["https:\/\/radiofenix.com.ar\/2023\/wp-content\/uploads\/2025\/08\/wp-header-logo-159-300x169.png",300,169,true],"medium_large":["https:\/\/radiofenix.com.ar\/2023\/wp-content\/uploads\/2025\/08\/wp-header-logo-159-768x432.png",640,360,true],"large":["https:\/\/radiofenix.com.ar\/2023\/wp-content\/uploads\/2025\/08\/wp-header-logo-159.png",640,360,false],"1536x1536":["https:\/\/radiofenix.com.ar\/2023\/wp-content\/uploads\/2025\/08\/wp-header-logo-159.png",960,540,false],"2048x2048":["https:\/\/radiofenix.com.ar\/2023\/wp-content\/uploads\/2025\/08\/wp-header-logo-159.png",960,540,false],"newsium-slider-full":["https:\/\/radiofenix.com.ar\/2023\/wp-content\/uploads\/2025\/08\/wp-header-logo-159.png",960,540,false],"newsium-featured":["https:\/\/radiofenix.com.ar\/2023\/wp-content\/uploads\/2025\/08\/wp-header-logo-159.png",960,540,false],"newsium-medium":["https:\/\/radiofenix.com.ar\/2023\/wp-content\/uploads\/2025\/08\/wp-header-logo-159-720x475.png",720,475,true]},"author_info":{"info":[""]},"category_info":"<a href=\"https:\/\/radiofenix.com.ar\/2023\/category\/economia\/\" rel=\"category tag\">Economia<\/a>","tag_info":"Economia","comment_count":"0","_links":{"self":[{"href":"https:\/\/radiofenix.com.ar\/2023\/wp-json\/wp\/v2\/posts\/199778","targetHints":{"allow":["GET"]}}],"collection":[{"href":"https:\/\/radiofenix.com.ar\/2023\/wp-json\/wp\/v2\/posts"}],"about":[{"href":"https:\/\/radiofenix.com.ar\/2023\/wp-json\/wp\/v2\/types\/post"}],"replies":[{"embeddable":true,"href":"https:\/\/radiofenix.com.ar\/2023\/wp-json\/wp\/v2\/comments?post=199778"}],"version-history":[{"count":0,"href":"https:\/\/radiofenix.com.ar\/2023\/wp-json\/wp\/v2\/posts\/199778\/revisions"}],"wp:featuredmedia":[{"embeddable":true,"href":"https:\/\/radiofenix.com.ar\/2023\/wp-json\/wp\/v2\/media\/199779"}],"wp:attachment":[{"href":"https:\/\/radiofenix.com.ar\/2023\/wp-json\/wp\/v2\/media?parent=199778"}],"wp:term":[{"taxonomy":"category","embeddable":true,"href":"https:\/\/radiofenix.com.ar\/2023\/wp-json\/wp\/v2\/categories?post=199778"},{"taxonomy":"post_tag","embeddable":true,"href":"https:\/\/radiofenix.com.ar\/2023\/wp-json\/wp\/v2\/tags?post=199778"}],"curies":[{"name":"wp","href":"https:\/\/api.w.org\/{rel}","templated":true}]}}