{"id":199780,"date":"2025-08-28T08:57:27","date_gmt":"2025-08-28T08:57:27","guid":{"rendered":"https:\/\/radiofenix.com.ar\/2023\/la-historia-del-jerarca-nazi-que-escondio-obras-robadas-en-mar-del-plata\/"},"modified":"2025-08-28T08:57:27","modified_gmt":"2025-08-28T08:57:27","slug":"la-historia-del-jerarca-nazi-que-escondio-obras-robadas-en-mar-del-plata","status":"publish","type":"post","link":"https:\/\/radiofenix.com.ar\/2023\/la-historia-del-jerarca-nazi-que-escondio-obras-robadas-en-mar-del-plata\/","title":{"rendered":"La historia del jerarca nazi que escondi\u00f3 obras robadas en Mar del Plata"},"content":{"rendered":"<div><!-- Body --><\/p>\n<p>El periodista neerland\u00e9s <b>Peter Schouten<\/b> viaj\u00f3 a <b>Mar del Plata<\/b> para intentar entrevistar a las hijas del jerarca nazi <b>Friedrich Gustav Kadgien<\/b>, con motivo del aniversario n\u00famero ochenta del final de la <b>Segunda Guerra Mundial<\/b>.\u00a0<\/p>\n<p>Encontr\u00f3 una direcci\u00f3n \u2013calle Padre Cardiel al 4100, en el barrio <b>Parque Luro<\/b>\u2013, toc\u00f3 la puerta del n\u00famero indicado, no tuvo respuesta, pero vio un cartel de venta en el patio delantero del chalet. Entr\u00f3 a la p\u00e1gina de internet de la inmobiliaria Robles Casas &amp; Campos, vio las fotos de la casa en venta y se encontr\u00f3 con una sorpresa: la imagen del cuadro <b>\u00abRetrato de una dama\u00bb<\/b>, del italiano <b>Giuseppe Ghislandi<\/b> (1655-1743), que perteneci\u00f3 al coleccionista jud\u00edo neerland\u00e9s <b>Jacques Goudstikker<\/b>, y que es buscado en Pa\u00edses Bajos desde 1945. Tras la publicaci\u00f3n de esta historia en el diario <b><i>Algemeen Dagblad <\/i><\/b>(AD), el fiscal Carlos Mart\u00ednez orden\u00f3 un allanamiento en la casa que se realiz\u00f3 el martes, pero la pintura ya no estaba.<\/p>\n<p>La requisa del chalet fue efectuada por personal de la <b>Divisi\u00f3n Unidad Operativa de Investigaciones Especiales Mar del Plata<\/b> y del <b>Departamento de Protecci\u00f3n del Patrimonio Cultural de Interpol<\/b>. El allanamiento dur\u00f3 unas tres horas: se secuestraron 25 estampas de colecciones alemanas y francesas de la d\u00e9cada de 1940, tel\u00e9fonos celulares, una carabina y un rev\u00f3lver calibre 32, seg\u00fan informaron fuentes judiciales. \u201cSi estamos hablando de que <b>en un entorno familiar hab\u00eda alguien que se apropi\u00f3 de obras de artes<\/b>, inventariar y preservar todo lo que se pueda es muy importante\u201d, se\u00f1alaron desde el entorno del fiscal a la prensa local. La causa recay\u00f3 en el Juzgado Federal de Garant\u00edas Nro. 2, a cargo de Santiago Inchausti.<\/p>\n<p>La <b>heredera <\/b>de la propiedad \u2013y del cuadro\u2013 es <b>Patricia Kadgien<\/b>, quien no fue acusada formalmente, aunque su abogado Carlos Murias dijo a la prensa que ella y su marido est\u00e1n a disposici\u00f3n de la justicia. Seg\u00fan public\u00f3 el diario neerland\u00e9s <i>AD<\/i>, <b>los herederos de Goudstikker buscan las obras robadas por el jerarca nazi<\/b> \u2013que muri\u00f3 en Argentina en 1978\u2013 desde hace d\u00e9cadas.\u00a0<\/p>\n<p>Los especialistas de la Agencia de Patrimonio Cultural de los Pa\u00edses Bajos est\u00e1n convencidos de que el cuadro que aparec\u00eda en la p\u00e1gina de la inmobiliaria es el original. En una entrevista con el canal ingl\u00e9s <i>BBC<\/i>, Schouten afirm\u00f3 que \u201c<b>ya tenemos pruebas de que el cuadro realmente estuvo colgado aqu\u00ed durante mucho tiempo<\/b>. Un investigador, por ejemplo, not\u00f3 diferencias de color en la pared, exactamente en el lugar donde estaba la obra. Mientras tanto, se colg\u00f3 all\u00ed un tapiz con dise\u00f1o de caballos, lo que por supuesto puede ser un intento de ocultarlo\u201d.<\/p>\n<p>Friedrich Kadgien era un experto en finanzas del <b>nacionalsocialismo<\/b>, miembro de las SS y mano derecha del criminal de guerra nazi, Hermann G\u00f6ring. Durante la Segunda Guerra dirigi\u00f3 un departamento que se ocupaba de la venta de acciones y valores expropiados por el r\u00e9gimen nazi a trav\u00e9s de bancos suizos. <b>Tras la derrota nazi en 1945, se escap\u00f3 primero a Suiza, luego a Brasil y finalmente a Argentina. <\/b><\/p>\n<p>Jacques Goudstikker era un coleccionista y comerciante de arte neerland\u00e9s y jud\u00edo, que se escap\u00f3 de Pa\u00edses Bajos cuando comenz\u00f3 la ocupaci\u00f3n nazi. Contaba con una enorme colecci\u00f3n de obras que inclu\u00eda cuadros de <b>Rembrandt <\/b>y de <b>Johannes Vermeer<\/b>, que qued\u00f3 en manos de los nazis. Muri\u00f3 en 1940 al caerse de la cubierta del barco en el que escapaba del nazismo con su esposa y su hijo.\u00a0<\/p>\n<p><b>Sus herederos ya recuperaron m\u00e1s de 200 obras<\/b>, pero contin\u00faan la pesquisa. \u00abMi b\u00fasqueda de las obras de arte de mi suegro comenz\u00f3 a finales de los a\u00f1os 1990 y no la he abandonado hasta el d\u00eda de hoy\u00bb, dijo su nuera Marei von Saher, de 81 a\u00f1os al diario AD. \u201cEl objetivo de mi familia es encontrar todas las obras de arte que han sido robadas\u201d, asegur\u00f3. Una de ellas, al menos hasta hace unos d\u00edas, estaba colgada en un chalet de Mar del Plata.<\/p>\n<p><!-- Live Blog Post --><\/div>\n<p><a href=\"https:\/\/www.pagina12.com.ar\/852936-la-historia-del-jerarca-nazi-que-escondio-obras-robadas-en-m\">source<\/a><\/p>\n","protected":false},"excerpt":{"rendered":"<p>El periodista neerland\u00e9s Peter Schouten viaj\u00f3 a Mar del Plata para intentar entrevistar a las&#8230;<\/p>\n","protected":false},"author":0,"featured_media":199781,"comment_status":"open","ping_status":"open","sticky":false,"template":"","format":"standard","meta":{"footnotes":""},"categories":[7],"tags":[],"class_list":["post-199780","post","type-post","status-publish","format-standard","has-post-thumbnail","hentry","category-sociedad"],"featured_image_urls":{"full":["https:\/\/radiofenix.com.ar\/2023\/wp-content\/uploads\/2025\/08\/wp-header-logo-160.png",960,540,false],"thumbnail":["https:\/\/radiofenix.com.ar\/2023\/wp-content\/uploads\/2025\/08\/wp-header-logo-160-150x150.png",150,150,true],"medium":["https:\/\/radiofenix.com.ar\/2023\/wp-content\/uploads\/2025\/08\/wp-header-logo-160-300x169.png",300,169,true],"medium_large":["https:\/\/radiofenix.com.ar\/2023\/wp-content\/uploads\/2025\/08\/wp-header-logo-160-768x432.png",640,360,true],"large":["https:\/\/radiofenix.com.ar\/2023\/wp-content\/uploads\/2025\/08\/wp-header-logo-160.png",640,360,false],"1536x1536":["https:\/\/radiofenix.com.ar\/2023\/wp-content\/uploads\/2025\/08\/wp-header-logo-160.png",960,540,false],"2048x2048":["https:\/\/radiofenix.com.ar\/2023\/wp-content\/uploads\/2025\/08\/wp-header-logo-160.png",960,540,false],"newsium-slider-full":["https:\/\/radiofenix.com.ar\/2023\/wp-content\/uploads\/2025\/08\/wp-header-logo-160.png",960,540,false],"newsium-featured":["https:\/\/radiofenix.com.ar\/2023\/wp-content\/uploads\/2025\/08\/wp-header-logo-160.png",960,540,false],"newsium-medium":["https:\/\/radiofenix.com.ar\/2023\/wp-content\/uploads\/2025\/08\/wp-header-logo-160-720x475.png",720,475,true]},"author_info":{"info":[""]},"category_info":"<a href=\"https:\/\/radiofenix.com.ar\/2023\/category\/sociedad\/\" rel=\"category tag\">Sociedad<\/a>","tag_info":"Sociedad","comment_count":"0","_links":{"self":[{"href":"https:\/\/radiofenix.com.ar\/2023\/wp-json\/wp\/v2\/posts\/199780","targetHints":{"allow":["GET"]}}],"collection":[{"href":"https:\/\/radiofenix.com.ar\/2023\/wp-json\/wp\/v2\/posts"}],"about":[{"href":"https:\/\/radiofenix.com.ar\/2023\/wp-json\/wp\/v2\/types\/post"}],"replies":[{"embeddable":true,"href":"https:\/\/radiofenix.com.ar\/2023\/wp-json\/wp\/v2\/comments?post=199780"}],"version-history":[{"count":0,"href":"https:\/\/radiofenix.com.ar\/2023\/wp-json\/wp\/v2\/posts\/199780\/revisions"}],"wp:featuredmedia":[{"embeddable":true,"href":"https:\/\/radiofenix.com.ar\/2023\/wp-json\/wp\/v2\/media\/199781"}],"wp:attachment":[{"href":"https:\/\/radiofenix.com.ar\/2023\/wp-json\/wp\/v2\/media?parent=199780"}],"wp:term":[{"taxonomy":"category","embeddable":true,"href":"https:\/\/radiofenix.com.ar\/2023\/wp-json\/wp\/v2\/categories?post=199780"},{"taxonomy":"post_tag","embeddable":true,"href":"https:\/\/radiofenix.com.ar\/2023\/wp-json\/wp\/v2\/tags?post=199780"}],"curies":[{"name":"wp","href":"https:\/\/api.w.org\/{rel}","templated":true}]}}