{"id":199786,"date":"2025-08-28T08:57:33","date_gmt":"2025-08-28T08:57:33","guid":{"rendered":"https:\/\/radiofenix.com.ar\/2023\/insolito-espert-huyo-en-moto-tras-el-violento-final-de-la-caravana-de-milei-en-lomas-de-zamora\/"},"modified":"2025-08-28T08:57:33","modified_gmt":"2025-08-28T08:57:33","slug":"insolito-espert-huyo-en-moto-tras-el-violento-final-de-la-caravana-de-milei-en-lomas-de-zamora","status":"publish","type":"post","link":"https:\/\/radiofenix.com.ar\/2023\/insolito-espert-huyo-en-moto-tras-el-violento-final-de-la-caravana-de-milei-en-lomas-de-zamora\/","title":{"rendered":"Ins\u00f3lito: Espert huy\u00f3 en moto tras el violento final de la caravana de Milei en Lomas de Zamora"},"content":{"rendered":"<div id=\"note-body\">\n<p data-start=\"693\" data-end=\"1282\">La caravana de <strong>Javier Milei<\/strong> en <strong>Lomas de Zamora,<\/strong> pensada como una muestra de apoyo en plena campa\u00f1a electoral, termin\u00f3 en un verdadero esc\u00e1ndalo. El Presidente debi\u00f3 ser evacuado de urgencia despu\u00e9s de que un grupo de manifestantes comenzara a arrojar piedras y botellas contra la camioneta en la que viajaba junto a su hermana <strong>Karina Milei, Jos\u00e9 Luis Espert y Sebasti\u00e1n Pareja. <\/strong><\/p>\n<\/p><\/div>\n<p><a href=\"https:\/\/www.minutouno.com\/politica\/insolito-espert-huyo-moto-el-violento-final-la-caravana-milei-lomas-zamora-n6183432\">source<\/a><\/p>\n","protected":false},"excerpt":{"rendered":"<p>La caravana de Javier Milei en Lomas de Zamora, pensada como una muestra de apoyo&#8230;<\/p>\n","protected":false},"author":0,"featured_media":199787,"comment_status":"open","ping_status":"open","sticky":false,"template":"","format":"standard","meta":{"footnotes":""},"categories":[2],"tags":[],"class_list":["post-199786","post","type-post","status-publish","format-standard","has-post-thumbnail","hentry","category-politica"],"featured_image_urls":{"full":["https:\/\/radiofenix.com.ar\/2023\/wp-content\/uploads\/2025\/08\/wp-header-logo-163.png",1200,675,false],"thumbnail":["https:\/\/radiofenix.com.ar\/2023\/wp-content\/uploads\/2025\/08\/wp-header-logo-163-150x150.png",150,150,true],"medium":["https:\/\/radiofenix.com.ar\/2023\/wp-content\/uploads\/2025\/08\/wp-header-logo-163-300x169.png",300,169,true],"medium_large":["https:\/\/radiofenix.com.ar\/2023\/wp-content\/uploads\/2025\/08\/wp-header-logo-163-768x432.png",640,360,true],"large":["https:\/\/radiofenix.com.ar\/2023\/wp-content\/uploads\/2025\/08\/wp-header-logo-163-1024x576.png",640,360,true],"1536x1536":["https:\/\/radiofenix.com.ar\/2023\/wp-content\/uploads\/2025\/08\/wp-header-logo-163.png",1200,675,false],"2048x2048":["https:\/\/radiofenix.com.ar\/2023\/wp-content\/uploads\/2025\/08\/wp-header-logo-163.png",1200,675,false],"newsium-slider-full":["https:\/\/radiofenix.com.ar\/2023\/wp-content\/uploads\/2025\/08\/wp-header-logo-163.png",1200,675,false],"newsium-featured":["https:\/\/radiofenix.com.ar\/2023\/wp-content\/uploads\/2025\/08\/wp-header-logo-163-1024x576.png",1024,576,true],"newsium-medium":["https:\/\/radiofenix.com.ar\/2023\/wp-content\/uploads\/2025\/08\/wp-header-logo-163-720x475.png",720,475,true]},"author_info":{"info":[""]},"category_info":"<a href=\"https:\/\/radiofenix.com.ar\/2023\/category\/politica\/\" rel=\"category tag\">Pol\u00edtica<\/a>","tag_info":"Pol\u00edtica","comment_count":"0","_links":{"self":[{"href":"https:\/\/radiofenix.com.ar\/2023\/wp-json\/wp\/v2\/posts\/199786","targetHints":{"allow":["GET"]}}],"collection":[{"href":"https:\/\/radiofenix.com.ar\/2023\/wp-json\/wp\/v2\/posts"}],"about":[{"href":"https:\/\/radiofenix.com.ar\/2023\/wp-json\/wp\/v2\/types\/post"}],"replies":[{"embeddable":true,"href":"https:\/\/radiofenix.com.ar\/2023\/wp-json\/wp\/v2\/comments?post=199786"}],"version-history":[{"count":0,"href":"https:\/\/radiofenix.com.ar\/2023\/wp-json\/wp\/v2\/posts\/199786\/revisions"}],"wp:featuredmedia":[{"embeddable":true,"href":"https:\/\/radiofenix.com.ar\/2023\/wp-json\/wp\/v2\/media\/199787"}],"wp:attachment":[{"href":"https:\/\/radiofenix.com.ar\/2023\/wp-json\/wp\/v2\/media?parent=199786"}],"wp:term":[{"taxonomy":"category","embeddable":true,"href":"https:\/\/radiofenix.com.ar\/2023\/wp-json\/wp\/v2\/categories?post=199786"},{"taxonomy":"post_tag","embeddable":true,"href":"https:\/\/radiofenix.com.ar\/2023\/wp-json\/wp\/v2\/tags?post=199786"}],"curies":[{"name":"wp","href":"https:\/\/api.w.org\/{rel}","templated":true}]}}