{"id":199792,"date":"2025-08-29T08:57:18","date_gmt":"2025-08-29T08:57:18","guid":{"rendered":"https:\/\/radiofenix.com.ar\/2023\/efemerides-de-hoy-que-paso-un-29-de-agosto\/"},"modified":"2025-08-29T08:57:18","modified_gmt":"2025-08-29T08:57:18","slug":"efemerides-de-hoy-que-paso-un-29-de-agosto","status":"publish","type":"post","link":"https:\/\/radiofenix.com.ar\/2023\/efemerides-de-hoy-que-paso-un-29-de-agosto\/","title":{"rendered":"Efem\u00e9rides de hoy: qu\u00e9 pas\u00f3 un 29 de agosto\u00a0"},"content":{"rendered":"<div><!-- Body --><\/p>\n<p>En las<b> efem\u00e9rides del 29 de agosto <\/b>sobresalen estos hechos que ocurrieron un d\u00eda como hoy en la Argentina y el mundo:<\/p>\n<h2>1920. El nacimiento de Charlie Parker<\/h2>\n<p>Charles Christopher Parker Jr. nace en Kansas City. Uno de los m\u00e1s grandes jazzmen de la historia, <a href=\"https:\/\/www.pagina12.com.ar\/288316-charlie-parker-todavia-lo-esta-tocando-manana\">Charlie Parker fue un virtuoso del saxo alto<\/a>. Ayud\u00f3 a iniciar el bebop. Con \u00e9l toc\u00f3 el trompetista Dizzy Gillespie. Consumido por la droga, y<b> con dos intentos de suicidio a cuestas tras la muerte de una hija, falleci\u00f3 el 12 de marzo de 1955<\/b> en Nueva York.<\/p>\n<p><iframe style=\"border: 0px; position: absolute; top: 0px; left: 0px; height: 100%;\" allowfullscreen=\"\" frameborder=\"0\" src=\"https:\/\/www.youtube.com\/embed\/4PiKHAEcEvM\"><\/iframe><\/p>\n<h2>1935. Nace Adolfo Castelo<\/h2>\n<p>El periodista y humorista<b> Adolfo Castelo<\/b> nace en Buenos Aires. Se inici\u00f3 en la gr\u00e1fica. <a href=\"https:\/\/www.pagina12.com.ar\/2000\/00-08\/00-08-15\/pag26.htm\">En radio<\/a>, acompa\u00f1\u00f3 a Alejandro Dolina en <i>Demasiado tarde para l\u00e1grimas<\/i>. <b>En televisi\u00f3n, form\u00f3 parte del staff de<i> Semanario Ins\u00f3lito<\/i> <\/b>y luego se integr\u00f3 a un programa emblema de la primavera democr\u00e1tica: <a href=\"https:\/\/www.pagina12.com.ar\/216465-la-noticia-rebelde-el-programa-que-cambio-el-periodismo-tele\"><i>La Noticia Rebelde<\/i><\/a>. M\u00e1s tarde, condujo <i>El ventilador <\/i>en Radio Am\u00e9rica, junto con Jorge Guinzburg y Carlos Ulanovsky. <b>Conduc\u00eda un programa en Radio Mitre al momento de su muerte, <\/b><a href=\"https:\/\/www.pagina12.com.ar\/diario\/cultura\/7-43982-2004-11-24.html\">en 2004<\/a>.<\/p>\n<p><iframe style=\"border: 0px; position: absolute; top: 0px; left: 0px; height: 100%;\" allowfullscreen=\"\" frameborder=\"0\" src=\"https:\/\/www.youtube.com\/embed\/QEszElTiCj0\"><\/iframe><\/p>\n<h2>1952. El estreno de <i>4&#8217;33\u00bb<\/i> de<br \/>\nJohn Cage<\/h2>\n<p>En Woodstock, Nueva York, se produce el estreno de una de las obras m\u00e1s controvertidas de la historia de la m\u00fasica:<a href=\"https:\/\/www.pagina12.com.ar\/diario\/contratapa\/13-215504-2013-03-10.html\"> <i>4&#8217;33\u00bb <\/i>de John Cage<\/a>. El pianista David Tudor se sienta frente a un piano y deja pasar cuatro minutos y treinta y tres segundos sin tocar una tecla. <b>La m\u00fasica de la obra est\u00e1 compuesta por los sonidos de fondo durante ese lapso de tiempo<\/b>. As\u00ed, el experimental Cage (1912-1992) juega con la noci\u00f3n de silencio. <b>Es la pieza m\u00e1s conocida del compositor<\/b>.<\/p>\n<p><iframe style=\"border: 0px; position: absolute; top: 0px; left: 0px; height: 100%;\" allowfullscreen=\"\" frameborder=\"0\" src=\"https:\/\/www.youtube.com\/embed\/AWVUp12XPpU\"><\/iframe><\/p>\n<h2>1958. El nacimiento de Michael Jackson<\/h2>\n<p>En Gary, Indiana, <a href=\"https:\/\/www.pagina12.com.ar\/138414-todos-quieren-recordar-a-michael-jackson\">nace Michael Jackson<\/a>. Form\u00f3 parte de los Jackson Five antes de encarar su carrera solista. E<b>l lanzamiento de <i>Thriller<\/i>, en 1982, rompi\u00f3 todos los r\u00e9cords de venta<\/b>. Convertido en una megaestrella, el Rey del Pop cambi\u00f3 la pigmentaci\u00f3n de su piel, y tuvo un breve matrimonio con la hija de Elvis Presley. <a href=\"https:\/\/www.pagina12.com.ar\/181821-el-silencio-de-los-inocentes\">En sus \u00faltimos a\u00f1os qued\u00f3 envuelto en denuncias de abuso de menores<\/a>. Falleci\u00f3 en <a href=\"https:\/\/www.pagina12.com.ar\/diario\/suplementos\/espectaculos\/2-14349-2009-06-26.html\">2009<\/a>.<\/p>\n<p><iframe style=\"border: 0px; position: absolute; top: 0px; left: 0px; height: 100%;\" allowfullscreen=\"\" frameborder=\"0\" src=\"https:\/\/www.youtube.com\/embed\/Zi_XLOBDo_Y\"><\/iframe><\/p>\n<h2>1963. El asalto al Policl\u00ednico Bancario<\/h2>\n<p>Miembros de <a href=\"https:\/\/www.pagina12.com.ar\/diario\/suplementos\/libros\/10-640-2003-07-06.html\">Tacuara <\/a>llevan adelante lo que se considera <b>el primer acto de guerrilla urbana en el pa\u00eds<\/b>: <a href=\"https:\/\/www.pagina12.com.ar\/583164-a-60-anos-del-asalto-al-policlinico-bancario\">el asalto al Policl\u00ednico Bancario<\/a>. Roban una ambulancia y llegan al lugar justo cuando ingresaba un cami\u00f3n de caudales con 14 millones de pesos de la \u00e9poca para el pago de salarios.<b> Se produce un tiroteo y mueren dos custodios<\/b>. Los integrantes de Tacuara, surgidos del <a href=\"https:\/\/www.pagina12.com.ar\/diario\/elpais\/1-51068-2005-05-15.html\">nacionalismo cat\u00f3lico<\/a>, fueron detenidos en los meses siguientes, cuando billetes del robo (estaban reci\u00e9n impresos) aparecieron en Francia y la pista llev\u00f3 a los asaltantes.<\/p>\n<p><iframe style=\"border: 0px; position: absolute; top: 0px; left: 0px; height: 100%;\" allowfullscreen=\"\" frameborder=\"0\" src=\"https:\/\/www.youtube.com\/embed\/pybZTD8bURU\"><\/iframe><\/p>\n<h2>1966. El \u00faltimo concierto de los Beatles<\/h2>\n<p><b>Los Beatles<\/b> tocan en el Candlestick Park de San Francisco, en la que es su <b>\u00faltima presentaci\u00f3n en p\u00fablico<\/b>. La banda inglesa abandona las giras para abocarse al trabajo en estudio. El cansancio por los viajes y la dificultad creciente en tocar su m\u00fasica cada vez m\u00e1s sofisticada los lleva a tomar la decisi\u00f3n. Desde entonces, <a href=\"https:\/\/www.pagina12.com.ar\/320705-los-beatles-en-vivo-por-ultima-vez-el-recordado-concierto-de\">s\u00f3lo tocar\u00e1n en el improvisado concierto en la azotea de Apple, en 1969<\/a>.<\/p>\n<p><iframe style=\"border: 0px; position: absolute; top: 0px; left: 0px; height: 100%;\" allowfullscreen=\"\" frameborder=\"0\" src=\"https:\/\/www.youtube.com\/embed\/Qxrooo8A3Aw\"><\/iframe><\/p>\n<h2>1982. Muere Ingrid Bergman<\/h2>\n<p>La actriz <b>Ingrid Bergman<\/b> fallece en Londres el d\u00eda en que cumpl\u00eda 67 a\u00f1os. Nacida en Estocolmo, lleg\u00f3 a Hollywood a fines de los a\u00f1os 30. <b>Protagoniz\u00f3 el cl\u00e1sico <\/b><a href=\"https:\/\/www.pagina12.com.ar\/501708-casablanca-80-anos-de-un-clasico\"><i>Casablanca<\/i><\/a>. Recibi\u00f3 el Oscar como actriz protag\u00f3nica por <i>Luz de Gas<\/i> y por <i>Anastasia<\/i>, y luego como actriz secundaria por <i>Asesinato en el Expreso de Oriente<\/i>.<a href=\"https:\/\/www.pagina12.com.ar\/diario\/suplementos\/radar\/subnotas\/5305-915-2009-05-17.html\"> Trabaj\u00f3 a las \u00f3rdenes de Alfred Hithcock <\/a>y de su esposo Roberto Rosellini, entre otros directores.<\/p>\n<p><iframe style=\"border: 0px; position: absolute; top: 0px; left: 0px; height: 100%;\" allowfullscreen=\"\" frameborder=\"0\" src=\"https:\/\/www.youtube.com\/embed\/yyEtKpplmjQ\"><\/iframe><\/p>\n<h2>2011. Adi\u00f3s a <i>Pipo<\/i> Mancera<\/h2>\n<p>A los 80 a\u00f1os <a href=\"https:\/\/www.pagina12.com.ar\/diario\/suplementos\/espectaculos\/8-22750-2011-08-30.html\">muere <i>Pipo<\/i> Mancera<\/a>, el creador de <b><i>S\u00e1bados circulares<\/i><\/b>. Ese programa \u00f3mnibus logr\u00f3 picos de audiencia entre 1962 y 1974. <b>Por all\u00ed pasaron artistas como Sandro y Joan Manuel Serrat<\/b>.<\/p>\n<p><iframe style=\"border: 0px; position: absolute; top: 0px; left: 0px; height: 100%;\" allowfullscreen=\"\" frameborder=\"0\" src=\"https:\/\/www.youtube.com\/embed\/Rb0jddgg4xs\"><\/iframe><\/p>\n<p>Adem\u00e1s, es el<b> D\u00eda Internacional contra los Ensayos Nucleares<\/b>; y en la Argentina se conmemora el<b> D\u00eda del Abogado <\/b>por el natalicio de Juan Bautista Alberdi.<\/p>\n<p><!-- Live Blog Post --><\/div>\n<p><a href=\"https:\/\/www.pagina12.com.ar\/853289-efemerides-de-hoy-que-paso-un-29-de-agosto\">source<\/a><\/p>\n","protected":false},"excerpt":{"rendered":"<p>En las efem\u00e9rides del 29 de agosto sobresalen estos hechos que ocurrieron un d\u00eda como&#8230;<\/p>\n","protected":false},"author":0,"featured_media":199793,"comment_status":"open","ping_status":"open","sticky":false,"template":"","format":"standard","meta":{"footnotes":""},"categories":[7],"tags":[],"class_list":["post-199792","post","type-post","status-publish","format-standard","has-post-thumbnail","hentry","category-sociedad"],"featured_image_urls":{"full":["https:\/\/radiofenix.com.ar\/2023\/wp-content\/uploads\/2025\/08\/wp-header-logo-166.png",960,540,false],"thumbnail":["https:\/\/radiofenix.com.ar\/2023\/wp-content\/uploads\/2025\/08\/wp-header-logo-166-150x150.png",150,150,true],"medium":["https:\/\/radiofenix.com.ar\/2023\/wp-content\/uploads\/2025\/08\/wp-header-logo-166-300x169.png",300,169,true],"medium_large":["https:\/\/radiofenix.com.ar\/2023\/wp-content\/uploads\/2025\/08\/wp-header-logo-166-768x432.png",640,360,true],"large":["https:\/\/radiofenix.com.ar\/2023\/wp-content\/uploads\/2025\/08\/wp-header-logo-166.png",640,360,false],"1536x1536":["https:\/\/radiofenix.com.ar\/2023\/wp-content\/uploads\/2025\/08\/wp-header-logo-166.png",960,540,false],"2048x2048":["https:\/\/radiofenix.com.ar\/2023\/wp-content\/uploads\/2025\/08\/wp-header-logo-166.png",960,540,false],"newsium-slider-full":["https:\/\/radiofenix.com.ar\/2023\/wp-content\/uploads\/2025\/08\/wp-header-logo-166.png",960,540,false],"newsium-featured":["https:\/\/radiofenix.com.ar\/2023\/wp-content\/uploads\/2025\/08\/wp-header-logo-166.png",960,540,false],"newsium-medium":["https:\/\/radiofenix.com.ar\/2023\/wp-content\/uploads\/2025\/08\/wp-header-logo-166-720x475.png",720,475,true]},"author_info":{"info":[""]},"category_info":"<a href=\"https:\/\/radiofenix.com.ar\/2023\/category\/sociedad\/\" rel=\"category tag\">Sociedad<\/a>","tag_info":"Sociedad","comment_count":"0","_links":{"self":[{"href":"https:\/\/radiofenix.com.ar\/2023\/wp-json\/wp\/v2\/posts\/199792","targetHints":{"allow":["GET"]}}],"collection":[{"href":"https:\/\/radiofenix.com.ar\/2023\/wp-json\/wp\/v2\/posts"}],"about":[{"href":"https:\/\/radiofenix.com.ar\/2023\/wp-json\/wp\/v2\/types\/post"}],"replies":[{"embeddable":true,"href":"https:\/\/radiofenix.com.ar\/2023\/wp-json\/wp\/v2\/comments?post=199792"}],"version-history":[{"count":0,"href":"https:\/\/radiofenix.com.ar\/2023\/wp-json\/wp\/v2\/posts\/199792\/revisions"}],"wp:featuredmedia":[{"embeddable":true,"href":"https:\/\/radiofenix.com.ar\/2023\/wp-json\/wp\/v2\/media\/199793"}],"wp:attachment":[{"href":"https:\/\/radiofenix.com.ar\/2023\/wp-json\/wp\/v2\/media?parent=199792"}],"wp:term":[{"taxonomy":"category","embeddable":true,"href":"https:\/\/radiofenix.com.ar\/2023\/wp-json\/wp\/v2\/categories?post=199792"},{"taxonomy":"post_tag","embeddable":true,"href":"https:\/\/radiofenix.com.ar\/2023\/wp-json\/wp\/v2\/tags?post=199792"}],"curies":[{"name":"wp","href":"https:\/\/api.w.org\/{rel}","templated":true}]}}