{"id":199798,"date":"2025-08-29T08:57:23","date_gmt":"2025-08-29T08:57:23","guid":{"rendered":"https:\/\/radiofenix.com.ar\/2023\/jose-luis-espert-explico-su-huida-en-moto-en-lomas-de-zamora-en-bolas-como-adan\/"},"modified":"2025-08-29T08:57:23","modified_gmt":"2025-08-29T08:57:23","slug":"jose-luis-espert-explico-su-huida-en-moto-en-lomas-de-zamora-en-bolas-como-adan","status":"publish","type":"post","link":"https:\/\/radiofenix.com.ar\/2023\/jose-luis-espert-explico-su-huida-en-moto-en-lomas-de-zamora-en-bolas-como-adan\/","title":{"rendered":"Jos\u00e9 Luis Espert explic\u00f3 su huida en moto en Lomas de Zamora: &quot;En bolas como Ad\u00e1n&quot;"},"content":{"rendered":"<div id=\"\">\n<p>\u201cCuando comienzan los hechos de violencia por parte del kirchnerismo, la custodia presidencial se pone a custodiar al Presidente; los dem\u00e1s estamos en un segundo plano. <strong>Y cuando quedo en segundo plano, quedo en bolas como Ad\u00e1n<\/strong>\u201d, dijo el referente libertario.<\/p>\n<p>En ese marco, asever\u00f3 que <strong>\u201cse me ven\u00edan los orcos a hacerme cualquier cosa menos cuidarme\u2026\u201d<\/strong>, y entonces huy\u00f3 como pudo: en moto y sin casco, lo que se explica por la <strong>celeridad con la que tuvo que abandonar la escena que no nunca pas\u00f3 de ser una escaramuza<\/strong>.<\/p>\n<p>A la hora de mostrar p\u00fablicamente su valor, Jos\u00e9 Luis parece no haber heredado nada de <strong>su abuelo, oriundo de Valencia, quien combati\u00f3 en la Guerra Civil espa\u00f1ola en el bando de los republicanos.<\/strong> \u00c9l acab\u00f3 siendo franquista y poco menos que un desertor a la hora del combate.<\/p>\n<div contenteditable=\"false\" class=\"embed_cont type_video\" id=\"8119547-1653725655_wrap\">\n<p>espert huida lomas de zamora <span onclick=\"parent.parent.TinyMCETdcuerpo.preview_embed('8119547-1653725655')\" class=\"embed_colapse less\" id=\"8119547-1653725655_colapse\"\/>  <span onclick=\"parent.parent.TinyMCETdcuerpo.delete_embed('8119547-1653725655')\" class=\"embed_delete less\" id=\"8119547-1653725655_delete\"\/><\/p>\n<\/p><\/div>\n<\/div>\n<p><a href=\"https:\/\/www.minutouno.com\/politica\/jose-luis-espert-explico-su-huida-moto-lomas-zamora-en-bolas-como-adan-n6184115\">source<\/a><\/p>\n","protected":false},"excerpt":{"rendered":"<p>\u201cCuando comienzan los hechos de violencia por parte del kirchnerismo, la custodia presidencial se pone&#8230;<\/p>\n","protected":false},"author":0,"featured_media":199799,"comment_status":"open","ping_status":"open","sticky":false,"template":"","format":"standard","meta":{"footnotes":""},"categories":[2],"tags":[],"class_list":["post-199798","post","type-post","status-publish","format-standard","has-post-thumbnail","hentry","category-politica"],"featured_image_urls":{"full":["https:\/\/radiofenix.com.ar\/2023\/wp-content\/uploads\/2025\/08\/wp-header-logo-169.png",1200,675,false],"thumbnail":["https:\/\/radiofenix.com.ar\/2023\/wp-content\/uploads\/2025\/08\/wp-header-logo-169-150x150.png",150,150,true],"medium":["https:\/\/radiofenix.com.ar\/2023\/wp-content\/uploads\/2025\/08\/wp-header-logo-169-300x169.png",300,169,true],"medium_large":["https:\/\/radiofenix.com.ar\/2023\/wp-content\/uploads\/2025\/08\/wp-header-logo-169-768x432.png",640,360,true],"large":["https:\/\/radiofenix.com.ar\/2023\/wp-content\/uploads\/2025\/08\/wp-header-logo-169-1024x576.png",640,360,true],"1536x1536":["https:\/\/radiofenix.com.ar\/2023\/wp-content\/uploads\/2025\/08\/wp-header-logo-169.png",1200,675,false],"2048x2048":["https:\/\/radiofenix.com.ar\/2023\/wp-content\/uploads\/2025\/08\/wp-header-logo-169.png",1200,675,false],"newsium-slider-full":["https:\/\/radiofenix.com.ar\/2023\/wp-content\/uploads\/2025\/08\/wp-header-logo-169.png",1200,675,false],"newsium-featured":["https:\/\/radiofenix.com.ar\/2023\/wp-content\/uploads\/2025\/08\/wp-header-logo-169-1024x576.png",1024,576,true],"newsium-medium":["https:\/\/radiofenix.com.ar\/2023\/wp-content\/uploads\/2025\/08\/wp-header-logo-169-720x475.png",720,475,true]},"author_info":{"info":[""]},"category_info":"<a href=\"https:\/\/radiofenix.com.ar\/2023\/category\/politica\/\" rel=\"category tag\">Pol\u00edtica<\/a>","tag_info":"Pol\u00edtica","comment_count":"0","_links":{"self":[{"href":"https:\/\/radiofenix.com.ar\/2023\/wp-json\/wp\/v2\/posts\/199798","targetHints":{"allow":["GET"]}}],"collection":[{"href":"https:\/\/radiofenix.com.ar\/2023\/wp-json\/wp\/v2\/posts"}],"about":[{"href":"https:\/\/radiofenix.com.ar\/2023\/wp-json\/wp\/v2\/types\/post"}],"replies":[{"embeddable":true,"href":"https:\/\/radiofenix.com.ar\/2023\/wp-json\/wp\/v2\/comments?post=199798"}],"version-history":[{"count":0,"href":"https:\/\/radiofenix.com.ar\/2023\/wp-json\/wp\/v2\/posts\/199798\/revisions"}],"wp:featuredmedia":[{"embeddable":true,"href":"https:\/\/radiofenix.com.ar\/2023\/wp-json\/wp\/v2\/media\/199799"}],"wp:attachment":[{"href":"https:\/\/radiofenix.com.ar\/2023\/wp-json\/wp\/v2\/media?parent=199798"}],"wp:term":[{"taxonomy":"category","embeddable":true,"href":"https:\/\/radiofenix.com.ar\/2023\/wp-json\/wp\/v2\/categories?post=199798"},{"taxonomy":"post_tag","embeddable":true,"href":"https:\/\/radiofenix.com.ar\/2023\/wp-json\/wp\/v2\/tags?post=199798"}],"curies":[{"name":"wp","href":"https:\/\/api.w.org\/{rel}","templated":true}]}}