{"id":199802,"date":"2025-08-30T08:57:31","date_gmt":"2025-08-30T08:57:31","guid":{"rendered":"https:\/\/radiofenix.com.ar\/2023\/alquileres-luz-gas-agua-colegios-nafta-transporte-y-mas-todos-los-aumentos-que-se-vienen-en-septiembre\/"},"modified":"2025-08-30T08:57:31","modified_gmt":"2025-08-30T08:57:31","slug":"alquileres-luz-gas-agua-colegios-nafta-transporte-y-mas-todos-los-aumentos-que-se-vienen-en-septiembre","status":"publish","type":"post","link":"https:\/\/radiofenix.com.ar\/2023\/alquileres-luz-gas-agua-colegios-nafta-transporte-y-mas-todos-los-aumentos-que-se-vienen-en-septiembre\/","title":{"rendered":"Alquileres, luz, gas, agua, colegios, nafta, transporte y m\u00e1s: todos los aumentos que se vienen en septiembre"},"content":{"rendered":"<div><!-- Body --><\/p>\n<p>Con <b>paritarias pisadas por la Secretar\u00eda de Trabajo<\/b> y el <b>consumo a la baja por la p\u00e9rdida del poder adquisitivo<\/b>, el mes de <b\/><a href=\"https:\/\/www.pagina12.com.ar\/853276-en-la-primavera-de-milei-florecen-los-aumentos\"><b>septiembre <\/b>llega con <b>importantes aumentos <\/b><\/a><b\/>en diferentes categor\u00edas: desde <b>transporte y vivienda y servicios p\u00fablicos hasta educaci\u00f3n y combustibles<\/b>.<\/p>\n<h3\/>\n<h3\/>\n<h2>Colectivos, subtes y Premetro<\/h2>\n<p><b>El boleto m\u00ednimo aumentar\u00e1 un 3,9% y pasar\u00e1 a $523,13 para las l\u00edneas que dependen de Ciudad de Buenos Aires y $529,25 para la Provincia de Buenos Aires<\/b>.  La f\u00f3rmula para las subas mensuales es el <b>\u00faltimo \u00edndice de inflaci\u00f3n + 2%<\/b>. En colectivos interjurisdiccionales que dependen del gobierno nacional por el momento no se informaron aumentos, por lo que el m\u00ednimo con SUBE registrada sigue en <b>$451,01<\/b>. Por su parte, el boleto de subte sufrir\u00e1 un incremento del 3,87%: el pasaje base costar\u00e1 $1.071, mientras que el Premetro ir\u00e1 a $374,92.<\/p>\n<ul>\n<li>Boleto m\u00ednimo de colectivo CABA en septiembre:\u00a0<b> $523,13<\/b><\/li>\n<li>Boleto m\u00ednimo de colectivo PBA en septiembre:\u00a0<b>$529,25<\/b><\/li>\n<li>Boleto m\u00ednimo de colectivo PBA en septiembre: <b>$529,25<\/b><\/li>\n<li>Boleto m\u00ednimo de Subte en septiembre: <b>$1.071<\/b><\/li>\n<li>Boleto m\u00ednimo de Premetro en septiembre: <b>$374,92<\/b><\/li>\n<\/ul>\n<h2>Cuotas de colegios privados<\/h2>\n<p>En Provincia de Buenos Aires el aumento llegar\u00e1 a <b>2,8%<\/b>, mientras que en la Ciudad de Buenos Aires alcanzar\u00e1 el <b>3,2%<\/b>. Los aumentos comenzar\u00e1n a regir con el inicio del \u00faltimo trimestre del ciclo lectivo.<\/p>\n<h2>Prepagas<\/h2>\n<p>Las empresas de medicina privada ya informaron a sus usuarios que <b>incrementar\u00e1n sus precios entre 1,68% y 1,9%<\/b>.\u00a0<\/p>\n<h2>Luz, gas y agua<\/h2>\n<p>Agua y Saneamiento Argentinos <b>(AySA) ajustar\u00e1 un 1%<\/b> la tarifa por su servicio. Por su parte, la Secretar\u00eda de Energ\u00eda estableci\u00f3 un <b>aumento del 0,5% en los precios del<\/b>\u00a0<strong>Mercado El\u00e9ctrico Mayorista (MEM)<\/strong>. Resta definir el incremento en el tramo mayorista, el cual se calcula 67% por inflaci\u00f3n mayorista (IPIM) y 33% por la minorista (IPC) del INDEC.<\/p>\n<p>En cuanto al gas, la Secretar\u00eda de Energ\u00eda resolvi\u00f3 aplicar una baja del 5,49% en el precio del gas en el PIST (tramo mayorista) respecto de los valores de junio, pero al mismo tiempo elev\u00f3 del 6,6% al 6,8% la al\u00edcuota del impuesto que pesa sobre la factura de gas para financiar el subsidio a zonas fr\u00edas. A eso todav\u00eda resta el aumento que se defina para transporte y distribuci\u00f3n, el cual se determina por una f\u00f3rmula que combina\u00a0<b>50% de inflaci\u00f3n mayorista (IPIM) y 50% por la inflaci\u00f3n minorista (IPC) del INDEC.<\/b><\/p>\n<h2>Impuesto a los combustibles: sube la nafta<\/h2>\n<p>Los aumentos en el Impuesto a los combustibles son trimestrales y se rigen por la variaci\u00f3n del IPC del INDEC, pero los diferentes gobiernos suelen demorarlos para evitar aumentos en los combustibles en ciertos momentos. La mencionada fue la actualizaci\u00f3n correspondiente al primer trimestre de 2024. En este caso, <b>el Gobierno reci\u00e9n aplicar\u00e1 las actualizaciones correspondientes al segundo, tercer y cuarto trimestres del 2024 y al primer trimestre del 2025.<\/b><\/p>\n<p><b>1\u00ba fase (del 1 al 30 de septiembre de 2025):<\/b><\/p>\n<ul>\n<li><b>Nafta sin plomo, nafta de m\u00e1s de 92 RON y nafta virgen:<\/b> el impuesto sobre los combustibles l\u00edquidos se incrementar\u00e1 en 10,523 pesos por unidad de medida, y el Impuesto al Di\u00f3xido de Carbono en 0,645.<\/li>\n<li><b>Gasoil:<\/b> el impuesto sobre los combustibles l\u00edquidos se ir\u00e1 a 8,577 pesos, con un monto diferencial de 4,644 para ciertas \u00e1reas. En tanto, el impuesto al di\u00f3xido de carbono subir\u00e1 0,978 pesos.<\/li>\n<\/ul>\n<p><b>2\u00ba Fase (A partir del 1\u00b0 de octubre de 2025):<\/b><\/p>\n<ul>\n<li>Se aplicar\u00e1 el incremento total acumulado en los montos de impuestos. Este incremento resultar\u00e1 de la adici\u00f3n de los remanentes de la actualizaci\u00f3n del a\u00f1o calendario 2024 y de las correspondientes al primer y segundo trimestre calendario del a\u00f1o 2025.<\/li>\n<\/ul>\n<p>Un dato particular del impuesto sobre el combustible l\u00edquido es que <b>se estableci\u00f3 en gran parte para financiar obras de mantenimiento vial<\/b>, por lo que resulta contradictorio que el Gobierno lo siga aumentando cuando<b> ha paralizado casi completamente la obra p\u00fablica y el mantenimiento de rutas<\/b>.<\/p>\n<h2>Alquileres<\/h2>\n<p><b>Los contratos de la Ley de Alquileres del 2020 ajustar\u00e1n 50,3%<\/b> con respecto a agosto 2024, tomando como referencia \u00cdndice de Contrato de Locaci\u00f3n (ICL) publicado por el Banco Central. Los regidos por la <b>actualizaci\u00f3n trimestral del IPC sufrir\u00e1n incrementos por encima del 5,5%.<\/b><\/p>\n<h3>Segu\u00ed leyendo:<\/h3>\n<h3\/><!-- Live Blog Post --><\/div>\n<p><a href=\"https:\/\/www.pagina12.com.ar\/853468-alquileres-luz-gas-agua-colegios-nafta-transporte-y-mas-todo\">source<\/a><\/p>\n","protected":false},"excerpt":{"rendered":"<p>Con paritarias pisadas por la Secretar\u00eda de Trabajo y el consumo a la baja por&#8230;<\/p>\n","protected":false},"author":0,"featured_media":199803,"comment_status":"open","ping_status":"open","sticky":false,"template":"","format":"standard","meta":{"footnotes":""},"categories":[5],"tags":[],"class_list":["post-199802","post","type-post","status-publish","format-standard","has-post-thumbnail","hentry","category-economia"],"featured_image_urls":{"full":["https:\/\/radiofenix.com.ar\/2023\/wp-content\/uploads\/2025\/08\/wp-header-logo-171.png",960,540,false],"thumbnail":["https:\/\/radiofenix.com.ar\/2023\/wp-content\/uploads\/2025\/08\/wp-header-logo-171-150x150.png",150,150,true],"medium":["https:\/\/radiofenix.com.ar\/2023\/wp-content\/uploads\/2025\/08\/wp-header-logo-171-300x169.png",300,169,true],"medium_large":["https:\/\/radiofenix.com.ar\/2023\/wp-content\/uploads\/2025\/08\/wp-header-logo-171-768x432.png",640,360,true],"large":["https:\/\/radiofenix.com.ar\/2023\/wp-content\/uploads\/2025\/08\/wp-header-logo-171.png",640,360,false],"1536x1536":["https:\/\/radiofenix.com.ar\/2023\/wp-content\/uploads\/2025\/08\/wp-header-logo-171.png",960,540,false],"2048x2048":["https:\/\/radiofenix.com.ar\/2023\/wp-content\/uploads\/2025\/08\/wp-header-logo-171.png",960,540,false],"newsium-slider-full":["https:\/\/radiofenix.com.ar\/2023\/wp-content\/uploads\/2025\/08\/wp-header-logo-171.png",960,540,false],"newsium-featured":["https:\/\/radiofenix.com.ar\/2023\/wp-content\/uploads\/2025\/08\/wp-header-logo-171.png",960,540,false],"newsium-medium":["https:\/\/radiofenix.com.ar\/2023\/wp-content\/uploads\/2025\/08\/wp-header-logo-171-720x475.png",720,475,true]},"author_info":{"info":[""]},"category_info":"<a href=\"https:\/\/radiofenix.com.ar\/2023\/category\/economia\/\" rel=\"category tag\">Economia<\/a>","tag_info":"Economia","comment_count":"0","_links":{"self":[{"href":"https:\/\/radiofenix.com.ar\/2023\/wp-json\/wp\/v2\/posts\/199802","targetHints":{"allow":["GET"]}}],"collection":[{"href":"https:\/\/radiofenix.com.ar\/2023\/wp-json\/wp\/v2\/posts"}],"about":[{"href":"https:\/\/radiofenix.com.ar\/2023\/wp-json\/wp\/v2\/types\/post"}],"replies":[{"embeddable":true,"href":"https:\/\/radiofenix.com.ar\/2023\/wp-json\/wp\/v2\/comments?post=199802"}],"version-history":[{"count":0,"href":"https:\/\/radiofenix.com.ar\/2023\/wp-json\/wp\/v2\/posts\/199802\/revisions"}],"wp:featuredmedia":[{"embeddable":true,"href":"https:\/\/radiofenix.com.ar\/2023\/wp-json\/wp\/v2\/media\/199803"}],"wp:attachment":[{"href":"https:\/\/radiofenix.com.ar\/2023\/wp-json\/wp\/v2\/media?parent=199802"}],"wp:term":[{"taxonomy":"category","embeddable":true,"href":"https:\/\/radiofenix.com.ar\/2023\/wp-json\/wp\/v2\/categories?post=199802"},{"taxonomy":"post_tag","embeddable":true,"href":"https:\/\/radiofenix.com.ar\/2023\/wp-json\/wp\/v2\/tags?post=199802"}],"curies":[{"name":"wp","href":"https:\/\/api.w.org\/{rel}","templated":true}]}}