{"id":199808,"date":"2025-08-30T08:57:36","date_gmt":"2025-08-30T08:57:36","guid":{"rendered":"https:\/\/radiofenix.com.ar\/2023\/reclaman-la-detencion-inmediata-de-netanyahu-en-argentina\/"},"modified":"2025-08-30T08:57:36","modified_gmt":"2025-08-30T08:57:36","slug":"reclaman-la-detencion-inmediata-de-netanyahu-en-argentina","status":"publish","type":"post","link":"https:\/\/radiofenix.com.ar\/2023\/reclaman-la-detencion-inmediata-de-netanyahu-en-argentina\/","title":{"rendered":"Reclaman la detenci\u00f3n inmediata de Netanyahu en Argentina\u00a0"},"content":{"rendered":"<div><!-- Body --><\/p>\n<p><b>Una organizaci\u00f3n de derechos humanos palestina present\u00f3 en los tribunales federales de Argentina una denuncia<\/b> en representaci\u00f3n de familiares de las v\u00edctimas y de los dos param\u00e9dicos sobrevivientes de un <b>operativo israel\u00ed en <a href=\"https:\/\/www.pagina12.com.ar\/853211-la-onu-denuncio-desapariciones-forzadas-de-civiles-en-gaza\">Gaza<\/a> el que <a href=\"https:\/\/www.pagina12.com.ar\/852903-decenas-de-personas-murieron-en-gaza-mientras-buscaban-comid\">murieron<\/a> 15 personas<\/b>, ejecutadas a corta distancia y luego enterradas en una fosa com\u00fan.<\/p>\n<p>Adem\u00e1s de reclamar la investigaci\u00f3n sobre la responsabilidad de los hechos, en la denuncia presentada por el abogado argentino especializado en causas de lesa humanidad, Rodolfo Yanz\u00f3n, y por su colega Raji Sourani, director del Centro Palestino de Derechos Humanos, <b>se solicit\u00f3 que, ante la eventual llegada del primer ministro israel\u00ed, Benjamin Netanyahu<\/b><i> (foto)<\/i><b>\u00a0a Buenos Aires, \u00abse ordene su inmediata detenci\u00f3n<\/b> con el objetivo de ponerlo a disposici\u00f3n de la Corte Penal Internacional o, en su defecto, se lo someta a proceso en territorio argentino\u00bb.<\/p>\n<p>Los abogados argumentan que la medida se justifica porque dicen que Netanyahu es responsable del ataque, en tanto m\u00e1xima autoridad pol\u00edtica de Israel. \u00abLos hechos tra\u00eddos a conocimiento no deben ser analizados de modo aislado, sino teniendo en cuenta el modus operandi israel\u00ed, sobre todo a partir de la ocupaci\u00f3n ilegal de territorio en 1967 y la imposici\u00f3n al pueblo palestino de un apartheid, e, incluso, lo sucedido durante los \u00faltimos d\u00edas, el hambre como arma de guerra, ataques a hospitales y muertes de periodistas\u201d, explicaron los abogados.<\/p>\n<p>La presentaci\u00f3n qued\u00f3 radicada en el Juzgado Federal n\u00famero 11, a cargo del juez Sebasti\u00e1n Casanello, quien deber\u00e1 investigar el hecho ocurrido en Rafah, al sur de Gaza, que afect\u00f3 a un convoy humanitario, integrado por trabajadores de la ONU, de la Defensa Civil Palestina y param\u00e9dicos de la Media Luna Roja (equivalente a la Cruz Roja), mientras cumpl\u00edan su misi\u00f3n.\u00a0\u00a0<\/p>\n<p>Los abogados denunciantes se\u00f1alaron que la relatora especial de las Naciones Unidas sobre la situaci\u00f3n de los derechos humanos en los Territorios Palestinos Ocupados, Francesca Albanese, denunci\u00f3 en su momento que el gobierno israel\u00ed ocultaba pruebas relativas al ataque contra los m\u00e9dicos y socorristas y defini\u00f3 el hecho como parte de un genocidio.\u00a0<\/p>\n<p>En el fuero federal argentino <b>ya existe un pedido de arresto contra Netanyahu que fue presentado a comienzos de agosto por<\/b> la Asociaci\u00f3n de Trabajadores del Estado (<b>ATE<\/b>) y la agrupaci\u00f3n de derechos humanos, <b>HIJOS<\/b>. Esta misma semana la organizaci\u00f3n Abuelas de Plaza de Mayo emiti\u00f3 un comunicado donde repudi\u00f3 la posible visita del premier israel\u00ed a la Argentina y tambi\u00e9n calific\u00f3 el accionar de de su gobierno en contra de la poblaci\u00f3n palestina de genocidio.<\/p>\n<p><!-- Live Blog Post --><\/div>\n<p><a href=\"https:\/\/www.pagina12.com.ar\/853556-reclaman-la-detencion-inmediata-de-netanyahu-en-argentina\">source<\/a><\/p>\n","protected":false},"excerpt":{"rendered":"<p>Una organizaci\u00f3n de derechos humanos palestina present\u00f3 en los tribunales federales de Argentina una denuncia&#8230;<\/p>\n","protected":false},"author":0,"featured_media":199809,"comment_status":"open","ping_status":"open","sticky":false,"template":"","format":"standard","meta":{"footnotes":""},"categories":[60],"tags":[],"class_list":["post-199808","post","type-post","status-publish","format-standard","has-post-thumbnail","hentry","category-internacional"],"featured_image_urls":{"full":["https:\/\/radiofenix.com.ar\/2023\/wp-content\/uploads\/2025\/08\/wp-header-logo-174.png",960,540,false],"thumbnail":["https:\/\/radiofenix.com.ar\/2023\/wp-content\/uploads\/2025\/08\/wp-header-logo-174-150x150.png",150,150,true],"medium":["https:\/\/radiofenix.com.ar\/2023\/wp-content\/uploads\/2025\/08\/wp-header-logo-174-300x169.png",300,169,true],"medium_large":["https:\/\/radiofenix.com.ar\/2023\/wp-content\/uploads\/2025\/08\/wp-header-logo-174-768x432.png",640,360,true],"large":["https:\/\/radiofenix.com.ar\/2023\/wp-content\/uploads\/2025\/08\/wp-header-logo-174.png",640,360,false],"1536x1536":["https:\/\/radiofenix.com.ar\/2023\/wp-content\/uploads\/2025\/08\/wp-header-logo-174.png",960,540,false],"2048x2048":["https:\/\/radiofenix.com.ar\/2023\/wp-content\/uploads\/2025\/08\/wp-header-logo-174.png",960,540,false],"newsium-slider-full":["https:\/\/radiofenix.com.ar\/2023\/wp-content\/uploads\/2025\/08\/wp-header-logo-174.png",960,540,false],"newsium-featured":["https:\/\/radiofenix.com.ar\/2023\/wp-content\/uploads\/2025\/08\/wp-header-logo-174.png",960,540,false],"newsium-medium":["https:\/\/radiofenix.com.ar\/2023\/wp-content\/uploads\/2025\/08\/wp-header-logo-174-720x475.png",720,475,true]},"author_info":{"info":[""]},"category_info":"<a href=\"https:\/\/radiofenix.com.ar\/2023\/category\/internacional\/\" rel=\"category tag\">Internacional<\/a>","tag_info":"Internacional","comment_count":"0","_links":{"self":[{"href":"https:\/\/radiofenix.com.ar\/2023\/wp-json\/wp\/v2\/posts\/199808","targetHints":{"allow":["GET"]}}],"collection":[{"href":"https:\/\/radiofenix.com.ar\/2023\/wp-json\/wp\/v2\/posts"}],"about":[{"href":"https:\/\/radiofenix.com.ar\/2023\/wp-json\/wp\/v2\/types\/post"}],"replies":[{"embeddable":true,"href":"https:\/\/radiofenix.com.ar\/2023\/wp-json\/wp\/v2\/comments?post=199808"}],"version-history":[{"count":0,"href":"https:\/\/radiofenix.com.ar\/2023\/wp-json\/wp\/v2\/posts\/199808\/revisions"}],"wp:featuredmedia":[{"embeddable":true,"href":"https:\/\/radiofenix.com.ar\/2023\/wp-json\/wp\/v2\/media\/199809"}],"wp:attachment":[{"href":"https:\/\/radiofenix.com.ar\/2023\/wp-json\/wp\/v2\/media?parent=199808"}],"wp:term":[{"taxonomy":"category","embeddable":true,"href":"https:\/\/radiofenix.com.ar\/2023\/wp-json\/wp\/v2\/categories?post=199808"},{"taxonomy":"post_tag","embeddable":true,"href":"https:\/\/radiofenix.com.ar\/2023\/wp-json\/wp\/v2\/tags?post=199808"}],"curies":[{"name":"wp","href":"https:\/\/api.w.org\/{rel}","templated":true}]}}