{"id":199814,"date":"2025-08-31T08:57:16","date_gmt":"2025-08-31T08:57:16","guid":{"rendered":"https:\/\/radiofenix.com.ar\/2023\/se-le-cayo-la-re-re-al-presidente-de-sra\/"},"modified":"2025-08-31T08:57:16","modified_gmt":"2025-08-31T08:57:16","slug":"se-le-cayo-la-re-re-al-presidente-de-sra","status":"publish","type":"post","link":"https:\/\/radiofenix.com.ar\/2023\/se-le-cayo-la-re-re-al-presidente-de-sra\/","title":{"rendered":"Se le cay\u00f3 la &quot;re-re&quot; al presidente de SRA"},"content":{"rendered":"<div><!-- Body --><\/p>\n<p>El presidente de la Sociedad Rural Argentina, Nicol\u00e1s Pino, fracas\u00f3 en las \u00faltimas horas en su intento de que la asamblea de la entidad habilite la posibilidad de que se presente a una nueva reeleci\u00f3n. \u201cLos socios le dijeron \u2018No\u2019 al intento de Nicolas Pino de reformar por tercera vez el estatuto de la entidad, el 41% de los presentes obtur\u00f3 esa intenci\u00f3n\u201d, indic\u00f3 una fuente de primera l\u00ednea de esa entidad a la Agencia Noticias Argentinas.<\/p>\n<p>La reforma pretend\u00eda un cambio de fecha de balance, pero a su vez alteraba el proceso de elecci\u00f3n, explic\u00f3 la fuente. El hecho de que no se haya podido avanzar fue interpretado por los asamble\u00edstas como un freno al intento re-reeleccionista de Pino.<\/p>\n<p>Pino es un dirigente muy allegado al presidente Javier Milei, hasta tal punto que incluso circul\u00f3 la versi\u00f3n de que ser\u00eda nombrado en un cargo en el Gabinete nacional. Hace tiempo existe en SRA esta interna, que tiene al matarife al frente de una entidad que se disputa, precisamente, con su vice, Marcos Jorge Celedonio Pereda Born.\u00a0<\/p>\n<p>En esa interna, Pino representa, hoy, a las filas del gobierno de Javier Milei; y Pereda es cr\u00edtico, m\u00e1s alineado con las filas del macrismo residual. Hace unos meses, ambos cuadros ya se hab\u00edan cruzado por el tema de la permanencia en el cargo en la Rural. La \u00fanica coincidencia que tuvieron fue presionar, en t\u00e1ndem, para que el Gobierno de Javier Milei les bajara las retenciones a las exportaciones. Algo que lograron en la \u00faltima muestra ferial de Palermo. Luego de eso, volvieron a la pelea habitual y a la disputa de poder interno.\u00a0<\/p>\n<p><!-- Live Blog Post --><\/div>\n<p><a href=\"https:\/\/www.pagina12.com.ar\/853504-se-le-cayo-la-re-re-al-presidente-de-sra\">source<\/a><\/p>\n","protected":false},"excerpt":{"rendered":"<p>El presidente de la Sociedad Rural Argentina, Nicol\u00e1s Pino, fracas\u00f3 en las \u00faltimas horas en&#8230;<\/p>\n","protected":false},"author":0,"featured_media":199815,"comment_status":"open","ping_status":"open","sticky":false,"template":"","format":"standard","meta":{"footnotes":""},"categories":[5],"tags":[],"class_list":["post-199814","post","type-post","status-publish","format-standard","has-post-thumbnail","hentry","category-economia"],"featured_image_urls":{"full":["https:\/\/radiofenix.com.ar\/2023\/wp-content\/uploads\/2025\/08\/wp-header-logo-177.png",960,540,false],"thumbnail":["https:\/\/radiofenix.com.ar\/2023\/wp-content\/uploads\/2025\/08\/wp-header-logo-177-150x150.png",150,150,true],"medium":["https:\/\/radiofenix.com.ar\/2023\/wp-content\/uploads\/2025\/08\/wp-header-logo-177-300x169.png",300,169,true],"medium_large":["https:\/\/radiofenix.com.ar\/2023\/wp-content\/uploads\/2025\/08\/wp-header-logo-177-768x432.png",640,360,true],"large":["https:\/\/radiofenix.com.ar\/2023\/wp-content\/uploads\/2025\/08\/wp-header-logo-177.png",640,360,false],"1536x1536":["https:\/\/radiofenix.com.ar\/2023\/wp-content\/uploads\/2025\/08\/wp-header-logo-177.png",960,540,false],"2048x2048":["https:\/\/radiofenix.com.ar\/2023\/wp-content\/uploads\/2025\/08\/wp-header-logo-177.png",960,540,false],"newsium-slider-full":["https:\/\/radiofenix.com.ar\/2023\/wp-content\/uploads\/2025\/08\/wp-header-logo-177.png",960,540,false],"newsium-featured":["https:\/\/radiofenix.com.ar\/2023\/wp-content\/uploads\/2025\/08\/wp-header-logo-177.png",960,540,false],"newsium-medium":["https:\/\/radiofenix.com.ar\/2023\/wp-content\/uploads\/2025\/08\/wp-header-logo-177-720x475.png",720,475,true]},"author_info":{"info":[""]},"category_info":"<a href=\"https:\/\/radiofenix.com.ar\/2023\/category\/economia\/\" rel=\"category tag\">Economia<\/a>","tag_info":"Economia","comment_count":"0","_links":{"self":[{"href":"https:\/\/radiofenix.com.ar\/2023\/wp-json\/wp\/v2\/posts\/199814","targetHints":{"allow":["GET"]}}],"collection":[{"href":"https:\/\/radiofenix.com.ar\/2023\/wp-json\/wp\/v2\/posts"}],"about":[{"href":"https:\/\/radiofenix.com.ar\/2023\/wp-json\/wp\/v2\/types\/post"}],"replies":[{"embeddable":true,"href":"https:\/\/radiofenix.com.ar\/2023\/wp-json\/wp\/v2\/comments?post=199814"}],"version-history":[{"count":0,"href":"https:\/\/radiofenix.com.ar\/2023\/wp-json\/wp\/v2\/posts\/199814\/revisions"}],"wp:featuredmedia":[{"embeddable":true,"href":"https:\/\/radiofenix.com.ar\/2023\/wp-json\/wp\/v2\/media\/199815"}],"wp:attachment":[{"href":"https:\/\/radiofenix.com.ar\/2023\/wp-json\/wp\/v2\/media?parent=199814"}],"wp:term":[{"taxonomy":"category","embeddable":true,"href":"https:\/\/radiofenix.com.ar\/2023\/wp-json\/wp\/v2\/categories?post=199814"},{"taxonomy":"post_tag","embeddable":true,"href":"https:\/\/radiofenix.com.ar\/2023\/wp-json\/wp\/v2\/tags?post=199814"}],"curies":[{"name":"wp","href":"https:\/\/api.w.org\/{rel}","templated":true}]}}