{"id":199816,"date":"2025-08-31T08:57:18","date_gmt":"2025-08-31T08:57:18","guid":{"rendered":"https:\/\/radiofenix.com.ar\/2023\/movilizacion-y-represion\/"},"modified":"2025-08-31T08:57:18","modified_gmt":"2025-08-31T08:57:18","slug":"movilizacion-y-represion","status":"publish","type":"post","link":"https:\/\/radiofenix.com.ar\/2023\/movilizacion-y-represion\/","title":{"rendered":"Movilizaci\u00f3n y represi\u00f3n"},"content":{"rendered":"<div><!-- Body --><\/p>\n<p>Ayer s\u00e1bado hubo una movilizaci\u00f3n a Plaza de Mayo contra el genocidio en la Franja de Gaza y el alineamiento del gobierno argentino con Israel, como parte de una jornada nacional de lucha impulsada por el Comit\u00e9 Argentino de Solidaridad con el Pueblo Palestino. La jornada fue partea de una serie de manifestaciones a nivel mundial, acompa\u00f1ando la partida hacia Gaza -el 31 de agosto- de una flotilla humanitaria que intentar\u00e1 quebrar el bloqueo israel\u00ed. La movilizaci\u00f3n fue reprimida por la polic\u00eda en varias ocasiones y en la esquina de Callao y Corrientes y detuvo a Fernando Iglesias, miembro fundador de Hijos y militante del Espacio por la Memoria de Pompeya, trasladado a una dependencia policial y liberado horas m\u00e1s tarde. Otra persona fue hospitalizada en el Hospital Ramos Mej\u00eda por los golpes de los polic\u00edas <\/p>\n<p>En di\u00e1logo con <b>P\u00e1gina\/12<\/b>, Fernando Romanazzo &#8211;director del documental sobre Palestina Yallah Yallah\u2014relat\u00f3 c\u00f3mo se desat\u00f3 la represi\u00f3n: \u201cEn Plaza Congreso estaba todo tranquilo, se fue juntando la gente de organizaciones pol\u00edticas e independientes, y empezamos a caminar por Callao hacia Corrientes; algunos \u00edbamos cuidando que nadie se pase de los dos carriles que nos ten\u00edan asignados para poder transitar por la calle, hasta que pas\u00f3 una columna de polic\u00edas motorizados y le quitaron una bandera a la Agrupaci\u00f3n de Madres de Plaza de Mayo y la tiraron al suelo. Una compa\u00f1era quiso agarrarla y la empujaron: hubo una escaramuza. M\u00e1s adelante, en una esquina, la propia polic\u00eda cort\u00f3 el tr\u00e1nsito. Ah\u00ed, de nuevo empujones, gente tirada en el piso a la que les pegaron. Tambi\u00e9n atacaron a la prensa cuando quer\u00edan filmar. Ah\u00ed se llevaron detenido a Fernando Iglesias. Fuimos a pedir que lo liberen y empezaron a repartirnos palazos; yo escuch\u00e9 dos balazos de goma. En medio de mucha tensi\u00f3n, empezaron a meterse en la marcha buscando llevarse a m\u00e1s gente, empujaban a cualquiera, hasta familias con ni\u00f1os; cu\u00e1ndo llegamos a Plaza de Mayo est\u00e1bamos rodeados de mucha polic\u00eda. Fue una marcha totalmente pac\u00edfica. Pero reprimieron e hirieron a varios compa\u00f1eros\u201d. <\/p>\n<p>Entre los participantes estuvieron organizaciones de la comunidad \u00e1rabe y jud\u00eda como la Federaci\u00f3n de Entidades Argentino Palestinas, la Asociaci\u00f3n Cultural Siria y Jud\u00edes por Palestina. Adem\u00e1s desfilaron entre las centenares de personas, CTA y Ademys, centros de estudiantes (Artes Visuales de la UNA y Cefyl), la Liga Argentina por los Derechos Humanos, el colectivo transfeminista Sand\u00edas, la Campa\u00f1a Fuera Mekorot, Autoconvocados por Palestina, Estudiantes por Palestina, Cine por Palestina, organizaciones piqueteras y partidos de izquierda.\u00a0<\/p>\n<p><!-- Live Blog Post --><\/div>\n<p><a href=\"https:\/\/www.pagina12.com.ar\/853743-movilizacion-y-represion\">source<\/a><\/p>\n","protected":false},"excerpt":{"rendered":"<p>Ayer s\u00e1bado hubo una movilizaci\u00f3n a Plaza de Mayo contra el genocidio en la Franja&#8230;<\/p>\n","protected":false},"author":0,"featured_media":199817,"comment_status":"open","ping_status":"open","sticky":false,"template":"","format":"standard","meta":{"footnotes":""},"categories":[7],"tags":[],"class_list":["post-199816","post","type-post","status-publish","format-standard","has-post-thumbnail","hentry","category-sociedad"],"featured_image_urls":{"full":["https:\/\/radiofenix.com.ar\/2023\/wp-content\/uploads\/2025\/08\/wp-header-logo-178.png",960,540,false],"thumbnail":["https:\/\/radiofenix.com.ar\/2023\/wp-content\/uploads\/2025\/08\/wp-header-logo-178-150x150.png",150,150,true],"medium":["https:\/\/radiofenix.com.ar\/2023\/wp-content\/uploads\/2025\/08\/wp-header-logo-178-300x169.png",300,169,true],"medium_large":["https:\/\/radiofenix.com.ar\/2023\/wp-content\/uploads\/2025\/08\/wp-header-logo-178-768x432.png",640,360,true],"large":["https:\/\/radiofenix.com.ar\/2023\/wp-content\/uploads\/2025\/08\/wp-header-logo-178.png",640,360,false],"1536x1536":["https:\/\/radiofenix.com.ar\/2023\/wp-content\/uploads\/2025\/08\/wp-header-logo-178.png",960,540,false],"2048x2048":["https:\/\/radiofenix.com.ar\/2023\/wp-content\/uploads\/2025\/08\/wp-header-logo-178.png",960,540,false],"newsium-slider-full":["https:\/\/radiofenix.com.ar\/2023\/wp-content\/uploads\/2025\/08\/wp-header-logo-178.png",960,540,false],"newsium-featured":["https:\/\/radiofenix.com.ar\/2023\/wp-content\/uploads\/2025\/08\/wp-header-logo-178.png",960,540,false],"newsium-medium":["https:\/\/radiofenix.com.ar\/2023\/wp-content\/uploads\/2025\/08\/wp-header-logo-178-720x475.png",720,475,true]},"author_info":{"info":[""]},"category_info":"<a href=\"https:\/\/radiofenix.com.ar\/2023\/category\/sociedad\/\" rel=\"category tag\">Sociedad<\/a>","tag_info":"Sociedad","comment_count":"0","_links":{"self":[{"href":"https:\/\/radiofenix.com.ar\/2023\/wp-json\/wp\/v2\/posts\/199816","targetHints":{"allow":["GET"]}}],"collection":[{"href":"https:\/\/radiofenix.com.ar\/2023\/wp-json\/wp\/v2\/posts"}],"about":[{"href":"https:\/\/radiofenix.com.ar\/2023\/wp-json\/wp\/v2\/types\/post"}],"replies":[{"embeddable":true,"href":"https:\/\/radiofenix.com.ar\/2023\/wp-json\/wp\/v2\/comments?post=199816"}],"version-history":[{"count":0,"href":"https:\/\/radiofenix.com.ar\/2023\/wp-json\/wp\/v2\/posts\/199816\/revisions"}],"wp:featuredmedia":[{"embeddable":true,"href":"https:\/\/radiofenix.com.ar\/2023\/wp-json\/wp\/v2\/media\/199817"}],"wp:attachment":[{"href":"https:\/\/radiofenix.com.ar\/2023\/wp-json\/wp\/v2\/media?parent=199816"}],"wp:term":[{"taxonomy":"category","embeddable":true,"href":"https:\/\/radiofenix.com.ar\/2023\/wp-json\/wp\/v2\/categories?post=199816"},{"taxonomy":"post_tag","embeddable":true,"href":"https:\/\/radiofenix.com.ar\/2023\/wp-json\/wp\/v2\/tags?post=199816"}],"curies":[{"name":"wp","href":"https:\/\/api.w.org\/{rel}","templated":true}]}}