{"id":199822,"date":"2025-08-31T08:57:22","date_gmt":"2025-08-31T08:57:22","guid":{"rendered":"https:\/\/radiofenix.com.ar\/2023\/manuel-adorni-sobre-los-audios-de-karina-milei-primera-vez-que-se-graba-a-un-funcionario-en-casa-rosada\/"},"modified":"2025-08-31T08:57:22","modified_gmt":"2025-08-31T08:57:22","slug":"manuel-adorni-sobre-los-audios-de-karina-milei-primera-vez-que-se-graba-a-un-funcionario-en-casa-rosada","status":"publish","type":"post","link":"https:\/\/radiofenix.com.ar\/2023\/manuel-adorni-sobre-los-audios-de-karina-milei-primera-vez-que-se-graba-a-un-funcionario-en-casa-rosada\/","title":{"rendered":"Manuel Adorni sobre los audios de Karina Milei: &quot;Primera vez que se graba a un funcionario en Casa Rosada&quot;"},"content":{"rendered":"<div id=\"\">\n<p data-start=\"752\" data-end=\"1247\">En las grabaciones, dadas a conocer por el canal <em>Carnaval Stream<\/em>, se escucha a la Secretaria de Presidencia pedir calma y unidad dentro del oficialismo. <strong>\u201cNo vamos a entrar en la pelea, nosotros tenemos que estar unidos\u201d<\/strong>, afirma en uno de los fragmentos.<\/p>\n<p data-start=\"752\" data-end=\"1247\">En otro pasaje, la funcionaria lanza un reproche sobre el nivel de compromiso de algunos colaboradores: <strong>\u201cAc\u00e1 ni siquiera\u2026 porque en verdad no tienen que estar 24 horas. Porque yo entro a las 8 de la ma\u00f1ana y me voy a las 11 de la noche de la Casa Rosada\u201d.<\/strong><\/p>\n<p data-start=\"1249\" data-end=\"1614\"> De acuerdo con el periodista <strong>Mauro Federico,<\/strong> conductor del programa que difundi\u00f3 el material, las grabaciones llegaron en la madrugada bajo la consigna \u201cla puntita\u201d y habr\u00edan sido realizadas en una oficina p\u00fablica en tiempos en que ya comenzaban los ruidos internos en el Gobierno. Seg\u00fan las fuentes, <strong>existir\u00edan alrededor de 50 minutos de audio de la funcionaria<\/strong>.<\/p>\n<div contenteditable=\"false\" class=\"embed_cont type_imagen\" id=\"8118214-Libre-1391952475_wrap\">\n<p> spagnuolo menem karina milei <span onclick=\"parent.parent.TinyMCETdcuerpo.preview_embed('8118214-Libre-1391952475')\" class=\"embed_colapse less\" id=\"8118214-Libre-1391952475_colapse\"\/>  <span onclick=\"parent.parent.TinyMCETdcuerpo.delete_embed('8118214-Libre-1391952475')\" class=\"embed_delete less\" id=\"8118214-Libre-1391952475_delete\"\/><\/p>\n<div id=\"8118214-Libre-1391952475_content\" class=\"embed_content\"><img loading=\"lazy\" decoding=\"async\" src=\"https:\/\/media.minutouno.com\/p\/0b64dc28ed0fcbc8e2a3483bdd996c25\/adjuntos\/150\/imagenes\/042\/706\/0042706738\/spagnuolo-menem-karina-milei.jpg\" alt=\"\" title=\"\" width=\"610\" height=\"456\" id=\"8118214-Libre-1391952475_embed\"\/><\/div>\n<\/p><\/div>\n<p data-start=\"1616\" data-end=\"2057\">En estos registros no se mencionan ni la causa por las coimas ni el presunto circuito de retornos a partir de la compra de medicamentos, que s\u00ed aparecieron en los audios de Spagnuolo. El exfuncionario hab\u00eda se\u00f1alado un mecanismo en el que un porcentaje de los contratos deb\u00eda ser derivado hacia la droguer\u00eda Suizo Argentina y luego remitido a la Presidencia, un material que gener\u00f3 allanamientos judiciales y su salida inmediata del cargo.<\/p>\n<p data-start=\"2059\" data-end=\"2369\">La aparici\u00f3n de la voz de Karina marca un giro en la investigaci\u00f3n medi\u00e1tica y pol\u00edtica. Si bien las frases conocidas hasta ahora no la vinculan directamente con el entramado de corrupci\u00f3n, la sola exposici\u00f3n de su figura alimenta las tensiones alrededor del caso y la coloca en el centro de la escena. Mientras tanto, la Justicia avanza con nuevos allanamientos en las sedes de la Agencia de Discapacidad y en la droguer\u00eda se\u00f1alada.<\/p>\n<div contenteditable=\"false\" class=\"embed_cont type_freetext\" rel=\"freetext\" id=\"embed9_wrap\">\n<p> Embed <span onclick=\"parent.parent.TinyMCETdcuerpo.preview_embed('embed9')\" class=\"embed_colapse less\" id=\"embed9_colapse\"\/>  <span onclick=\"parent.parent.TinyMCETdcuerpo.delete_embed('embed9')\" class=\"embed_delete less\" id=\"embed9_delete\"\/><\/p>\n<div id=\"embed9_content\" class=\"embed_content\">\n<div id=\"embed9_embed\">\n<figure class=\"figure\"><a href=\"https:\/\/t.me\/minutounocom\" target=\"_blank\"><img decoding=\"async\" src=\"https:\/\/media.minutouno.com\/adjuntos\/150\/banners\/039\/099\/0039099175.jpg\" class=\"figure-img img-fluid\" style=\"width:100%;height:auto;\"\/><\/a><\/figure>\n<\/p><\/div>\n<\/div><\/div>\n<\/div>\n<p><a href=\"https:\/\/www.minutouno.com\/politica\/manuel-adorni-los-audios-karina-milei-primera-vez-que-se-graba-un-funcionario-casa-rosada-n6184507\">source<\/a><\/p>\n","protected":false},"excerpt":{"rendered":"<p>En las grabaciones, dadas a conocer por el canal Carnaval Stream, se escucha a la&#8230;<\/p>\n","protected":false},"author":0,"featured_media":199823,"comment_status":"open","ping_status":"open","sticky":false,"template":"","format":"standard","meta":{"footnotes":""},"categories":[2],"tags":[],"class_list":["post-199822","post","type-post","status-publish","format-standard","has-post-thumbnail","hentry","category-politica"],"featured_image_urls":{"full":["https:\/\/radiofenix.com.ar\/2023\/wp-content\/uploads\/2025\/08\/wp-header-logo-181.png",610,456,false],"thumbnail":["https:\/\/radiofenix.com.ar\/2023\/wp-content\/uploads\/2025\/08\/wp-header-logo-181-150x150.png",150,150,true],"medium":["https:\/\/radiofenix.com.ar\/2023\/wp-content\/uploads\/2025\/08\/wp-header-logo-181-300x224.png",300,224,true],"medium_large":["https:\/\/radiofenix.com.ar\/2023\/wp-content\/uploads\/2025\/08\/wp-header-logo-181.png",610,456,false],"large":["https:\/\/radiofenix.com.ar\/2023\/wp-content\/uploads\/2025\/08\/wp-header-logo-181.png",610,456,false],"1536x1536":["https:\/\/radiofenix.com.ar\/2023\/wp-content\/uploads\/2025\/08\/wp-header-logo-181.png",610,456,false],"2048x2048":["https:\/\/radiofenix.com.ar\/2023\/wp-content\/uploads\/2025\/08\/wp-header-logo-181.png",610,456,false],"newsium-slider-full":["https:\/\/radiofenix.com.ar\/2023\/wp-content\/uploads\/2025\/08\/wp-header-logo-181.png",610,456,false],"newsium-featured":["https:\/\/radiofenix.com.ar\/2023\/wp-content\/uploads\/2025\/08\/wp-header-logo-181.png",610,456,false],"newsium-medium":["https:\/\/radiofenix.com.ar\/2023\/wp-content\/uploads\/2025\/08\/wp-header-logo-181.png",610,456,false]},"author_info":{"info":[""]},"category_info":"<a href=\"https:\/\/radiofenix.com.ar\/2023\/category\/politica\/\" rel=\"category tag\">Pol\u00edtica<\/a>","tag_info":"Pol\u00edtica","comment_count":"0","_links":{"self":[{"href":"https:\/\/radiofenix.com.ar\/2023\/wp-json\/wp\/v2\/posts\/199822","targetHints":{"allow":["GET"]}}],"collection":[{"href":"https:\/\/radiofenix.com.ar\/2023\/wp-json\/wp\/v2\/posts"}],"about":[{"href":"https:\/\/radiofenix.com.ar\/2023\/wp-json\/wp\/v2\/types\/post"}],"replies":[{"embeddable":true,"href":"https:\/\/radiofenix.com.ar\/2023\/wp-json\/wp\/v2\/comments?post=199822"}],"version-history":[{"count":0,"href":"https:\/\/radiofenix.com.ar\/2023\/wp-json\/wp\/v2\/posts\/199822\/revisions"}],"wp:featuredmedia":[{"embeddable":true,"href":"https:\/\/radiofenix.com.ar\/2023\/wp-json\/wp\/v2\/media\/199823"}],"wp:attachment":[{"href":"https:\/\/radiofenix.com.ar\/2023\/wp-json\/wp\/v2\/media?parent=199822"}],"wp:term":[{"taxonomy":"category","embeddable":true,"href":"https:\/\/radiofenix.com.ar\/2023\/wp-json\/wp\/v2\/categories?post=199822"},{"taxonomy":"post_tag","embeddable":true,"href":"https:\/\/radiofenix.com.ar\/2023\/wp-json\/wp\/v2\/tags?post=199822"}],"curies":[{"name":"wp","href":"https:\/\/api.w.org\/{rel}","templated":true}]}}