{"id":199826,"date":"2025-09-01T08:57:21","date_gmt":"2025-09-01T08:57:21","guid":{"rendered":"https:\/\/radiofenix.com.ar\/2023\/milei-macri-las-coimas-y-el-fin-de-la-magia\/"},"modified":"2025-09-01T08:57:21","modified_gmt":"2025-09-01T08:57:21","slug":"milei-macri-las-coimas-y-el-fin-de-la-magia","status":"publish","type":"post","link":"https:\/\/radiofenix.com.ar\/2023\/milei-macri-las-coimas-y-el-fin-de-la-magia\/","title":{"rendered":"Milei, Macri, las coimas y el &quot;fin de la magia&quot;"},"content":{"rendered":"<p>El l\u00edder PRO cree que el libertario est\u00e1 en una situaci\u00f3n econ\u00f3mica de cuidado y con una debilidad pol\u00edtica l\u00edmite. Para el poder econ\u00f3mico, el escape veloz de una caravana \u00absin gente\u00bb en Lomas de Zamora es un dato negativo y le ponen fecha al Gobierno: \u00abel 7 de septiembre se juegan la \u00faltima ficha\u00bb, aseguran.\u00a0<br \/><a href=\"https:\/\/www.pagina12.com.ar\/853707-milei-macri-las-coimas-y-el-fin-de-la-magia\">source<\/a><\/p>\n","protected":false},"excerpt":{"rendered":"<p>El l\u00edder PRO cree que el libertario est\u00e1 en una situaci\u00f3n econ\u00f3mica de cuidado y&#8230;<\/p>\n","protected":false},"author":0,"featured_media":199827,"comment_status":"open","ping_status":"open","sticky":false,"template":"","format":"standard","meta":{"footnotes":""},"categories":[5],"tags":[],"class_list":["post-199826","post","type-post","status-publish","format-standard","has-post-thumbnail","hentry","category-economia"],"featured_image_urls":{"full":["https:\/\/radiofenix.com.ar\/2023\/wp-content\/uploads\/2025\/09\/wp-header-logo.png",960,540,false],"thumbnail":["https:\/\/radiofenix.com.ar\/2023\/wp-content\/uploads\/2025\/09\/wp-header-logo-150x150.png",150,150,true],"medium":["https:\/\/radiofenix.com.ar\/2023\/wp-content\/uploads\/2025\/09\/wp-header-logo-300x169.png",300,169,true],"medium_large":["https:\/\/radiofenix.com.ar\/2023\/wp-content\/uploads\/2025\/09\/wp-header-logo-768x432.png",640,360,true],"large":["https:\/\/radiofenix.com.ar\/2023\/wp-content\/uploads\/2025\/09\/wp-header-logo.png",640,360,false],"1536x1536":["https:\/\/radiofenix.com.ar\/2023\/wp-content\/uploads\/2025\/09\/wp-header-logo.png",960,540,false],"2048x2048":["https:\/\/radiofenix.com.ar\/2023\/wp-content\/uploads\/2025\/09\/wp-header-logo.png",960,540,false],"newsium-slider-full":["https:\/\/radiofenix.com.ar\/2023\/wp-content\/uploads\/2025\/09\/wp-header-logo.png",960,540,false],"newsium-featured":["https:\/\/radiofenix.com.ar\/2023\/wp-content\/uploads\/2025\/09\/wp-header-logo.png",960,540,false],"newsium-medium":["https:\/\/radiofenix.com.ar\/2023\/wp-content\/uploads\/2025\/09\/wp-header-logo-720x475.png",720,475,true]},"author_info":{"info":[""]},"category_info":"<a href=\"https:\/\/radiofenix.com.ar\/2023\/category\/economia\/\" rel=\"category tag\">Economia<\/a>","tag_info":"Economia","comment_count":"0","_links":{"self":[{"href":"https:\/\/radiofenix.com.ar\/2023\/wp-json\/wp\/v2\/posts\/199826","targetHints":{"allow":["GET"]}}],"collection":[{"href":"https:\/\/radiofenix.com.ar\/2023\/wp-json\/wp\/v2\/posts"}],"about":[{"href":"https:\/\/radiofenix.com.ar\/2023\/wp-json\/wp\/v2\/types\/post"}],"replies":[{"embeddable":true,"href":"https:\/\/radiofenix.com.ar\/2023\/wp-json\/wp\/v2\/comments?post=199826"}],"version-history":[{"count":0,"href":"https:\/\/radiofenix.com.ar\/2023\/wp-json\/wp\/v2\/posts\/199826\/revisions"}],"wp:featuredmedia":[{"embeddable":true,"href":"https:\/\/radiofenix.com.ar\/2023\/wp-json\/wp\/v2\/media\/199827"}],"wp:attachment":[{"href":"https:\/\/radiofenix.com.ar\/2023\/wp-json\/wp\/v2\/media?parent=199826"}],"wp:term":[{"taxonomy":"category","embeddable":true,"href":"https:\/\/radiofenix.com.ar\/2023\/wp-json\/wp\/v2\/categories?post=199826"},{"taxonomy":"post_tag","embeddable":true,"href":"https:\/\/radiofenix.com.ar\/2023\/wp-json\/wp\/v2\/tags?post=199826"}],"curies":[{"name":"wp","href":"https:\/\/api.w.org\/{rel}","templated":true}]}}