{"id":199832,"date":"2025-09-01T08:57:26","date_gmt":"2025-09-01T08:57:26","guid":{"rendered":"https:\/\/radiofenix.com.ar\/2023\/desde-el-lunes-no-se-permitiran-celulares-en-las-escuelas-secundarias-de-francia\/"},"modified":"2025-09-01T08:57:26","modified_gmt":"2025-09-01T08:57:26","slug":"desde-el-lunes-no-se-permitiran-celulares-en-las-escuelas-secundarias-de-francia","status":"publish","type":"post","link":"https:\/\/radiofenix.com.ar\/2023\/desde-el-lunes-no-se-permitiran-celulares-en-las-escuelas-secundarias-de-francia\/","title":{"rendered":"Desde el lunes, no se permitir\u00e1n celulares en las escuelas secundarias de Francia"},"content":{"rendered":"<div><!-- Body --><\/p>\n<p>El Gobierno franc\u00e9s prohibir\u00e1 los tel\u00e9fonos celulares en las escuelas <b>a partir del pr\u00f3ximo lunes,<\/b>\u00a0d\u00eda del comienzo del curso escolar.\u00a0<b>La ministra de Educaci\u00f3n, Elisabeth Borne<\/b>, confirm\u00f3 la medida, anunciada antes de las vacaciones\u00a0<b>para \u201cgarantizar que ning\u00fan estudiante de secundaria utilice su tel\u00e9fono m\u00f3vil <\/b>dentro del establecimiento escolar\u201d. Borne present\u00f3 su hoja de ruta para los pr\u00f3ximos meses esta semana, a pesar de la incertidumbre que hay sobre el futuro del gobierno franc\u00e9s, despu\u00e9s de que el primer ministro, Fran\u00e7ois Bayrou, <b>anunciase que se someter\u00e1 al voto de confianza del Parlamento<\/b>.<\/p>\n<p>\u201cEl problema de las pantallas es un problema de salud p\u00fablica, un problema de salud mental cuyas consecuencias son innegables\u201d, insisti\u00f3 la ministra, que record\u00f3 que <b>\u201cuno de cada cinco j\u00f3venes hoy en d\u00eda presenta signos de malestar psicol\u00f3gico\u201d <\/b>provocado por la exposici\u00f3n a las pantallas. El sistema, bautizado como<b> \u201ctel\u00e9fono m\u00f3vil en pausa\u201d<\/b>, se implementar\u00e1 gradualmente en todos los centros p\u00fablicos desde el inicio del curso escolar y antes de que finalice el a\u00f1o natural. Los celulares ser\u00e1n retirados en la entrada, as\u00ed como otros dispositivos, como iPad o relojes inteligentes. <b>La direcci\u00f3n de cada centro educativo se encargar\u00e1 del dispositivo<\/b>.<\/p>\n<p>\u201cEl uso de tel\u00e9fonos m\u00f3viles puede perjudicar gravemente la capacidad de escucha y concentraci\u00f3n necesarias para la ense\u00f1anza. <b>Su uso es causa de una proporci\u00f3n significativa de actos de incivismo y disturbios en las escuelas\u201d<\/b>, se\u00f1ala el reglamento. Durante el cursado del a\u00f1o pasado se llev\u00f3 a cabo esta medida en algunos centros de manera experimental, y seg\u00fan el Ministerio de Educaci\u00f3n Nacional, <b>\u201chubo efectos positivos en el clima escolar y en la concentraci\u00f3n del alumnado en el aprendizaje\u201d<\/b>. En caso de incumplimiento se dar\u00e1 \u201cuna respuesta adecuada, individual y gradual a todo uso de tel\u00e9fonos m\u00f3viles dentro del colegio\u201d. <b>Puede ser una sanci\u00f3n acad\u00e9mica (tareas extra)<\/b>, la confiscaci\u00f3n del dispositivo &#8211;ahora autorizada por ley&#8211; o, en los casos m\u00e1s graves, una sanci\u00f3n disciplinaria.<\/p>\n<h2>Reflexiones sobre el celular<\/h2>\n<p>En declaraciones a P\u00e1gina\/12,\u00a0\u00a0<b>Agust\u00edn Valle &#8211;investigador y\u00a0<\/b>autor de \u00abJam\u00e1s tan cerca, la humanidad que armamos con las pantallas\u00bb&#8211;\u00a0explic\u00f3 que para sus trabajos sobre la \u00absujeci\u00f3n conectiva\u00bb o \u00absujeci\u00f3n celular\u00bb, habl\u00f3 con docentes que le confirmaron que <b>muchos ni\u00f1os \u00abtienen promedios de 7 u 8 horas de pantalla por d\u00eda los d\u00edas de semana\u00bb<\/b> y que en los fines de semana pueden alcanzar las 12 o 13 horas.\u00a0<b>\u00abPuede que no haya habido ning\u00fan otro dispositivo en la historia con tanta tracci\u00f3n sobre la atenci\u00f3n\u00bb<\/b>\u00a0afirma Valle sobre los celulares, a los que define como \u00abportales de la medi\u00f3sfera\u00bb. As\u00ed el celular detenta un fuerte poder \u00absobre los cuerpos y la realidad sensible\u00bb y <b>consigue \u00abun monopolio del deseo\u00bb, provocando una sujeci\u00f3n total de la mirada<\/b>, algo que no sucede solo en los menores de edad.<\/p>\n<p>Este fen\u00f3meno ocurre porque <b>\u00ablas pantallas ofrecen est\u00edmulos y novedades en forma permanente, infinita\u00bb<\/b>. Valle considera que hoy podemos \u00abestar\u00a0<b>sin estar\u00bb<\/b> y esto provoca la \u00abdisoaciaci\u00f3n entre cuerpo y mente\u00bb. Valle comprende que <b>algunas prohibiciones a gran escala tienen \u00abalgo tosco y torpe\u00bb y hasta pueden \u00abser contraproducentes\u00bb. Y<\/b>\u00a0destac\u00f3 el caso de una escuela de jornada completa en Rosario. All\u00ed se prohibi\u00f3 el uso de celulares por iniciativa de la direcci\u00f3n, y luego se llevaron a cabo debates y asambleas de la comunidad escolar respecto a esa prohibici\u00f3n. <b>\u00abEs muy interesante invitar a los chicos a investigar que es lo que les y nos sucede con el apego encandilado a las pantallas\u00bb<\/b>, dice el escritor que advierte que no hay que subestimar los aportes de los estudiantes, en calidad de \u00absujetos pensantes y decisores\u00bb, para reflexionar sobre las adicciones conectivas. <b>\u00abSi la prohibici\u00f3n impide que se investigue qu\u00e9 es lo que pasa, nos perdemos de informaci\u00f3n investigable\u00bb<\/b>, subray\u00f3.<\/p>\n<p>Valle tambi\u00e9n mostr\u00f3 sus dudas sobre c\u00f3mo se podr\u00eda operativizar la medida en Francia. Seg\u00fan Valle, los interrogantes sobre la prohibici\u00f3n de utilizar celulares surgen de que no es un objeto m\u00e1s, como una tijera o una escoba, que tienen un lugar donde se guardan. \u00ab<b>El lugar del celular es pegado al cuerpo <\/b>porque es un umbral, es portal al ambiente virtual\u00bb, afirma Valle, quien lo entiende en su funcionamiento como la <b>conexi\u00f3n al \u00abr\u00e9gimen pr\u00e1ctico de existencia\u00bb,<\/b> tanto para grandes como para chicos. De esa forma concluy\u00f3 pregunt\u00e1ndose si los trabajadores de la educaci\u00f3n \u00abpodr\u00e1n abstenerse de agarrar el rosario contempor\u00e1neo\u00bb.<\/p>\n<p><!-- Live Blog Post --><\/div>\n<p><a href=\"https:\/\/www.pagina12.com.ar\/853522-desde-el-lunes-no-se-permitiran-celulares-en-las-escuelas-se\">source<\/a><\/p>\n","protected":false},"excerpt":{"rendered":"<p>El Gobierno franc\u00e9s prohibir\u00e1 los tel\u00e9fonos celulares en las escuelas a partir del pr\u00f3ximo lunes,\u00a0d\u00eda&#8230;<\/p>\n","protected":false},"author":0,"featured_media":199833,"comment_status":"open","ping_status":"open","sticky":false,"template":"","format":"standard","meta":{"footnotes":""},"categories":[60],"tags":[],"class_list":["post-199832","post","type-post","status-publish","format-standard","has-post-thumbnail","hentry","category-internacional"],"featured_image_urls":{"full":["https:\/\/radiofenix.com.ar\/2023\/wp-content\/uploads\/2025\/09\/wp-header-logo-3.png",960,540,false],"thumbnail":["https:\/\/radiofenix.com.ar\/2023\/wp-content\/uploads\/2025\/09\/wp-header-logo-3-150x150.png",150,150,true],"medium":["https:\/\/radiofenix.com.ar\/2023\/wp-content\/uploads\/2025\/09\/wp-header-logo-3-300x169.png",300,169,true],"medium_large":["https:\/\/radiofenix.com.ar\/2023\/wp-content\/uploads\/2025\/09\/wp-header-logo-3-768x432.png",640,360,true],"large":["https:\/\/radiofenix.com.ar\/2023\/wp-content\/uploads\/2025\/09\/wp-header-logo-3.png",640,360,false],"1536x1536":["https:\/\/radiofenix.com.ar\/2023\/wp-content\/uploads\/2025\/09\/wp-header-logo-3.png",960,540,false],"2048x2048":["https:\/\/radiofenix.com.ar\/2023\/wp-content\/uploads\/2025\/09\/wp-header-logo-3.png",960,540,false],"newsium-slider-full":["https:\/\/radiofenix.com.ar\/2023\/wp-content\/uploads\/2025\/09\/wp-header-logo-3.png",960,540,false],"newsium-featured":["https:\/\/radiofenix.com.ar\/2023\/wp-content\/uploads\/2025\/09\/wp-header-logo-3.png",960,540,false],"newsium-medium":["https:\/\/radiofenix.com.ar\/2023\/wp-content\/uploads\/2025\/09\/wp-header-logo-3-720x475.png",720,475,true]},"author_info":{"info":[""]},"category_info":"<a href=\"https:\/\/radiofenix.com.ar\/2023\/category\/internacional\/\" rel=\"category tag\">Internacional<\/a>","tag_info":"Internacional","comment_count":"0","_links":{"self":[{"href":"https:\/\/radiofenix.com.ar\/2023\/wp-json\/wp\/v2\/posts\/199832","targetHints":{"allow":["GET"]}}],"collection":[{"href":"https:\/\/radiofenix.com.ar\/2023\/wp-json\/wp\/v2\/posts"}],"about":[{"href":"https:\/\/radiofenix.com.ar\/2023\/wp-json\/wp\/v2\/types\/post"}],"replies":[{"embeddable":true,"href":"https:\/\/radiofenix.com.ar\/2023\/wp-json\/wp\/v2\/comments?post=199832"}],"version-history":[{"count":0,"href":"https:\/\/radiofenix.com.ar\/2023\/wp-json\/wp\/v2\/posts\/199832\/revisions"}],"wp:featuredmedia":[{"embeddable":true,"href":"https:\/\/radiofenix.com.ar\/2023\/wp-json\/wp\/v2\/media\/199833"}],"wp:attachment":[{"href":"https:\/\/radiofenix.com.ar\/2023\/wp-json\/wp\/v2\/media?parent=199832"}],"wp:term":[{"taxonomy":"category","embeddable":true,"href":"https:\/\/radiofenix.com.ar\/2023\/wp-json\/wp\/v2\/categories?post=199832"},{"taxonomy":"post_tag","embeddable":true,"href":"https:\/\/radiofenix.com.ar\/2023\/wp-json\/wp\/v2\/tags?post=199832"}],"curies":[{"name":"wp","href":"https:\/\/api.w.org\/{rel}","templated":true}]}}