{"id":199834,"date":"2025-09-01T08:57:28","date_gmt":"2025-09-01T08:57:28","guid":{"rendered":"https:\/\/radiofenix.com.ar\/2023\/fuerte-cruce-entre-jorge-rial-y-lilia-lemoine-en-medio-del-escandalo-por-presuntas-coimas-mantenida-por-nosotros\/"},"modified":"2025-09-01T08:57:28","modified_gmt":"2025-09-01T08:57:28","slug":"fuerte-cruce-entre-jorge-rial-y-lilia-lemoine-en-medio-del-escandalo-por-presuntas-coimas-mantenida-por-nosotros","status":"publish","type":"post","link":"https:\/\/radiofenix.com.ar\/2023\/fuerte-cruce-entre-jorge-rial-y-lilia-lemoine-en-medio-del-escandalo-por-presuntas-coimas-mantenida-por-nosotros\/","title":{"rendered":"Fuerte cruce entre Jorge Rial y Lilia Lemoine en medio del esc\u00e1ndalo por presuntas coimas: &quot;Mantenida por nosotros&quot;"},"content":{"rendered":"<div id=\"note-body\">\n<p>Lilia Lemoine atac\u00f3 a Jorge Rial en X tras la difusi\u00f3n de los chats que el periodista mostr\u00f3 en <em>\u00abArgenzuela\u00bb<\/em> donde se ella se mensajeaba con el jefe de la c\u00e1mara de diputados, Mart\u00edn Menem, mientras se peleaba con la diputada Marcela Pagano con la que tiene una enemistad declarada.<\/p>\n<\/div>\n<p><a href=\"https:\/\/www.minutouno.com\/politica\/fuerte-cruce-jorge-rial-y-lilia-lemoine-medio-del-escandalo-presuntas-coimas-mantenida-nosotros-n6184631\">source<\/a><\/p>\n","protected":false},"excerpt":{"rendered":"<p>Lilia Lemoine atac\u00f3 a Jorge Rial en X tras la difusi\u00f3n de los chats que&#8230;<\/p>\n","protected":false},"author":0,"featured_media":199835,"comment_status":"open","ping_status":"open","sticky":false,"template":"","format":"standard","meta":{"footnotes":""},"categories":[2],"tags":[],"class_list":["post-199834","post","type-post","status-publish","format-standard","has-post-thumbnail","hentry","category-politica"],"featured_image_urls":{"full":["https:\/\/radiofenix.com.ar\/2023\/wp-content\/uploads\/2025\/09\/wp-header-logo-4.png",1200,675,false],"thumbnail":["https:\/\/radiofenix.com.ar\/2023\/wp-content\/uploads\/2025\/09\/wp-header-logo-4-150x150.png",150,150,true],"medium":["https:\/\/radiofenix.com.ar\/2023\/wp-content\/uploads\/2025\/09\/wp-header-logo-4-300x169.png",300,169,true],"medium_large":["https:\/\/radiofenix.com.ar\/2023\/wp-content\/uploads\/2025\/09\/wp-header-logo-4-768x432.png",640,360,true],"large":["https:\/\/radiofenix.com.ar\/2023\/wp-content\/uploads\/2025\/09\/wp-header-logo-4-1024x576.png",640,360,true],"1536x1536":["https:\/\/radiofenix.com.ar\/2023\/wp-content\/uploads\/2025\/09\/wp-header-logo-4.png",1200,675,false],"2048x2048":["https:\/\/radiofenix.com.ar\/2023\/wp-content\/uploads\/2025\/09\/wp-header-logo-4.png",1200,675,false],"newsium-slider-full":["https:\/\/radiofenix.com.ar\/2023\/wp-content\/uploads\/2025\/09\/wp-header-logo-4.png",1200,675,false],"newsium-featured":["https:\/\/radiofenix.com.ar\/2023\/wp-content\/uploads\/2025\/09\/wp-header-logo-4-1024x576.png",1024,576,true],"newsium-medium":["https:\/\/radiofenix.com.ar\/2023\/wp-content\/uploads\/2025\/09\/wp-header-logo-4-720x475.png",720,475,true]},"author_info":{"info":[""]},"category_info":"<a href=\"https:\/\/radiofenix.com.ar\/2023\/category\/politica\/\" rel=\"category tag\">Pol\u00edtica<\/a>","tag_info":"Pol\u00edtica","comment_count":"0","_links":{"self":[{"href":"https:\/\/radiofenix.com.ar\/2023\/wp-json\/wp\/v2\/posts\/199834","targetHints":{"allow":["GET"]}}],"collection":[{"href":"https:\/\/radiofenix.com.ar\/2023\/wp-json\/wp\/v2\/posts"}],"about":[{"href":"https:\/\/radiofenix.com.ar\/2023\/wp-json\/wp\/v2\/types\/post"}],"replies":[{"embeddable":true,"href":"https:\/\/radiofenix.com.ar\/2023\/wp-json\/wp\/v2\/comments?post=199834"}],"version-history":[{"count":0,"href":"https:\/\/radiofenix.com.ar\/2023\/wp-json\/wp\/v2\/posts\/199834\/revisions"}],"wp:featuredmedia":[{"embeddable":true,"href":"https:\/\/radiofenix.com.ar\/2023\/wp-json\/wp\/v2\/media\/199835"}],"wp:attachment":[{"href":"https:\/\/radiofenix.com.ar\/2023\/wp-json\/wp\/v2\/media?parent=199834"}],"wp:term":[{"taxonomy":"category","embeddable":true,"href":"https:\/\/radiofenix.com.ar\/2023\/wp-json\/wp\/v2\/categories?post=199834"},{"taxonomy":"post_tag","embeddable":true,"href":"https:\/\/radiofenix.com.ar\/2023\/wp-json\/wp\/v2\/tags?post=199834"}],"curies":[{"name":"wp","href":"https:\/\/api.w.org\/{rel}","templated":true}]}}