{"id":199840,"date":"2025-09-02T08:57:14","date_gmt":"2025-09-02T08:57:14","guid":{"rendered":"https:\/\/radiofenix.com.ar\/2023\/tandil-conmocion-por-el-crimen-de-una-chica-a-la-salida-de-un-boliche\/"},"modified":"2025-09-02T08:57:14","modified_gmt":"2025-09-02T08:57:14","slug":"tandil-conmocion-por-el-crimen-de-una-chica-a-la-salida-de-un-boliche","status":"publish","type":"post","link":"https:\/\/radiofenix.com.ar\/2023\/tandil-conmocion-por-el-crimen-de-una-chica-a-la-salida-de-un-boliche\/","title":{"rendered":"Tandil: conmoci\u00f3n por el crimen de una chica a la salida de un boliche"},"content":{"rendered":"<div><!-- Body --><\/p>\n<p>Un brutal crimen sacudi\u00f3 a los vecinos de Tandil cuando Milagros Quenaipe, de 18 a\u00f1os, <b>fue asesinada a la salida de un boliche<\/b>. Respecto a su agresor, fue detenido horas despu\u00e9s y ahora se trata de establecer el m\u00f3vil del asesinato debido a que, en principio, <b>la v\u00edctima y el arrestado no se conoc\u00edan<\/b>, as\u00ed como tampoco hab\u00edan tenido inconvenientes previos.<\/p>\n<p>El caso sucedi\u00f3 en la madrugada del domingo, cuando la joven se encontraba con un grupo de amigos en el cruce de las calles Rodr\u00edguez y Uriburu. De un momento a otro, <b>el acusado se acerc\u00f3, agredi\u00f3 a uno de los j\u00f3venes que estaban all\u00ed, identificado como Ezequiel Delgado, y luego arremeti\u00f3 contra Quenaipe,<\/b> quien recibi\u00f3 una pu\u00f1alada en el cuello.<\/p>\n<p>La detenci\u00f3n del agresor ocurri\u00f3 tiempo despu\u00e9s tras un relevamiento de las c\u00e1maras de seguridad de la zona, las que permitieron dar cuenta de que <b>el joven de 23 a\u00f1os se refugi\u00f3 en su casa luego del hecho.<\/b><\/p>\n<p>El acusado qued\u00f3 detenido y a disposici\u00f3n del fiscal Dami\u00e1n Borean, quien caratul\u00f3 la investigaci\u00f3n como <b>lesiones leves en perjuicio de Delgado y homicidio en el caso de Quenaipe<\/b>, mientras que tom\u00f3 declaraciones a testigos, solicit\u00f3 un informe m\u00e9dico del sindicado y un an\u00e1lisis de la escena del crimen a personal de Polic\u00eda Cient\u00edfica.<\/p>\n<p>A su vez, pidi\u00f3 otro informe sobre el estado de salud de Delgado, el acta de recogimiento de arma blanca en las inmediaciones del lugar del hecho y extracci\u00f3n de sangre de imputado para un examen toxicol\u00f3gico.<\/p>\n<p>El arma blanca utilizada para el ataque y posterior crimen <b>fue hallada a pocos metros del lugar, tirada en la vereda<\/b>. Hasta ahora el <b>m\u00f3vil del asesinato es una inc\u00f3gnita. <\/b>Esto se debe porque la joven y el agresor no se conoc\u00edan y tampoco exist\u00eda conflicto previo entre ambos.<\/p>\n<p>Las c\u00e1maras fueron cruciales ya que se pudo establecer que, en medio de la reuni\u00f3n de los j\u00f3venes en dicha esquina, <b>el detenido se acerc\u00f3, pregunt\u00f3 algo sobre m\u00fasica y acto seguido los atac\u00f3.<\/b><\/p>\n<p>La autopsia al cuerpo de Milagros indic\u00f3 que falleci\u00f3 a causa de una hemorragia masiva aguda. La v\u00edctima sufri\u00f3 un shock hipovol\u00e9mico agudo al recibir un cuchillazo en el cuello que afect\u00f3 la arteria car\u00f3tida y parcialmente la tr\u00e1quea.<\/p>\n<p><b>El imputado no posee antecedentes penales <\/b>y qued\u00f3 alojado en la Comisar\u00eda Segunda de Tandil.<\/p>\n<p><!-- Live Blog Post --><\/div>\n<p><a href=\"https:\/\/www.pagina12.com.ar\/854171-tandil-conmocion-por-un-joven-que-mato-en-la-calle-a-una-chi\">source<\/a><\/p>\n","protected":false},"excerpt":{"rendered":"<p>Un brutal crimen sacudi\u00f3 a los vecinos de Tandil cuando Milagros Quenaipe, de 18 a\u00f1os,&#8230;<\/p>\n","protected":false},"author":0,"featured_media":199841,"comment_status":"open","ping_status":"open","sticky":false,"template":"","format":"standard","meta":{"footnotes":""},"categories":[7],"tags":[],"class_list":["post-199840","post","type-post","status-publish","format-standard","has-post-thumbnail","hentry","category-sociedad"],"featured_image_urls":{"full":["https:\/\/radiofenix.com.ar\/2023\/wp-content\/uploads\/2025\/09\/wp-header-logo-7.png",960,540,false],"thumbnail":["https:\/\/radiofenix.com.ar\/2023\/wp-content\/uploads\/2025\/09\/wp-header-logo-7-150x150.png",150,150,true],"medium":["https:\/\/radiofenix.com.ar\/2023\/wp-content\/uploads\/2025\/09\/wp-header-logo-7-300x169.png",300,169,true],"medium_large":["https:\/\/radiofenix.com.ar\/2023\/wp-content\/uploads\/2025\/09\/wp-header-logo-7-768x432.png",640,360,true],"large":["https:\/\/radiofenix.com.ar\/2023\/wp-content\/uploads\/2025\/09\/wp-header-logo-7.png",640,360,false],"1536x1536":["https:\/\/radiofenix.com.ar\/2023\/wp-content\/uploads\/2025\/09\/wp-header-logo-7.png",960,540,false],"2048x2048":["https:\/\/radiofenix.com.ar\/2023\/wp-content\/uploads\/2025\/09\/wp-header-logo-7.png",960,540,false],"newsium-slider-full":["https:\/\/radiofenix.com.ar\/2023\/wp-content\/uploads\/2025\/09\/wp-header-logo-7.png",960,540,false],"newsium-featured":["https:\/\/radiofenix.com.ar\/2023\/wp-content\/uploads\/2025\/09\/wp-header-logo-7.png",960,540,false],"newsium-medium":["https:\/\/radiofenix.com.ar\/2023\/wp-content\/uploads\/2025\/09\/wp-header-logo-7-720x475.png",720,475,true]},"author_info":{"info":[""]},"category_info":"<a href=\"https:\/\/radiofenix.com.ar\/2023\/category\/sociedad\/\" rel=\"category tag\">Sociedad<\/a>","tag_info":"Sociedad","comment_count":"0","_links":{"self":[{"href":"https:\/\/radiofenix.com.ar\/2023\/wp-json\/wp\/v2\/posts\/199840","targetHints":{"allow":["GET"]}}],"collection":[{"href":"https:\/\/radiofenix.com.ar\/2023\/wp-json\/wp\/v2\/posts"}],"about":[{"href":"https:\/\/radiofenix.com.ar\/2023\/wp-json\/wp\/v2\/types\/post"}],"replies":[{"embeddable":true,"href":"https:\/\/radiofenix.com.ar\/2023\/wp-json\/wp\/v2\/comments?post=199840"}],"version-history":[{"count":0,"href":"https:\/\/radiofenix.com.ar\/2023\/wp-json\/wp\/v2\/posts\/199840\/revisions"}],"wp:featuredmedia":[{"embeddable":true,"href":"https:\/\/radiofenix.com.ar\/2023\/wp-json\/wp\/v2\/media\/199841"}],"wp:attachment":[{"href":"https:\/\/radiofenix.com.ar\/2023\/wp-json\/wp\/v2\/media?parent=199840"}],"wp:term":[{"taxonomy":"category","embeddable":true,"href":"https:\/\/radiofenix.com.ar\/2023\/wp-json\/wp\/v2\/categories?post=199840"},{"taxonomy":"post_tag","embeddable":true,"href":"https:\/\/radiofenix.com.ar\/2023\/wp-json\/wp\/v2\/tags?post=199840"}],"curies":[{"name":"wp","href":"https:\/\/api.w.org\/{rel}","templated":true}]}}