{"id":199856,"date":"2025-09-03T08:57:23","date_gmt":"2025-09-03T08:57:23","guid":{"rendered":"https:\/\/radiofenix.com.ar\/2023\/ee-uu-declaran-ilegal-el-despliegue-de-la-guardia-nacional-en-los-angeles\/"},"modified":"2025-09-03T08:57:23","modified_gmt":"2025-09-03T08:57:23","slug":"ee-uu-declaran-ilegal-el-despliegue-de-la-guardia-nacional-en-los-angeles","status":"publish","type":"post","link":"https:\/\/radiofenix.com.ar\/2023\/ee-uu-declaran-ilegal-el-despliegue-de-la-guardia-nacional-en-los-angeles\/","title":{"rendered":"EE.UU.: declaran ilegal el despliegue de la Guardia Nacional en Los \u00c1ngeles"},"content":{"rendered":"<div><!-- Body --><\/p>\n<p><b>Un tribunal federal de California declar\u00f3 ilegal la orden del gobierno de <a href=\"https:\/\/www.pagina12.com.ar\/tags\/687-donald-trump\">Donald Trump<\/a> para <a href=\"https:\/\/www.pagina12.com.ar\/832329-trump-despliega-la-guardia-nacional-en-los-angeles-para-repr\">desplegar a efectivos de la Guardia Nacional y marines en la ciudad de Los \u00c1ngeles<\/a> <\/b>para contener las protestas que se hab\u00edan desatado como respuesta a las redadas migratorias. El juez responsable de la causa, <b>Charles Breyer<\/b>, <b>concluy\u00f3 que la administraci\u00f3n central viol\u00f3 una ley del siglo XIX que proh\u00edbe el despliegue de fuerzas militares en suelo estadounidense <\/b>para cuestiones internas de seguridad, por lo que no puede recurrir a ninguno de los efectivos que puedan seguir a\u00fan en California.<\/p>\n<h2>\u00abLos demandados violaron la ley\u00bb\u00a0<\/h2>\n<p>La norma federal en cuesti\u00f3n proh\u00edbe el uso del Ej\u00e9rcito y la Fuerza A\u00e9rea para labores de aplicaci\u00f3n de la ley a nivel nacional, salvo en los casos expresamente autorizados por la Constituci\u00f3n o por una ley del Congreso. \u00abEl juicio demostr\u00f3 que los demandados utilizaron sistem\u00e1ticamente soldados armados (cuya identidad a menudo era ocultada por armaduras de protecci\u00f3n) y veh\u00edculos militares para establecer per\u00edmetros de protecci\u00f3n y bloqueos de tr\u00e1fico, ejercer control de multitudes y, en general, demostrar una presencia militar en los alrededores de Los \u00c1ngeles. En resumen, los demandados violaron la Ley Posse Comitatus\u00bb, asegur\u00f3 el juez Breyer.<\/p>\n<p><b>Breyer orden\u00f3 a la Casa Blanca que tiene prohibido \u00abdesplegar, ordenar, instruir, entrenar o utilizar a la Guardia Nacional actualmente desplegada en California, as\u00ed como a cualquier tropa militar previamente desplegada en California\u00bb<\/b>. El magistrado matiz\u00f3 que, entre otros asuntos, no podr\u00e1n participar \u00aben arrestos, detenciones, registros, incautaciones, patrullas de seguridad, control de tr\u00e1fico, control de multitudes, control de disturbios, recolecci\u00f3n de pruebas, interrogatorios, o actuar como informantes\u00bb. La prohibici\u00f3n se extender\u00e1 hasta que la administraci\u00f3n de Trump \u00abcumpla con los requisitos de una excepci\u00f3n constitucional o legal v\u00e1lida\u00bb.<\/p>\n<div class=\"iframely-embed medium-embedded-content\" data-html=\"Jmx0O2Jsb2NrcXVvdGUgY2xhc3M9InR3aXR0ZXItdHdlZXQiIGRhdGEtZG50PSJ0cnVlIiBhbGlnbj0iY2VudGVyIiZndDsmbHQ7cCBsYW5nPSJlbiIgZGlyPSJsdHIiJmd0O0JSRUFLSU5HOiBUcnVtcCwgSGVnc2V0aCB2aW9sYXRlZCB0aGUgUG9zc2UgQ29taXRhdHVzIEFjdCB3aXRoIHRoZWlyIHRyb29wIGRlcGxveW1lbnQgdG8gTG9zIEFuZ2VsZXMsIEp1ZGdlIENoYXJsZXMgQnJleWVyIHJ1bGVzIGFmdGVyIHRyaWFsLiAmbHQ7YSBocmVmPSJodHRwczovL3QuY28vaTk3OHQ1VGVrayImZ3Q7aHR0cHM6Ly90LmNvL2k5Nzh0NVRla2smbHQ7L2EmZ3Q7ICZsdDthIGhyZWY9Imh0dHBzOi8vdC5jby95TG9HN28zUWFJIiZndDtwaWMudHdpdHRlci5jb20veUxvRzdvM1FhSSZsdDsvYSZndDsmbHQ7L3AmZ3Q7JmFtcDttZGFzaDsgQ2hyaXMg4oCcTGF3IERvcmvigJ0gR2VpZG5lciAoQGNocmlzZ2VpZG5lcikgJmx0O2EgaHJlZj0iaHR0cHM6Ly90d2l0dGVyLmNvbS9jaHJpc2dlaWRuZXIvc3RhdHVzLzE5NjI4Nzc1MzczMjA2NjkzNzU\/cmVmX3NyYz10d3NyYyU1RXRmdyImZ3Q7U2VwdGVtYmVyIDIsIDIwMjUmbHQ7L2EmZ3Q7Jmx0Oy9ibG9ja3F1b3RlJmd0OwombHQ7c2NyaXB0IGFzeW5jIHNyYz0iaHR0cHM6Ly9wbGF0Zm9ybS50d2l0dGVyLmNvbS93aWRnZXRzLmpzIiBjaGFyc2V0PSJ1dGYtOCImZ3Q7Jmx0Oy9zY3JpcHQmZ3Q7CgombHQ7ZGl2IGNsYXNzPSJtZWRpdW0taW5zZXJ0LWVtYmVkcy1tZXRhIiZndDsmbHQ7c2NyaXB0IHR5cGU9InRleHQvanNvbiImZ3Q7eyJ1cmwiOiJodHRwczovL3R3aXR0ZXIuY29tL2NocmlzZ2VpZG5lci9zdGF0dXMvMTk2Mjg3NzUzNzMyMDY2OTM3NSIsInR5cGUiOiJyaWNoIiwidmVyc2lvbiI6IjEuMCIsInRpdGxlIjoiQ2hyaXMg4oCcTGF3IERvcmvigJ0gR2VpZG5lciBvbiBUd2l0dGVyIC8gWCIsImF1dGhvciI6IkNocmlzIOKAnExhdyBEb3Jr4oCdIEdlaWRuZXIiLCJhdXRob3JfdXJsIjoiaHR0cHM6Ly90d2l0dGVyLmNvbS9jaHJpc2dlaWRuZXIiLCJwcm92aWRlcl9uYW1lIjoiVHdpdHRlciIsImRlc2NyaXB0aW9uIjoiQlJFQUtJTkc6IFRydW1wLCBIZWdzZXRoIHZpb2xhdGVkIHRoZSBQb3NzZSBDb21pdGF0dXMgQWN0IHdpdGggdGhlaXIgdHJvb3AgZGVwbG95bWVudCB0byBMb3MgQW5nZWxlcywgSnVkZ2UgQ2hhcmxlcyBCcmV5ZXIgcnVsZXMgYWZ0ZXIgdHJpYWwuIGh0dHBzOi8vdC5jby9pOTc4dDVUZWtrIHBpYy50d2l0dGVyLmNvbS95TG9HN28zUWFJ4oCUIENocmlzIOKAnExhdyBEb3Jr4oCdIEdlaWRuZXIgKEBjaHJpc2dlaWRuZXIpIFNlcHRlbWJlciAyLCAyMDI1XG5cblxuIiwidGh1bWJuYWlsX3VybCI6Imh0dHBzOi8vcGJzLnR3aW1nLmNvbS9tZWRpYS9HejJLdDR5VzhBQUEwa2guanBnOmxhcmdlIiwidGh1bWJuYWlsX3dpZHRoIjoxMTA1LCJ0aHVtYm5haWxfaGVpZ2h0IjoxMDgyLCJjYWNoZV9hZ2UiOjg2NDAwLCJvcHRpb25zIjp7Il9oaWRlX21lZGlhIjp7ImxhYmVsIjoiSGlkZSBwaG90b3MsIHZpZGVvcywgYW5kIGNhcmRzIiwidmFsdWUiOmZhbHNlfSwiX3RoZW1lIjp7InZhbHVlIjoiIiwidmFsdWVzIjp7ImRhcmsiOiJVc2UgZGFyayB0aGVtZSJ9fSwiX21heHdpZHRoIjp7InZhbHVlIjoiIiwibGFiZWwiOiJBZGp1c3Qgd2lkdGgiLCJwbGFjZWhvbGRlciI6IjIyMC01NTAsIGluIHB4In19fSZsdDsvc2NyaXB0Jmd0OyZsdDsvZGl2Jmd0Ow==\">\n                <a data-iframely-url=\"\" href=\"https:\/\/twitter.com\/chrisgeidner\/status\/1962877537320669375\">https:\/\/twitter.com\/chrisgeidner\/status\/1962877537320669375<\/a>\n              <\/div>\n<p><b>El juez Breyer respondi\u00f3 as\u00ed a una denuncia presentada en junio por el gobernador estatal, Gavin Newsom<\/b>, quien hab\u00eda acusado a Trump de excederse en sus competencias por razones de \u00edndole pol\u00edtica, en un pulso entre la administraci\u00f3n federal y la local que se traslad\u00f3 en los meses posteriores a otros escenarios como Washington DC. De todas formas,<b> la orden judicial de Breyer no entrar\u00eda en vigor hasta el 12 de septiembre<\/b>, lo que puede dejar una puerta abierta para que la Corte Suprema, de mayor\u00eda conservadora, se pronuncie sobre el caso.<\/p>\n<h2>\u00abNing\u00fan presidente es rey\u00bb<\/h2>\n<p>Trump aleg\u00f3 que el despliegue de la Guardia Nacional hab\u00eda sido esencial para controlar unas movilizaciones que, seg\u00fan \u00e9l, estaban ya fuera de control en Los \u00c1ngeles. Del mismo modo presumi\u00f3 de que el env\u00edo de tropas a Washington contribuy\u00f3 a reducir la tasa de criminalidad. <b>\u00abDONALD TRUMP VUELVE A PERDER\u00bb<\/b>, escribi\u00f3 el gobernador <b>Gavin Newsom<\/b> en la red social X, tras conocerse el fallo del martes.<\/p>\n<p>\u00ab<b>Hoy el tribunal fall\u00f3 a favor de la democracia y la Constituci\u00f3n.<\/b> Ning\u00fan presidente es rey, ni siquiera Trump, y ning\u00fan presidente puede pisotear el poder de un estado para proteger a su pueblo\u00bb, dijo <b>Newsom <\/b>m\u00e1s tarde en un comunicado. El gobernador californiano subray\u00f3 que por meses hab\u00eda estado advirtiendo que el mandatario republicano ha estado infringiendo la ley al crear \u00abuna fuerza policial nacional\u00bb con \u00e9l como jefe.<\/p>\n<p>El fiscal de California,<b> Rob Bonta<\/b>, dijo que<b> durante m\u00e1s de dos meses Trump \u00abincurri\u00f3 en un teatro pol\u00edtico\u00bb<\/b>, al utilizar a las tropas de la Guardia Nacional y a unos 300 miembros de la infanter\u00eda de Marina de EE.UU. \u00abcomo peones\u00bb para impulsar su agenda antiinmigrante. Aunque el Pent\u00e1gono suspendi\u00f3 la mayor\u00eda de esas operaciones, cientos de efectivos de la Guardia Nacional permanecen activos en el sur de California. El fallo marca una importante victoria para Newsom, que se muestra como la figura dem\u00f3crata m\u00e1s destacada en oposici\u00f3n a Trump, y se da en medio de la expectativa del env\u00edo de soldados a Chicago, otro basti\u00f3n dem\u00f3crata.<\/p>\n<div class=\"iframely-embed medium-embedded-content\" data-html=\"Jmx0O2Jsb2NrcXVvdGUgY2xhc3M9InR3aXR0ZXItdHdlZXQiIGRhdGEtZG50PSJ0cnVlIiBhbGlnbj0iY2VudGVyIiZndDsmbHQ7cCBsYW5nPSJlbiIgZGlyPSJsdHIiJmd0O0RPTkFMRCBUUlVNUCBMT1NFUyBBR0FJTi4gJmx0O2JyJmd0OyZsdDticiZndDtUaGUgY291cnRzIGFncmVlIC0tIGhpcyBtaWxpdGFyaXphdGlvbiBvZiBvdXIgc3RyZWV0cyBhbmQgdXNlIG9mIHRoZSBtaWxpdGFyeSBhZ2FpbnN0IFVTIGNpdGl6ZW5zIGlzIElMTEVHQUwuICZsdDthIGhyZWY9Imh0dHBzOi8vdC5jby9yRHExTGk1ZnVnIiZndDtwaWMudHdpdHRlci5jb20vckRxMUxpNWZ1ZyZsdDsvYSZndDsmbHQ7L3AmZ3Q7JmFtcDttZGFzaDsgR2F2aW4gTmV3c29tIChAR2F2aW5OZXdzb20pICZsdDthIGhyZWY9Imh0dHBzOi8vdHdpdHRlci5jb20vR2F2aW5OZXdzb20vc3RhdHVzLzE5NjI4NzMwNjMyMjMyMDIyMDU\/cmVmX3NyYz10d3NyYyU1RXRmdyImZ3Q7U2VwdGVtYmVyIDIsIDIwMjUmbHQ7L2EmZ3Q7Jmx0Oy9ibG9ja3F1b3RlJmd0OwombHQ7c2NyaXB0IGFzeW5jIHNyYz0iaHR0cHM6Ly9wbGF0Zm9ybS50d2l0dGVyLmNvbS93aWRnZXRzLmpzIiBjaGFyc2V0PSJ1dGYtOCImZ3Q7Jmx0Oy9zY3JpcHQmZ3Q7CgombHQ7ZGl2IGNsYXNzPSJtZWRpdW0taW5zZXJ0LWVtYmVkcy1tZXRhIiZndDsmbHQ7c2NyaXB0IHR5cGU9InRleHQvanNvbiImZ3Q7eyJ1cmwiOiJodHRwczovL3R3aXR0ZXIuY29tL0dhdmluTmV3c29tL3N0YXR1cy8xOTYyODczMDYzMjIzMjAyMjA1IiwidHlwZSI6InJpY2giLCJ2ZXJzaW9uIjoiMS4wIiwidGl0bGUiOiJHYXZpbiBOZXdzb20gb24gVHdpdHRlciAvIFgiLCJhdXRob3IiOiJHYXZpbiBOZXdzb20iLCJhdXRob3JfdXJsIjoiaHR0cHM6Ly90d2l0dGVyLmNvbS9HYXZpbk5ld3NvbSIsInByb3ZpZGVyX25hbWUiOiJUd2l0dGVyIiwiZGVzY3JpcHRpb24iOiJET05BTEQgVFJVTVAgTE9TRVMgQUdBSU4uIFRoZSBjb3VydHMgYWdyZWUgLS0gaGlzIG1pbGl0YXJpemF0aW9uIG9mIG91ciBzdHJlZXRzIGFuZCB1c2Ugb2YgdGhlIG1pbGl0YXJ5IGFnYWluc3QgVVMgY2l0aXplbnMgaXMgSUxMRUdBTC4gcGljLnR3aXR0ZXIuY29tL3JEcTFMaTVmdWfigJQgR2F2aW4gTmV3c29tIChAR2F2aW5OZXdzb20pIFNlcHRlbWJlciAyLCAyMDI1XG5cblxuIiwidGh1bWJuYWlsX3VybCI6Imh0dHBzOi8vcGJzLnR3aW1nLmNvbS9tZWRpYS9HejJHcGNqYmNBQUd6STQuanBnOmxhcmdlIiwidGh1bWJuYWlsX3dpZHRoIjoxMzE1LCJ0aHVtYm5haWxfaGVpZ2h0Ijo5NjUsImNhY2hlX2FnZSI6ODY0MDAsIm9wdGlvbnMiOnsiX2hpZGVfbWVkaWEiOnsibGFiZWwiOiJIaWRlIHBob3RvcywgdmlkZW9zLCBhbmQgY2FyZHMiLCJ2YWx1ZSI6ZmFsc2V9LCJfdGhlbWUiOnsidmFsdWUiOiIiLCJ2YWx1ZXMiOnsiZGFyayI6IlVzZSBkYXJrIHRoZW1lIn19LCJfbWF4d2lkdGgiOnsidmFsdWUiOiIiLCJsYWJlbCI6IkFkanVzdCB3aWR0aCIsInBsYWNlaG9sZGVyIjoiMjIwLTU1MCwgaW4gcHgifX19Jmx0Oy9zY3JpcHQmZ3Q7Jmx0Oy9kaXYmZ3Q7\">\n                <a data-iframely-url=\"\" href=\"https:\/\/twitter.com\/GavinNewsom\/status\/1962873063223202205\">https:\/\/twitter.com\/GavinNewsom\/status\/1962873063223202205<\/a>\n              <\/div>\n<h2>\u00abLa ciudad m\u00e1s peligrosa del mundo\u00bb<\/h2>\n<p>Trump prometi\u00f3 este martes resolver r\u00e1pidamente \u00abel problema de la criminalidad\u00bb en Chicago, ciudad a la que calific\u00f3 como \u00abla m\u00e1s peligrosa del mundo, por lejos\u00bb. <b>\u00abVoy a resolver el problema de la criminalidad r\u00e1pido, como lo hice en DC\u00bb<\/b>, dijo <b>Trump <\/b>en referencia al despliegue de reservistas de la Guardia Nacional en las calles de la capital, Washington.<\/p>\n<p>Luego de su incursi\u00f3n en Los \u00c1ngeles en junio y en Washington a mediados de agosto, la administraci\u00f3n Trump amenaz\u00f3 con enviar a agentes federales de la polic\u00eda y de la Guardia Nacional a otras grandes ciudades de mayor\u00eda dem\u00f3crata, como Chicago, Nueva York, Baltimore y Boston. <b>Los dem\u00f3cratas alertaron el domingo sobre una \u00abinvasi\u00f3n\u00bb de militares en Chicago.<\/b><\/p>\n<p>El gobernador dem\u00f3crata de Illinois, JB Pritzker, opuesto al presidente republicano al que ya hab\u00eda llamado \u00abdictador\u00bb, acus\u00f3 a Trump de poner en peligro las elecciones legislativas de medio mandato de 2026 con ese despliegue. \u00abPritzker necesita desesperadamente ayuda, solo que a\u00fan no lo sabe\u00bb, escribi\u00f3 Trump este martes en su red Truth Social.<\/p>\n<p>El presidente mencion\u00f3 cifras de criminalidad en Chicago, la tercera ciudad de Estados Unidos, seg\u00fan las cuales 54 personas recibieron disparos en el \u00faltimo fin de semana largo, y ocho de ellas murieron. Los dos fines de semana anteriores registraron estad\u00edsticas similares, seg\u00fan la publicaci\u00f3n de Trump. \u00abChicago ser\u00e1 segura de nuevo, y pronto\u00bb, afirm\u00f3 el magnate republicano, quien continu\u00f3 con una provocadora publicaci\u00f3n en may\u00fasculas: \u00ab\u00a1CHICAGO ES LA CAPITAL MUNDIAL DEL ASESINATO!\u00bb.<\/p>\n<p><!-- Live Blog Post --><\/div>\n<p><script async src=\"\/\/platform.twitter.com\/widgets.js\" charset=\"utf-8\"><\/script><br \/><a href=\"https:\/\/www.pagina12.com.ar\/854463-ee-uu-declaran-ilegal-el-despliegue-de-la-guardia-nacional-e\">source<\/a><\/p>\n","protected":false},"excerpt":{"rendered":"<p>Un tribunal federal de California declar\u00f3 ilegal la orden del gobierno de Donald Trump para&#8230;<\/p>\n","protected":false},"author":0,"featured_media":199857,"comment_status":"open","ping_status":"open","sticky":false,"template":"","format":"standard","meta":{"footnotes":""},"categories":[60],"tags":[],"class_list":["post-199856","post","type-post","status-publish","format-standard","has-post-thumbnail","hentry","category-internacional"],"featured_image_urls":{"full":["https:\/\/radiofenix.com.ar\/2023\/wp-content\/uploads\/2025\/09\/wp-header-logo-15.png",960,540,false],"thumbnail":["https:\/\/radiofenix.com.ar\/2023\/wp-content\/uploads\/2025\/09\/wp-header-logo-15-150x150.png",150,150,true],"medium":["https:\/\/radiofenix.com.ar\/2023\/wp-content\/uploads\/2025\/09\/wp-header-logo-15-300x169.png",300,169,true],"medium_large":["https:\/\/radiofenix.com.ar\/2023\/wp-content\/uploads\/2025\/09\/wp-header-logo-15-768x432.png",640,360,true],"large":["https:\/\/radiofenix.com.ar\/2023\/wp-content\/uploads\/2025\/09\/wp-header-logo-15.png",640,360,false],"1536x1536":["https:\/\/radiofenix.com.ar\/2023\/wp-content\/uploads\/2025\/09\/wp-header-logo-15.png",960,540,false],"2048x2048":["https:\/\/radiofenix.com.ar\/2023\/wp-content\/uploads\/2025\/09\/wp-header-logo-15.png",960,540,false],"newsium-slider-full":["https:\/\/radiofenix.com.ar\/2023\/wp-content\/uploads\/2025\/09\/wp-header-logo-15.png",960,540,false],"newsium-featured":["https:\/\/radiofenix.com.ar\/2023\/wp-content\/uploads\/2025\/09\/wp-header-logo-15.png",960,540,false],"newsium-medium":["https:\/\/radiofenix.com.ar\/2023\/wp-content\/uploads\/2025\/09\/wp-header-logo-15-720x475.png",720,475,true]},"author_info":{"info":[""]},"category_info":"<a href=\"https:\/\/radiofenix.com.ar\/2023\/category\/internacional\/\" rel=\"category tag\">Internacional<\/a>","tag_info":"Internacional","comment_count":"0","_links":{"self":[{"href":"https:\/\/radiofenix.com.ar\/2023\/wp-json\/wp\/v2\/posts\/199856","targetHints":{"allow":["GET"]}}],"collection":[{"href":"https:\/\/radiofenix.com.ar\/2023\/wp-json\/wp\/v2\/posts"}],"about":[{"href":"https:\/\/radiofenix.com.ar\/2023\/wp-json\/wp\/v2\/types\/post"}],"replies":[{"embeddable":true,"href":"https:\/\/radiofenix.com.ar\/2023\/wp-json\/wp\/v2\/comments?post=199856"}],"version-history":[{"count":0,"href":"https:\/\/radiofenix.com.ar\/2023\/wp-json\/wp\/v2\/posts\/199856\/revisions"}],"wp:featuredmedia":[{"embeddable":true,"href":"https:\/\/radiofenix.com.ar\/2023\/wp-json\/wp\/v2\/media\/199857"}],"wp:attachment":[{"href":"https:\/\/radiofenix.com.ar\/2023\/wp-json\/wp\/v2\/media?parent=199856"}],"wp:term":[{"taxonomy":"category","embeddable":true,"href":"https:\/\/radiofenix.com.ar\/2023\/wp-json\/wp\/v2\/categories?post=199856"},{"taxonomy":"post_tag","embeddable":true,"href":"https:\/\/radiofenix.com.ar\/2023\/wp-json\/wp\/v2\/tags?post=199856"}],"curies":[{"name":"wp","href":"https:\/\/api.w.org\/{rel}","templated":true}]}}