{"id":199868,"date":"2025-09-04T08:57:26","date_gmt":"2025-09-04T08:57:26","guid":{"rendered":"https:\/\/radiofenix.com.ar\/2023\/trump-dice-que-venezuela-le-creo-a-estados-unidos-un-tremendo-problema\/"},"modified":"2025-09-04T08:57:26","modified_gmt":"2025-09-04T08:57:26","slug":"trump-dice-que-venezuela-le-creo-a-estados-unidos-un-tremendo-problema","status":"publish","type":"post","link":"https:\/\/radiofenix.com.ar\/2023\/trump-dice-que-venezuela-le-creo-a-estados-unidos-un-tremendo-problema\/","title":{"rendered":"Trump dice que Venezuela le cre\u00f3 a Estados Unidos un &quot;tremendo problema&quot;"},"content":{"rendered":"<div id=\"ventas-article-end\">\n<div class=\"ventas-article-end--inner\">\n<p id=\"ventas-article-end-p1\">Este es un contenido original realizado por nuestra redacci\u00f3n. Sabemos que valor\u00e1s la informaci\u00f3n rigurosa, con una mirada que va m\u00e1s all\u00e1 de los datos y del bombardeo cotidiano.<\/p>\n<p id=\"ventas-article-end-p2\">Hace 38 a\u00f1os <strong>P\u00e1gina|12<\/strong> asumi\u00f3 un compromiso con el periodismo, lo sostiene y cuenta con vos para renovarlo cada d\u00eda.<\/p>\n<\/div>\n<\/div>\n<p><a href=\"https:\/\/www.pagina12.com.ar\/854813-trump-dice-que-venezuela-le-creo-a-estados-unidos-un-tremend\">source<\/a><\/p>\n","protected":false},"excerpt":{"rendered":"<p>Este es un contenido original realizado por nuestra redacci\u00f3n. Sabemos que valor\u00e1s la informaci\u00f3n rigurosa,&#8230;<\/p>\n","protected":false},"author":0,"featured_media":199869,"comment_status":"open","ping_status":"open","sticky":false,"template":"","format":"standard","meta":{"footnotes":""},"categories":[60],"tags":[],"class_list":["post-199868","post","type-post","status-publish","format-standard","has-post-thumbnail","hentry","category-internacional"],"featured_image_urls":{"full":["https:\/\/radiofenix.com.ar\/2023\/wp-content\/uploads\/2025\/09\/wp-header-logo-21.png",960,540,false],"thumbnail":["https:\/\/radiofenix.com.ar\/2023\/wp-content\/uploads\/2025\/09\/wp-header-logo-21-150x150.png",150,150,true],"medium":["https:\/\/radiofenix.com.ar\/2023\/wp-content\/uploads\/2025\/09\/wp-header-logo-21-300x169.png",300,169,true],"medium_large":["https:\/\/radiofenix.com.ar\/2023\/wp-content\/uploads\/2025\/09\/wp-header-logo-21-768x432.png",640,360,true],"large":["https:\/\/radiofenix.com.ar\/2023\/wp-content\/uploads\/2025\/09\/wp-header-logo-21.png",640,360,false],"1536x1536":["https:\/\/radiofenix.com.ar\/2023\/wp-content\/uploads\/2025\/09\/wp-header-logo-21.png",960,540,false],"2048x2048":["https:\/\/radiofenix.com.ar\/2023\/wp-content\/uploads\/2025\/09\/wp-header-logo-21.png",960,540,false],"newsium-slider-full":["https:\/\/radiofenix.com.ar\/2023\/wp-content\/uploads\/2025\/09\/wp-header-logo-21.png",960,540,false],"newsium-featured":["https:\/\/radiofenix.com.ar\/2023\/wp-content\/uploads\/2025\/09\/wp-header-logo-21.png",960,540,false],"newsium-medium":["https:\/\/radiofenix.com.ar\/2023\/wp-content\/uploads\/2025\/09\/wp-header-logo-21-720x475.png",720,475,true]},"author_info":{"info":[""]},"category_info":"<a href=\"https:\/\/radiofenix.com.ar\/2023\/category\/internacional\/\" rel=\"category tag\">Internacional<\/a>","tag_info":"Internacional","comment_count":"0","_links":{"self":[{"href":"https:\/\/radiofenix.com.ar\/2023\/wp-json\/wp\/v2\/posts\/199868","targetHints":{"allow":["GET"]}}],"collection":[{"href":"https:\/\/radiofenix.com.ar\/2023\/wp-json\/wp\/v2\/posts"}],"about":[{"href":"https:\/\/radiofenix.com.ar\/2023\/wp-json\/wp\/v2\/types\/post"}],"replies":[{"embeddable":true,"href":"https:\/\/radiofenix.com.ar\/2023\/wp-json\/wp\/v2\/comments?post=199868"}],"version-history":[{"count":0,"href":"https:\/\/radiofenix.com.ar\/2023\/wp-json\/wp\/v2\/posts\/199868\/revisions"}],"wp:featuredmedia":[{"embeddable":true,"href":"https:\/\/radiofenix.com.ar\/2023\/wp-json\/wp\/v2\/media\/199869"}],"wp:attachment":[{"href":"https:\/\/radiofenix.com.ar\/2023\/wp-json\/wp\/v2\/media?parent=199868"}],"wp:term":[{"taxonomy":"category","embeddable":true,"href":"https:\/\/radiofenix.com.ar\/2023\/wp-json\/wp\/v2\/categories?post=199868"},{"taxonomy":"post_tag","embeddable":true,"href":"https:\/\/radiofenix.com.ar\/2023\/wp-json\/wp\/v2\/tags?post=199868"}],"curies":[{"name":"wp","href":"https:\/\/api.w.org\/{rel}","templated":true}]}}