{"id":199906,"date":"2025-09-07T08:57:27","date_gmt":"2025-09-07T08:57:27","guid":{"rendered":"https:\/\/radiofenix.com.ar\/2023\/el-ministerio-de-capital-humano-admitio-que-la-auditoria-para-sacarle-alimentos-a-los-comedores-es-inexistente\/"},"modified":"2025-09-07T08:57:27","modified_gmt":"2025-09-07T08:57:27","slug":"el-ministerio-de-capital-humano-admitio-que-la-auditoria-para-sacarle-alimentos-a-los-comedores-es-inexistente","status":"publish","type":"post","link":"https:\/\/radiofenix.com.ar\/2023\/el-ministerio-de-capital-humano-admitio-que-la-auditoria-para-sacarle-alimentos-a-los-comedores-es-inexistente\/","title":{"rendered":"El ministerio de Capital Humano admiti\u00f3 que la auditor\u00eda para sacarle alimentos a los comedores es &quot;inexistente&quot;"},"content":{"rendered":"<div id=\"note-body\">\n<p><strong> El Ministerio de Capital Humano confirm\u00f3 oficialmente que la auditor\u00eda que sirvi\u00f3 de excusa para cortar la asistencia alimentaria a los comedores populares \u201cno existe\u201d<\/strong>. La revelaci\u00f3n destapa que el Gobierno minti\u00f3 al sostener que alrededor del 50% de estos espacios eran inexistentes.<\/p>\n<\/div>\n<p><a href=\"https:\/\/www.minutouno.com\/politica\/el-ministerio-capital-humano-admitio-que-la-auditoria-sacarle-alimentos-los-comedores-es-inexistente-n6187334\">source<\/a><\/p>\n","protected":false},"excerpt":{"rendered":"<p>El Ministerio de Capital Humano confirm\u00f3 oficialmente que la auditor\u00eda que sirvi\u00f3 de excusa para&#8230;<\/p>\n","protected":false},"author":0,"featured_media":199907,"comment_status":"open","ping_status":"open","sticky":false,"template":"","format":"standard","meta":{"footnotes":""},"categories":[2],"tags":[],"class_list":["post-199906","post","type-post","status-publish","format-standard","has-post-thumbnail","hentry","category-politica"],"featured_image_urls":{"full":["https:\/\/radiofenix.com.ar\/2023\/wp-content\/uploads\/2025\/09\/wp-header-logo-40.png",1200,675,false],"thumbnail":["https:\/\/radiofenix.com.ar\/2023\/wp-content\/uploads\/2025\/09\/wp-header-logo-40-150x150.png",150,150,true],"medium":["https:\/\/radiofenix.com.ar\/2023\/wp-content\/uploads\/2025\/09\/wp-header-logo-40-300x169.png",300,169,true],"medium_large":["https:\/\/radiofenix.com.ar\/2023\/wp-content\/uploads\/2025\/09\/wp-header-logo-40-768x432.png",640,360,true],"large":["https:\/\/radiofenix.com.ar\/2023\/wp-content\/uploads\/2025\/09\/wp-header-logo-40-1024x576.png",640,360,true],"1536x1536":["https:\/\/radiofenix.com.ar\/2023\/wp-content\/uploads\/2025\/09\/wp-header-logo-40.png",1200,675,false],"2048x2048":["https:\/\/radiofenix.com.ar\/2023\/wp-content\/uploads\/2025\/09\/wp-header-logo-40.png",1200,675,false],"newsium-slider-full":["https:\/\/radiofenix.com.ar\/2023\/wp-content\/uploads\/2025\/09\/wp-header-logo-40.png",1200,675,false],"newsium-featured":["https:\/\/radiofenix.com.ar\/2023\/wp-content\/uploads\/2025\/09\/wp-header-logo-40-1024x576.png",1024,576,true],"newsium-medium":["https:\/\/radiofenix.com.ar\/2023\/wp-content\/uploads\/2025\/09\/wp-header-logo-40-720x475.png",720,475,true]},"author_info":{"info":[""]},"category_info":"<a href=\"https:\/\/radiofenix.com.ar\/2023\/category\/politica\/\" rel=\"category tag\">Pol\u00edtica<\/a>","tag_info":"Pol\u00edtica","comment_count":"0","_links":{"self":[{"href":"https:\/\/radiofenix.com.ar\/2023\/wp-json\/wp\/v2\/posts\/199906","targetHints":{"allow":["GET"]}}],"collection":[{"href":"https:\/\/radiofenix.com.ar\/2023\/wp-json\/wp\/v2\/posts"}],"about":[{"href":"https:\/\/radiofenix.com.ar\/2023\/wp-json\/wp\/v2\/types\/post"}],"replies":[{"embeddable":true,"href":"https:\/\/radiofenix.com.ar\/2023\/wp-json\/wp\/v2\/comments?post=199906"}],"version-history":[{"count":0,"href":"https:\/\/radiofenix.com.ar\/2023\/wp-json\/wp\/v2\/posts\/199906\/revisions"}],"wp:featuredmedia":[{"embeddable":true,"href":"https:\/\/radiofenix.com.ar\/2023\/wp-json\/wp\/v2\/media\/199907"}],"wp:attachment":[{"href":"https:\/\/radiofenix.com.ar\/2023\/wp-json\/wp\/v2\/media?parent=199906"}],"wp:term":[{"taxonomy":"category","embeddable":true,"href":"https:\/\/radiofenix.com.ar\/2023\/wp-json\/wp\/v2\/categories?post=199906"},{"taxonomy":"post_tag","embeddable":true,"href":"https:\/\/radiofenix.com.ar\/2023\/wp-json\/wp\/v2\/tags?post=199906"}],"curies":[{"name":"wp","href":"https:\/\/api.w.org\/{rel}","templated":true}]}}