{"id":199928,"date":"2025-09-09T08:57:17","date_gmt":"2025-09-09T08:57:17","guid":{"rendered":"https:\/\/radiofenix.com.ar\/2023\/atacaron-con-un-dron-a-la-flotilla-humanitaria-que-viaja-hacia-gaza\/"},"modified":"2025-09-09T08:57:17","modified_gmt":"2025-09-09T08:57:17","slug":"atacaron-con-un-dron-a-la-flotilla-humanitaria-que-viaja-hacia-gaza","status":"publish","type":"post","link":"https:\/\/radiofenix.com.ar\/2023\/atacaron-con-un-dron-a-la-flotilla-humanitaria-que-viaja-hacia-gaza\/","title":{"rendered":"Atacaron con un dron a la flotilla humanitaria que viaja hacia Gaza"},"content":{"rendered":"<div><!-- Body --><\/p>\n<p>La primera consecuencia grave para la flotilla humanitaria <i>Global Sumud<\/i> que viaja hacia Gaza se produjo la noche de este lunes en T\u00fanez. Un dron explosivo provoc\u00f3 un incendio en el barco Family donde va la activista sueca Greta Thunberg. \u201cFue claramente un atentado dirigido a un tanque de combustible que no tuvo \u00e9xito\u201d inform\u00f3 Carlos <i>Cascote <\/i>Bertola, uno de los argentinos que integra el grupo de internacionalistas desde el lugar. <\/p>\n<div class=\"iframely-embed medium-embedded-content\" data-html=\"Jmx0O2RpdiZndDsmbHQ7ZGl2IHN0eWxlPSJsZWZ0OiAwOyB3aWR0aDogMTAwJTsgaGVpZ2h0OiAwOyBwb3NpdGlvbjogcmVsYXRpdmU7IHBhZGRpbmctYm90dG9tOiA1NS44MzMzJTsiJmd0OyZsdDtpZnJhbWUgc3JjPSJodHRwczovL2lmcmFtZWx5LnBhZ2luYTEyLmNvbS5hci9hcGkvaWZyYW1lP2NsaWNrX3RvX3BsYXk9MSZhbXA7dXJsPWh0dHBzJTNBJTJGJTJGZ2VvLmRhaWx5bW90aW9uLmNvbSUyRnBsYXllciUyRnh0NWVlLmh0bWwlM0Z2aWRlbyUzRHg5cTd3bnMmYW1wO2tleT00Njc2YjVmZGMwODMyNTdlYTg3ZjcxNjA4Yzc0ZTlmZSIgc3R5bGU9InRvcDogMDsgbGVmdDogMDsgd2lkdGg6IDEwMCU7IGhlaWdodDogMTAwJTsgcG9zaXRpb246IGFic29sdXRlOyBib3JkZXI6IDA7IiBhbGxvd2Z1bGxzY3JlZW4gc2Nyb2xsaW5nPSJubyIgYWxsb3c9ImVuY3J5cHRlZC1tZWRpYSAqOyImZ3Q7Jmx0Oy9pZnJhbWUmZ3Q7Jmx0Oy9kaXYmZ3Q7Jmx0Oy9kaXYmZ3Q7Jmx0O2RpdiBjbGFzcz0ibWVkaXVtLWluc2VydC1lbWJlZHMtbWV0YSImZ3Q7Jmx0O3NjcmlwdCB0eXBlPSJ0ZXh0L2pzb24iJmd0O3sidXJsIjoiaHR0cHM6Ly9nZW8uZGFpbHltb3Rpb24uY29tL3BsYXllci94dDVlZS5odG1sP3ZpZGVvPXg5cTd3bnMiLCJ0eXBlIjoidmlkZW8iLCJ2ZXJzaW9uIjoiMS4wIiwidGl0bGUiOiJBdGFjYXJvbiBjb24gdW4gZHJvbiBsYSBmbG90aWxsYSBodW1hbml0YXJpYSBxdWUgdmEgYSBHYXphIiwiYXV0aG9yIjoiUMOhZ2luYTEyIiwiYXV0aG9yX3VybCI6Imh0dHBzOi8vd3d3LmRhaWx5bW90aW9uLmNvbS9QYWdpbmExMiIsInByb3ZpZGVyX25hbWUiOiJEYWlseW1vdGlvbiIsImRlc2NyaXB0aW9uIjoiVmVyIEF0YWNhcm9uIGNvbiB1biBkcm9uIGxhIGZsb3RpbGxhIGh1bWFuaXRhcmlhIHF1ZSB2YSBhIEdhemEgLSBQw6FnaW5hMTIgZW4gRGFpbHltb3Rpb24iLCJ0aHVtYm5haWxfdXJsIjoiaHR0cHM6Ly9zMS5kbWNkbi5uZXQvdi9aM3h5TzFlbHRxSXltS18wMi94NzIwIiwidGh1bWJuYWlsX3dpZHRoIjoxMjg4LCJ0aHVtYm5haWxfaGVpZ2h0Ijo3MjAsImNhY2hlX2FnZSI6ODY0MDB9Jmx0Oy9zY3JpcHQmZ3Q7Jmx0Oy9kaXYmZ3Q7\">\n                <a data-iframely-url=\"\" href=\"https:\/\/geo.dailymotion.com\/player\/xt5ee.html?video=x9q7wns\">https:\/\/geo.dailymotion.com\/player\/xt5ee.html?video=x9q7wns<\/a>\n              <\/div>\n<p>  Testigo directo del ataque provocado por el r\u00e9gimen de Benjam\u00edn Netanyahu, <i>Cascote<\/i>, el integrante de la flotilla que adem\u00e1s es hijo de desaparecidos, ofici\u00f3 de corresponsal involuntario desde el puerto tunecino, al norte de \u00c1frica. Hasta esas aguas hab\u00edan llegado algunas naves adelant\u00e1ndose a otras que seguir\u00e1n camino a la Franja por el Mediterr\u00e1neo en las pr\u00f3ximas horas. <\/p>\n<p>  Bertola vive en La Plata hace 25 a\u00f1os, milita en la ciudad, integr\u00f3 la direcci\u00f3n de la CTD An\u00edbal Ver\u00f3n y adem\u00e1s en la agrupaci\u00f3n HIJOS de la capital bonaerense. En la flotilla capitanea el barco Estrella y Manuel, un pesquero espa\u00f1ol. Como otro compatiota, Jorge Gonz\u00e1lez que va al frente del <i>Isobella<\/i>, tiene la m\u00e1xima responsabilidad a bordo y esta vez, por el ataque fue el primero en informar del atentado.<\/p>\n<p>  Las amenazas previas del propio Netanyahu y de su ministro de Seguridad Nacional, el supremacista jud\u00edo Itamar Ben Gvir, quien calific\u00f3 de \u201cterroristas\u201d a los activistas que viajan a bordo, van en l\u00ednea con este primer ataque a la <i>Global Sumud. <\/i>La expedici\u00f3n de barcos a motor y veleros de distinto porte parti\u00f3 de Barcelona hace poco m\u00e1s de una semana con el objetivo de crear un corredor humanitario que lleve ayuda a Palestina, donde la poblaci\u00f3n de Gaza est\u00e1 siendo exterminada con continuos bombardeos por el gobierno de Israel desde octubre de 2023. La otra consecuencia que sufren los gazat\u00edes es una hambruna deliberada por el bloqueo a la llegada de alimentos y agua que provoc\u00f3 ya varias v\u00edctimas por inanici\u00f3n. <\/p>\n<p>  Bertola complet\u00f3 su informe diciendo que \u201cest\u00e1bamos de guardia en el barco\u201d y que \u201cel incendio fue controlado por el capit\u00e1n r\u00e1pidamente\u201d. El ataque con el dron, cuyas consecuencias fueron filmadas por una c\u00e1mara, se difundi\u00f3 de inmediato por la cadena de solidaridad internacional con Palestina, cuya expresi\u00f3n m\u00e1s contundente es la flotilla. \u201cLlevar ayuda humanitaria a Gaza no es un delito, el crimen es sostener un genocidio sobre el pueblo palestino\u201d, coment\u00f3 en su cuenta de Instagram <i>Cascote<\/i>, apenas producido el hecho en aguas tunecinas.\u00a0\u00a0<\/p>\n<p><!-- Live Blog Post --><\/div>\n<p><a href=\"https:\/\/www.pagina12.com.ar\/856374-atacaron-con-un-dron-a-la-flotilla-humanitaria-que-viaja-hac\">source<\/a><\/p>\n","protected":false},"excerpt":{"rendered":"<p>La primera consecuencia grave para la flotilla humanitaria Global Sumud que viaja hacia Gaza se&#8230;<\/p>\n","protected":false},"author":0,"featured_media":199929,"comment_status":"open","ping_status":"open","sticky":false,"template":"","format":"standard","meta":{"footnotes":""},"categories":[60],"tags":[],"class_list":["post-199928","post","type-post","status-publish","format-standard","has-post-thumbnail","hentry","category-internacional"],"featured_image_urls":{"full":["https:\/\/radiofenix.com.ar\/2023\/wp-content\/uploads\/2025\/09\/wp-header-logo-51.png",960,540,false],"thumbnail":["https:\/\/radiofenix.com.ar\/2023\/wp-content\/uploads\/2025\/09\/wp-header-logo-51-150x150.png",150,150,true],"medium":["https:\/\/radiofenix.com.ar\/2023\/wp-content\/uploads\/2025\/09\/wp-header-logo-51-300x169.png",300,169,true],"medium_large":["https:\/\/radiofenix.com.ar\/2023\/wp-content\/uploads\/2025\/09\/wp-header-logo-51-768x432.png",640,360,true],"large":["https:\/\/radiofenix.com.ar\/2023\/wp-content\/uploads\/2025\/09\/wp-header-logo-51.png",640,360,false],"1536x1536":["https:\/\/radiofenix.com.ar\/2023\/wp-content\/uploads\/2025\/09\/wp-header-logo-51.png",960,540,false],"2048x2048":["https:\/\/radiofenix.com.ar\/2023\/wp-content\/uploads\/2025\/09\/wp-header-logo-51.png",960,540,false],"newsium-slider-full":["https:\/\/radiofenix.com.ar\/2023\/wp-content\/uploads\/2025\/09\/wp-header-logo-51.png",960,540,false],"newsium-featured":["https:\/\/radiofenix.com.ar\/2023\/wp-content\/uploads\/2025\/09\/wp-header-logo-51.png",960,540,false],"newsium-medium":["https:\/\/radiofenix.com.ar\/2023\/wp-content\/uploads\/2025\/09\/wp-header-logo-51-720x475.png",720,475,true]},"author_info":{"info":[""]},"category_info":"<a href=\"https:\/\/radiofenix.com.ar\/2023\/category\/internacional\/\" rel=\"category tag\">Internacional<\/a>","tag_info":"Internacional","comment_count":"0","_links":{"self":[{"href":"https:\/\/radiofenix.com.ar\/2023\/wp-json\/wp\/v2\/posts\/199928","targetHints":{"allow":["GET"]}}],"collection":[{"href":"https:\/\/radiofenix.com.ar\/2023\/wp-json\/wp\/v2\/posts"}],"about":[{"href":"https:\/\/radiofenix.com.ar\/2023\/wp-json\/wp\/v2\/types\/post"}],"replies":[{"embeddable":true,"href":"https:\/\/radiofenix.com.ar\/2023\/wp-json\/wp\/v2\/comments?post=199928"}],"version-history":[{"count":0,"href":"https:\/\/radiofenix.com.ar\/2023\/wp-json\/wp\/v2\/posts\/199928\/revisions"}],"wp:featuredmedia":[{"embeddable":true,"href":"https:\/\/radiofenix.com.ar\/2023\/wp-json\/wp\/v2\/media\/199929"}],"wp:attachment":[{"href":"https:\/\/radiofenix.com.ar\/2023\/wp-json\/wp\/v2\/media?parent=199928"}],"wp:term":[{"taxonomy":"category","embeddable":true,"href":"https:\/\/radiofenix.com.ar\/2023\/wp-json\/wp\/v2\/categories?post=199928"},{"taxonomy":"post_tag","embeddable":true,"href":"https:\/\/radiofenix.com.ar\/2023\/wp-json\/wp\/v2\/tags?post=199928"}],"curies":[{"name":"wp","href":"https:\/\/api.w.org\/{rel}","templated":true}]}}