{"id":199960,"date":"2025-09-12T08:57:17","date_gmt":"2025-09-12T08:57:17","guid":{"rendered":"https:\/\/radiofenix.com.ar\/2023\/la-jueza-julieta-makintach-fue-imputada-por-cuatro-delitos\/"},"modified":"2025-09-12T08:57:17","modified_gmt":"2025-09-12T08:57:17","slug":"la-jueza-julieta-makintach-fue-imputada-por-cuatro-delitos","status":"publish","type":"post","link":"https:\/\/radiofenix.com.ar\/2023\/la-jueza-julieta-makintach-fue-imputada-por-cuatro-delitos\/","title":{"rendered":"La jueza Julieta Makintach fue imputada por cuatro delitos"},"content":{"rendered":"<div><!-- Body --><\/p>\n<p>La jueza <b><a href=\"https:\/\/www.pagina12.com.ar\/tags\/75145-julieta-makintach\">Julieta Makintach<\/a><\/b>, investigada por protagonizar el documental \u00ab<b><a href=\"https:\/\/www.pagina12.com.ar\/829142-asi-es-el-trailer-de-justicia-divina-el-documental-que-oblig\">Justicia Divina<\/a>\u00ab<\/b> sobre el juicio por la muerte de Diego Maradona, fue imputada este mi\u00e9rcoles por los delitos de <b>cohecho pasivo, violaci\u00f3n de los deberes de funcionario p\u00fablico y abuso de autoridad, malversaci\u00f3n de caudales p\u00fablicos y peculado de servicios.<\/b><\/p>\n<h3\/>\n<p>\u201cDe las heterog\u00e9neas evidencias recabadas en la investigaci\u00f3n preliminar, surgieron <b>graves irregularidades <\/b>que comprometen penalmente a la magistrada denunciada\u201d, se\u00f1alaron en un escrito de 42 p\u00e1ginas los fiscales Carolina Asprella, Cecilia Chaieb y Jos\u00e9 Amallo, quienes llevan adelante la investigaci\u00f3n en San Isidro.<\/p>\n<p>Seg\u00fan los fiscales, la jueza <b>acept\u00f3 la propuesta <\/b>comercial efectuada por su amiga Mar\u00eda L\u00eda Vidal Alem\u00e1n<b>\u00a0\u201cbajo la promesa de poder obtener beneficios econ\u00f3micos futuros directos\u201d<\/b>.<\/p>\n<p>De acuerdo a lo que figura en el expediente, la producci\u00f3n del proyecto &#8211;que finalmente llev\u00f3 a la anulaci\u00f3n del juicio&#8211; estaba a cargo de Juan Manuel D\u2019Emilio, mientras que Makintach deb\u00eda ocuparse de lo que ocurriera dentro del Tribunal.<\/p>\n<p>En este sentido, los fiscales plantean que la magistrada se comprometi\u00f3 a \u201chabilitar las locaciones del edificio p\u00fablico de Tribunales de San Isidro, <b>facilitar la obtenci\u00f3n de im\u00e1genes f\u00edlmicas desde el interior de la sala de audiencias<\/b> donde transcurr\u00eda el debate<b> y asumir el rol de presidente del Tribunal del juicio para adquirir un mayor protagonismo<\/b>\u201d.<\/p>\n<p>La imputaci\u00f3n a Makintach se decidi\u00f3 a partir del an\u00e1lisis de distintas c\u00e1maras de seguridad y de diversas declaraciones, que permitieron dar cuenta de la responsabilidad de la magistrada en la producci\u00f3n audiovisual.<\/p>\n<p>Para los investigadores, la jueza comprometi\u00f3 su imparcialidad, \u201cutilizando recursos p\u00fablicos para fines privados\u201d, por lo que requirieron que se lleve adelante un<b> juicio pol\u00edtico en su contra y su desafuero<\/b> para avanzar en su indagatoria.<\/p>\n<p>El abogado de la magistrada, Dar\u00edo Salda\u00f1o, adelant\u00f3 en di\u00e1logo con <i>Noticias Argentinas <\/i>que\u00a0pedir\u00e1 la nulidad de dicho requerimiento:<b> \u201cElla est\u00e1 sorprendida por lo <\/b>desprolijo<b> e ilegal de la actuaci\u00f3n de los fiscales, sumado a la manipulaci\u00f3n de la evidencia\u201d, <\/b>se\u00f1al\u00f3.\u00a0<\/p>\n<p>Salda\u00f1o tambi\u00e9n anticip\u00f3 que\u00a0en los pr\u00f3ximos d\u00edas presentar\u00e1 una denuncia en la Justicia Federal por espionaje ilegal contra la magistrada, ya que \u00absu tel\u00e9fono est\u00e1 intervenido\u201d, asegur\u00f3.<\/p>\n<p><b>Fernando Burlando<\/b>, a cargo del patrocinio de Dalma y Giannina Maradona, present\u00f3 un escrito adhiriendo al pedido de los fiscales para que la magistrada sea <b>destituida y llevada a juicio<\/b>, debido a graves irregularidades cometidas en el marco del proceso judicial por la muerte de Diego Armando Maradona.<\/p>\n<p>Por \u00faltimo,<b> Rodolfo Baqu\u00e9<\/b>, otro de los que impuls\u00f3 la investigaci\u00f3n a\u00a0<span>Makintach<\/span>, expuso que \u201cest\u00e1 conforme\u201d con el pedido de destituci\u00f3n de la magistrada, aunque<b> va a pedir que \u201cse haga extensivo a Ver\u00f3nica Di Tomasso y Maximiliano Savarino\u00bb<\/b>, los otros jueces del TOC N\u00ba3 de San Isidro que seg\u00fan Makintach\u00a0sab\u00edan del documental.<\/p>\n<h3>Seguir leyendo:<br \/><\/h3>\n<p><!-- Live Blog Post --><\/div>\n<p><a href=\"https:\/\/www.pagina12.com.ar\/857107-la-jueza-julieta-makintach-fue-imputada-por-cuatro-delitos\">source<\/a><\/p>\n","protected":false},"excerpt":{"rendered":"<p>La jueza Julieta Makintach, investigada por protagonizar el documental \u00abJusticia Divina\u00ab sobre el juicio por&#8230;<\/p>\n","protected":false},"author":0,"featured_media":199961,"comment_status":"open","ping_status":"open","sticky":false,"template":"","format":"standard","meta":{"footnotes":""},"categories":[7],"tags":[],"class_list":["post-199960","post","type-post","status-publish","format-standard","has-post-thumbnail","hentry","category-sociedad"],"featured_image_urls":{"full":["https:\/\/radiofenix.com.ar\/2023\/wp-content\/uploads\/2025\/09\/wp-header-logo-67.png",960,540,false],"thumbnail":["https:\/\/radiofenix.com.ar\/2023\/wp-content\/uploads\/2025\/09\/wp-header-logo-67-150x150.png",150,150,true],"medium":["https:\/\/radiofenix.com.ar\/2023\/wp-content\/uploads\/2025\/09\/wp-header-logo-67-300x169.png",300,169,true],"medium_large":["https:\/\/radiofenix.com.ar\/2023\/wp-content\/uploads\/2025\/09\/wp-header-logo-67-768x432.png",640,360,true],"large":["https:\/\/radiofenix.com.ar\/2023\/wp-content\/uploads\/2025\/09\/wp-header-logo-67.png",640,360,false],"1536x1536":["https:\/\/radiofenix.com.ar\/2023\/wp-content\/uploads\/2025\/09\/wp-header-logo-67.png",960,540,false],"2048x2048":["https:\/\/radiofenix.com.ar\/2023\/wp-content\/uploads\/2025\/09\/wp-header-logo-67.png",960,540,false],"newsium-slider-full":["https:\/\/radiofenix.com.ar\/2023\/wp-content\/uploads\/2025\/09\/wp-header-logo-67.png",960,540,false],"newsium-featured":["https:\/\/radiofenix.com.ar\/2023\/wp-content\/uploads\/2025\/09\/wp-header-logo-67.png",960,540,false],"newsium-medium":["https:\/\/radiofenix.com.ar\/2023\/wp-content\/uploads\/2025\/09\/wp-header-logo-67-720x475.png",720,475,true]},"author_info":{"info":[""]},"category_info":"<a href=\"https:\/\/radiofenix.com.ar\/2023\/category\/sociedad\/\" rel=\"category tag\">Sociedad<\/a>","tag_info":"Sociedad","comment_count":"0","_links":{"self":[{"href":"https:\/\/radiofenix.com.ar\/2023\/wp-json\/wp\/v2\/posts\/199960","targetHints":{"allow":["GET"]}}],"collection":[{"href":"https:\/\/radiofenix.com.ar\/2023\/wp-json\/wp\/v2\/posts"}],"about":[{"href":"https:\/\/radiofenix.com.ar\/2023\/wp-json\/wp\/v2\/types\/post"}],"replies":[{"embeddable":true,"href":"https:\/\/radiofenix.com.ar\/2023\/wp-json\/wp\/v2\/comments?post=199960"}],"version-history":[{"count":0,"href":"https:\/\/radiofenix.com.ar\/2023\/wp-json\/wp\/v2\/posts\/199960\/revisions"}],"wp:featuredmedia":[{"embeddable":true,"href":"https:\/\/radiofenix.com.ar\/2023\/wp-json\/wp\/v2\/media\/199961"}],"wp:attachment":[{"href":"https:\/\/radiofenix.com.ar\/2023\/wp-json\/wp\/v2\/media?parent=199960"}],"wp:term":[{"taxonomy":"category","embeddable":true,"href":"https:\/\/radiofenix.com.ar\/2023\/wp-json\/wp\/v2\/categories?post=199960"},{"taxonomy":"post_tag","embeddable":true,"href":"https:\/\/radiofenix.com.ar\/2023\/wp-json\/wp\/v2\/tags?post=199960"}],"curies":[{"name":"wp","href":"https:\/\/api.w.org\/{rel}","templated":true}]}}