{"id":199962,"date":"2025-09-12T08:57:18","date_gmt":"2025-09-12T08:57:18","guid":{"rendered":"https:\/\/radiofenix.com.ar\/2023\/argentina-padel-tour-una-fecha-historica-en-el-abasto-shopping\/"},"modified":"2025-09-12T08:57:18","modified_gmt":"2025-09-12T08:57:18","slug":"argentina-padel-tour-una-fecha-historica-en-el-abasto-shopping","status":"publish","type":"post","link":"https:\/\/radiofenix.com.ar\/2023\/argentina-padel-tour-una-fecha-historica-en-el-abasto-shopping\/","title":{"rendered":"Argentina Padel Tour: una fecha hist\u00f3rica en el Abasto Shopping\u00a0"},"content":{"rendered":"<div><!-- Body --><\/p>\n<p>El circuito argentino profesional de padel se llevar\u00e1 a cabo, por primera vez en la historia, una fecha en un centro comercial de la Ciudad de Buenos Aires.<\/p>\n<p>El Argentina Padel Tour reunir\u00e1 a los mejores jugadores del pa\u00eds en el Abasto Shopping de la avenida Corrientes 3247, del viernes 12 al domingo 14 de septiembre. El sitio ser\u00e1 en Plaza Zorzal del 1er piso, con entrada libre y gratuita. El certamen repartir\u00e1 mas de seis millones de pesos en premios.<\/p>\n<p>La espectacular y llamativa locaci\u00f3n para un torneo tiene un solo antecedente, cuando Leonardo Augsburger y Alex Chozas jugaron una exhibici\u00f3n, justamente en el Abasto Shopping en el a\u00f1o 2022.<\/p>\n<p>El inicio ser\u00e1 este viernes desde las 14 horas, por los 1000 puntos que otorga el certamen para el ranking nacional, con los mejores jugadores del pa\u00eds como Mandrile, Altmaier, Caluva, Res, entre tantos.\u00a0<\/p>\n<p>Argentina Padel Tour es el circuito de padel profesional que se lleva a cabo en toda la Rep\u00fablica Argentina. Est\u00e1 dise\u00f1ado para promover y desarrollar la actividad en el pa\u00eds, y ofrece a los jugadores la oportunidad de competir en diferentes torneos a lo largo de la temporada.<\/p>\n<p><!-- Live Blog Post --><\/div>\n<p><a href=\"https:\/\/www.pagina12.com.ar\/857221-argentina-padel-tour-una-fecha-historica-en-el-abasto-shoppi\">source<\/a><\/p>\n","protected":false},"excerpt":{"rendered":"<p>El circuito argentino profesional de padel se llevar\u00e1 a cabo, por primera vez en la&#8230;<\/p>\n","protected":false},"author":0,"featured_media":199963,"comment_status":"open","ping_status":"open","sticky":false,"template":"","format":"standard","meta":{"footnotes":""},"categories":[3],"tags":[],"class_list":["post-199962","post","type-post","status-publish","format-standard","has-post-thumbnail","hentry","category-deportes"],"featured_image_urls":{"full":["https:\/\/radiofenix.com.ar\/2023\/wp-content\/uploads\/2025\/09\/wp-header-logo-68.png",960,540,false],"thumbnail":["https:\/\/radiofenix.com.ar\/2023\/wp-content\/uploads\/2025\/09\/wp-header-logo-68-150x150.png",150,150,true],"medium":["https:\/\/radiofenix.com.ar\/2023\/wp-content\/uploads\/2025\/09\/wp-header-logo-68-300x169.png",300,169,true],"medium_large":["https:\/\/radiofenix.com.ar\/2023\/wp-content\/uploads\/2025\/09\/wp-header-logo-68-768x432.png",640,360,true],"large":["https:\/\/radiofenix.com.ar\/2023\/wp-content\/uploads\/2025\/09\/wp-header-logo-68.png",640,360,false],"1536x1536":["https:\/\/radiofenix.com.ar\/2023\/wp-content\/uploads\/2025\/09\/wp-header-logo-68.png",960,540,false],"2048x2048":["https:\/\/radiofenix.com.ar\/2023\/wp-content\/uploads\/2025\/09\/wp-header-logo-68.png",960,540,false],"newsium-slider-full":["https:\/\/radiofenix.com.ar\/2023\/wp-content\/uploads\/2025\/09\/wp-header-logo-68.png",960,540,false],"newsium-featured":["https:\/\/radiofenix.com.ar\/2023\/wp-content\/uploads\/2025\/09\/wp-header-logo-68.png",960,540,false],"newsium-medium":["https:\/\/radiofenix.com.ar\/2023\/wp-content\/uploads\/2025\/09\/wp-header-logo-68-720x475.png",720,475,true]},"author_info":{"info":[""]},"category_info":"<a href=\"https:\/\/radiofenix.com.ar\/2023\/category\/deportes\/\" rel=\"category tag\">Deportes<\/a>","tag_info":"Deportes","comment_count":"0","_links":{"self":[{"href":"https:\/\/radiofenix.com.ar\/2023\/wp-json\/wp\/v2\/posts\/199962","targetHints":{"allow":["GET"]}}],"collection":[{"href":"https:\/\/radiofenix.com.ar\/2023\/wp-json\/wp\/v2\/posts"}],"about":[{"href":"https:\/\/radiofenix.com.ar\/2023\/wp-json\/wp\/v2\/types\/post"}],"replies":[{"embeddable":true,"href":"https:\/\/radiofenix.com.ar\/2023\/wp-json\/wp\/v2\/comments?post=199962"}],"version-history":[{"count":0,"href":"https:\/\/radiofenix.com.ar\/2023\/wp-json\/wp\/v2\/posts\/199962\/revisions"}],"wp:featuredmedia":[{"embeddable":true,"href":"https:\/\/radiofenix.com.ar\/2023\/wp-json\/wp\/v2\/media\/199963"}],"wp:attachment":[{"href":"https:\/\/radiofenix.com.ar\/2023\/wp-json\/wp\/v2\/media?parent=199962"}],"wp:term":[{"taxonomy":"category","embeddable":true,"href":"https:\/\/radiofenix.com.ar\/2023\/wp-json\/wp\/v2\/categories?post=199962"},{"taxonomy":"post_tag","embeddable":true,"href":"https:\/\/radiofenix.com.ar\/2023\/wp-json\/wp\/v2\/tags?post=199962"}],"curies":[{"name":"wp","href":"https:\/\/api.w.org\/{rel}","templated":true}]}}