{"id":200010,"date":"2025-09-16T08:57:29","date_gmt":"2025-09-16T08:57:29","guid":{"rendered":"https:\/\/radiofenix.com.ar\/2023\/el-gobernador-de-utah-vinculo-al-asesino-de-charlie-kirk-con-la-izquierda-radical\/"},"modified":"2025-09-16T08:57:29","modified_gmt":"2025-09-16T08:57:29","slug":"el-gobernador-de-utah-vinculo-al-asesino-de-charlie-kirk-con-la-izquierda-radical","status":"publish","type":"post","link":"https:\/\/radiofenix.com.ar\/2023\/el-gobernador-de-utah-vinculo-al-asesino-de-charlie-kirk-con-la-izquierda-radical\/","title":{"rendered":"El gobernador de Utah vincul\u00f3 al asesino de Charlie Kirk con la \u201cizquierda radical\u201d"},"content":{"rendered":"<p>El republicano Spencer Cox se\u00f1al\u00f3 que el sospechoso ten\u00eda \u201cideolog\u00eda izquierdista\u201d y conviv\u00eda con una persona transg\u00e9nero. Seg\u00fan el gobernador de Utah, que no aport\u00f3 pruebas, el supuesto tirador ten\u00eda ideolog\u00eda de izquierda y ser\u00e1 formalmente procesado el martes<br \/><a href=\"https:\/\/www.pagina12.com.ar\/857835-el-gobernador-de-utah-vinculo-al-asesino-de-charlie-kirk-con\">source<\/a><\/p>\n","protected":false},"excerpt":{"rendered":"<p>El republicano Spencer Cox se\u00f1al\u00f3 que el sospechoso ten\u00eda \u201cideolog\u00eda izquierdista\u201d y conviv\u00eda con una&#8230;<\/p>\n","protected":false},"author":0,"featured_media":200011,"comment_status":"open","ping_status":"open","sticky":false,"template":"","format":"standard","meta":{"footnotes":""},"categories":[60],"tags":[],"class_list":["post-200010","post","type-post","status-publish","format-standard","has-post-thumbnail","hentry","category-internacional"],"featured_image_urls":{"full":["https:\/\/radiofenix.com.ar\/2023\/wp-content\/uploads\/2025\/09\/wp-header-logo-92.png",960,540,false],"thumbnail":["https:\/\/radiofenix.com.ar\/2023\/wp-content\/uploads\/2025\/09\/wp-header-logo-92-150x150.png",150,150,true],"medium":["https:\/\/radiofenix.com.ar\/2023\/wp-content\/uploads\/2025\/09\/wp-header-logo-92-300x169.png",300,169,true],"medium_large":["https:\/\/radiofenix.com.ar\/2023\/wp-content\/uploads\/2025\/09\/wp-header-logo-92-768x432.png",640,360,true],"large":["https:\/\/radiofenix.com.ar\/2023\/wp-content\/uploads\/2025\/09\/wp-header-logo-92.png",640,360,false],"1536x1536":["https:\/\/radiofenix.com.ar\/2023\/wp-content\/uploads\/2025\/09\/wp-header-logo-92.png",960,540,false],"2048x2048":["https:\/\/radiofenix.com.ar\/2023\/wp-content\/uploads\/2025\/09\/wp-header-logo-92.png",960,540,false],"newsium-slider-full":["https:\/\/radiofenix.com.ar\/2023\/wp-content\/uploads\/2025\/09\/wp-header-logo-92.png",960,540,false],"newsium-featured":["https:\/\/radiofenix.com.ar\/2023\/wp-content\/uploads\/2025\/09\/wp-header-logo-92.png",960,540,false],"newsium-medium":["https:\/\/radiofenix.com.ar\/2023\/wp-content\/uploads\/2025\/09\/wp-header-logo-92-720x475.png",720,475,true]},"author_info":{"info":[""]},"category_info":"<a href=\"https:\/\/radiofenix.com.ar\/2023\/category\/internacional\/\" rel=\"category tag\">Internacional<\/a>","tag_info":"Internacional","comment_count":"0","_links":{"self":[{"href":"https:\/\/radiofenix.com.ar\/2023\/wp-json\/wp\/v2\/posts\/200010","targetHints":{"allow":["GET"]}}],"collection":[{"href":"https:\/\/radiofenix.com.ar\/2023\/wp-json\/wp\/v2\/posts"}],"about":[{"href":"https:\/\/radiofenix.com.ar\/2023\/wp-json\/wp\/v2\/types\/post"}],"replies":[{"embeddable":true,"href":"https:\/\/radiofenix.com.ar\/2023\/wp-json\/wp\/v2\/comments?post=200010"}],"version-history":[{"count":0,"href":"https:\/\/radiofenix.com.ar\/2023\/wp-json\/wp\/v2\/posts\/200010\/revisions"}],"wp:featuredmedia":[{"embeddable":true,"href":"https:\/\/radiofenix.com.ar\/2023\/wp-json\/wp\/v2\/media\/200011"}],"wp:attachment":[{"href":"https:\/\/radiofenix.com.ar\/2023\/wp-json\/wp\/v2\/media?parent=200010"}],"wp:term":[{"taxonomy":"category","embeddable":true,"href":"https:\/\/radiofenix.com.ar\/2023\/wp-json\/wp\/v2\/categories?post=200010"},{"taxonomy":"post_tag","embeddable":true,"href":"https:\/\/radiofenix.com.ar\/2023\/wp-json\/wp\/v2\/tags?post=200010"}],"curies":[{"name":"wp","href":"https:\/\/api.w.org\/{rel}","templated":true}]}}