{"id":200050,"date":"2025-09-19T08:57:22","date_gmt":"2025-09-19T08:57:22","guid":{"rendered":"https:\/\/radiofenix.com.ar\/2023\/leon-gieco-doctor-honoris-causa-de-la-universidad-nacional-de-cordoba\/"},"modified":"2025-09-19T08:57:22","modified_gmt":"2025-09-19T08:57:22","slug":"leon-gieco-doctor-honoris-causa-de-la-universidad-nacional-de-cordoba","status":"publish","type":"post","link":"https:\/\/radiofenix.com.ar\/2023\/leon-gieco-doctor-honoris-causa-de-la-universidad-nacional-de-cordoba\/","title":{"rendered":"Le\u00f3n Gieco, Doctor Honoris Causa de la Universidad Nacional de C\u00f3rdoba"},"content":{"rendered":"<div><!-- Body --><\/p>\n<p><i>Desde C\u00f3rdoba<\/i><\/p>\n<p>La Sala de las Am\u00e9ricas de la <b>Universidad Nacional de C\u00f3rdoba <\/b>(UNC) todav\u00eda vibraba con el eco de la hist\u00f3rica Marcha Federal cuando se colm\u00f3 de <b>una energ\u00eda distinta pero igual de potente: la de la emoci\u00f3n. <\/b>En el cierre de un d\u00eda agitado para la comunidad universitaria, <b>la casa de estudios convirti\u00f3 en Doctor Honoris Causa a Le\u00f3n Gieco.<\/b> La distinci\u00f3n al artista fue el broche de oro para una jornada de lucha y celebraci\u00f3n, que uni\u00f3 la reivindicaci\u00f3n de la universidad p\u00fablica, gratuita y de calidad con el reconocimiento a una voz que le canta al pueblo.<\/p>\n<p>El artista, figura consagrada de la cultura nacional, recibi\u00f3 el diploma de manos del rector de la UNC, <b>Jhon Boretto. <\/b>Lo acompa\u00f1aban en el escenario algunos de los impulsores del reconocimiento y el intendente de la ciudad,<b> Daniel Passerini, <\/b>que no pudo ocultar su entusiasmo al escuchar al cantautor. M\u00e1s de mil personas colmaban la sala, entre estudiantes, docentes, no docentes y personalidades como <b>Rita Segato y Adriana Puiggr\u00f3s. <\/b>En varias oportunidades, la ceremonia se interrumpi\u00f3 con el grito que resonaba en las calles horas antes: <b>\u201c\u00a1Universidad de los trabajadores y al que no le gusta se jode!\u201d.<\/b><\/p>\n<p><b>\u201cYo siempre hablo del \u00e1ngel de la m\u00fasica.<\/b> Lo conoc\u00ed a los dos a\u00f1os y fue el primer recuerdo que tengo en mi vida: mis abuelos se reun\u00edan para cantar canzonettas italianas y comer bagna cauda. Pas\u00f3 tanto en la vida que ya tengo 400 canciones compuestas y 50 discos grabados, as\u00ed que el \u00e1ngel de la m\u00fasica debe estar presente el d\u00eda de hoy. <b>Yo le voy a entregar a ese \u00e1ngel mis reconocimientos porque \u00e9l es mucho m\u00e1s importante que yo\u201d,<\/b> dijo Gieco cuando le toc\u00f3 el turno de hablar, ya convertido en doctor honoris causa de <b>la universidad m\u00e1s antigua del pa\u00eds. <\/b><\/p>\n<p><iframe style=\"border: 0px; position: absolute; top: 0px; left: 0px; height: 100%;\" allowfullscreen=\"\" frameborder=\"0\" src=\"https:\/\/www.youtube.com\/embed\/wI2fhiBHc7w\"><\/iframe><\/p>\n<p>Este t\u00edtulo coloca a Gieco en un grupo selecto: la UNC ya lo entreg\u00f3 a <b>gigantes de la cultura<\/b> como Silvio Rodr\u00edguez, Joan Manuel Serrat, Quino y Roberto Fontanarrosa; a <b>luchadoras por los derechos humanos<\/b> como Taty Almeida o Sonia Torres, la gran abuela de C\u00f3rdoba; y a <b>l\u00edderes pol\u00edticos<\/b> como Evo Morales, Rafael Correa o Pepe Mujica. Para el santafesino, es su <b>segundo doctorado<\/b> en la provincia \u2013en 2019, la Universidad Nacional de R\u00edo Cuarto lo distingui\u00f3 con el mismo grado\u2013 y <b>dentro de pocos d\u00edas lo recibir\u00e1 de la Facultad de Ciencias M\u00e9dicas de la Universidad Favaloro.<\/b><\/p>\n<p>Adem\u00e1s, Gieco recibi\u00f3 de manos del intendente Passerini la distinci\u00f3n de <b>Hu\u00e9sped de Honor de la ciudad<\/b> y la declaraci\u00f3n de inter\u00e9s municipal por su nombramiento como doctor honoris causa. Cuando lleg\u00f3 una salutaci\u00f3n de Familiares de Detenidos y Desaparecidos por Razones Pol\u00edticas de C\u00f3rdoba y del Espacio Para la Memoria La Perla, el m\u00fasico record\u00f3 cuando toc\u00f3 en ese lugar el 24 de marzo de 2012 en una jornada hist\u00f3rica. En ese sentido, pidi\u00f3 <b>acompa\u00f1ar la b\u00fasqueda de restos de desaparecidos<\/b> en el marco de la causa conocida como \u201cEnterramientos Clandestinos\u201d. El Equipo Argentino de Antropolog\u00eda Forense reinici\u00f3 en estos d\u00edas los trabajos de b\u00fasqueda e identificaci\u00f3n en la Reserva Natural de la Defensa contigua a La Perla.<\/p>\n<p><b>Gieco manifest\u00f3 su adhesi\u00f3n a las marchas por el Garrahan, las rondas de los jubilados de cada mi\u00e9rcoles y, claro est\u00e1, la Marcha Federal Universitaria,<\/b> todav\u00eda fresca. El temario reafirma el compromiso social de un artista que a lo largo de d\u00e9cadas sostuvo una coherencia inquebrantable.<\/p>\n<h2>Razones de la distinci\u00f3n<\/h2>\n<p>La presentaci\u00f3n de Le\u00f3n Gieco estuvo a cargo de algunos de los que impulsaron su nombramiento como doctor Honoris Causa. <b>Nicol\u00e1s Arata, presidente de la Sociedad Argentina de Investigaci\u00f3n y Ense\u00f1anza en Historia de la Educaci\u00f3n,<\/b> afirm\u00f3: \u201cEn un rato ser\u00e1s doctor honoris causa de esta important\u00edsima universidad latinoamericana y entre muchas otras razones ser\u00e1 gracias a que <b>nos ense\u00f1aste que la cultura es la sonrisa, <\/b>que todo est\u00e1 guardado en la memoria y que la guerra jam\u00e1s puede sernos indiferente. En especial esto \u00faltimo no lo podemos dejar pasar: nos sumamos a las voces que exigen un alto al <b>genocidio <\/b>que est\u00e1 teniendo lugar en la Franja de Gaza\u201d.<\/p>\n<p>Por su parte, <b>Gabriela Lamelas, docente de la Facultad de Filosof\u00eda y Humanidades<\/b> -de donde parti\u00f3 formalmente la iniciativa para distinguir a Gieco- explic\u00f3 que \u201cpor su calidad humana y su trayectoria social, su compromiso con los DDHH y las causas de los despose\u00eddos\u201d, pero adem\u00e1s porque quienes escuchan su m\u00fasica transitan \u201cuna experiencia est\u00e9tica que al mismo tiempo <b>visibiliza las injusticias\u201d.<\/b><\/p>\n<p>\u201cSus canciones y su figura forman parte de la sociabilidad juvenil y estudiantil de generaciones\u201d, dijo Lamelas, y a\u00f1adi\u00f3 que \u201cla circulaci\u00f3n de su cancionero popular colabor\u00f3 a desarrollar<b> sensibilidad cr\u00edtica,<\/b> forjando al mismo tiempo memoria, imaginaci\u00f3n e imaginarios tendientes a <b>mundos m\u00e1s inclusivos\u201d.<\/b><\/p>\n<p><b>Jos\u00e9 L\u00f3pez, docente del departamento de M\u00fasica de la Facultad de Artes, <\/b>expres\u00f3: \u201cNos hacen creer que la m\u00fasica es un entretenimiento o un bien de privilegio para quienes pueden permitirse el ocio. Error: <b>la m\u00fasica es m\u00e1s importante que el d\u00f3lar blue o que la llegada del hombre a la luna\u201d.<\/b> En ese sentido, traz\u00f3 un paralelismo no explicitado entre las letras del m\u00fasico y el escenario argentino actual, ya que \u201cLe\u00f3n en su juventud imagin\u00f3 un pa\u00eds de la libertad en su sentido ancestral, un pa\u00eds donde haya paz y con un presidente ame la vida y enfrente la muerte\u201d.<\/p>\n<p><b>\u201cHacen falta muchos m\u00e1s leones como vos y no como otros.<\/b> Hiciste y hac\u00e9s de nuestro mundo un lugar mucho mejor. <b>Felicitaciones, doctor\u201d,<\/b> resumi\u00f3 el docente. Mientras Le\u00f3n Gieco se levantaba a abrazarlo, a un costado del escenario el intendente Daniel Passerini aplaud\u00eda fervoroso mientras gritaba: \u201c\u00a1Bravo!\u201d.<\/p>\n<h2>Todos los himnos, todos<\/h2>\n<p>Durante el acto, la m\u00fasica se col\u00f3 entre los discursos. Primero, la<b> Orquesta Juvenil Eva Per\u00f3n <\/b>del Ipem N\u00b0 5, junto a la Red de Orquestas Barriales &#8211;<b>enorme trabajo de militancia cultural y territorial<\/b> que, superando todas las limitaciones materiales, acerca la m\u00fasica a ni\u00f1os y ni\u00f1as de barrios populares de C\u00f3rdoba- puso a m\u00e1s de<b> 30 peque\u00f1os m\u00fasicos en escena.<\/b> Al terminar su actuaci\u00f3n, Gieco se acerc\u00f3 y salud\u00f3 sonriente a los chicos de la orquesta. Luego fue el turno de <b>La Otra Orquesta,<\/b> dirigida por el propio Jos\u00e9 L\u00f3pez.<\/p>\n<p>El final fue a pura emoci\u00f3n cuando entr\u00f3 al escenario <b>Raly Barrionuevo, <\/b>quien arranc\u00f3 diciendo que Le\u00f3n Gieco fue <b>\u201clo m\u00e1s parecido a un padre, no solo en la m\u00fasica: en la vida\u201d. <\/b>El m\u00fasico santiague\u00f1o, afincado en C\u00f3rdoba desde hace muchos a\u00f1os, conmovi\u00f3 al relatar que luego de girar un a\u00f1o con la banda de Le\u00f3n Gieco le dijo a la pasada que era una l\u00e1stima que la gira no hubiera llegado hasta alg\u00fan lugar con playa ya que no conoc\u00eda el mar. \u201cMeses despu\u00e9s me llam\u00f3 Gustavo, su manager, para decirme que Le\u00f3n quer\u00eda que fuera a una gira. Y fui a esa gira\u2026 que empezaba en Mar del Plata<b>. Fuimos juntos a ver el amanecer en el puerto.<\/b> Casi como en el cuento de Eduardo Galeano \u2018Ay\u00fadame a mirar\u2019, puedo decir que cuando Le\u00f3n me mostr\u00f3 el mar, me mostr\u00f3 una puerta.<b> Y del otro lado de esa puerta estaba el resto de mi vida.<\/b> Gracias Le\u00f3n\u201d, dijo un emocionado Barrionuevo.<\/p>\n<p>Con la sala a punto caramelo, Barrionuevo toc\u00f3 fragmentos de \u201cHombres de hierro\u201d, \u201cR\u00edo y mar\u201d, \u201cTodos los d\u00edas un poco\u201d y \u201cDon Sixto Palavecino\u201d. A esa altura todos sab\u00edan para qui\u00e9n era el micr\u00f3fono disponible al lado de Raly. Gieco se par\u00f3, acomod\u00f3 su guitarra y su arm\u00f3nica y a d\u00fao <b>repasaron el repertorio de himnos:<\/b> \u201cCachito, el campe\u00f3n de Corrientes\u201d, \u201cEl pa\u00eds de la libertad\u201d, \u201cLa memoria\u201d, \u201cEl fantasma de Canterville\u201d, \u201cLa cultura es la sonrisa\u201d y \u201cCinco siglos igual\u201d.<\/p>\n<p>Pero antes de la \u00faltima canci\u00f3n, la que todos esperaban, Gieco dio un \u00faltimo mensaje a modo de pr\u00f3logo:<b> \u201cPor la paz sin banderas, que hay muchos genocidas dando vueltas por ah\u00ed. Los cinco pa\u00edses que m\u00e1s hablan de paz son los que fabrican las armas\u201d.<\/b> Termin\u00f3 de decir eso y con su guitarra, su voz y su arm\u00f3nica solo le pidi\u00f3 a Dios.<\/p>\n<p><!-- Live Blog Post --><\/div>\n<p><a href=\"https:\/\/www.pagina12.com.ar\/858964-leon-gieco-doctor-honoris-causa-de-la-universidad-nacional-d\">source<\/a><\/p>\n","protected":false},"excerpt":{"rendered":"<p>Desde C\u00f3rdoba La Sala de las Am\u00e9ricas de la Universidad Nacional de C\u00f3rdoba (UNC) todav\u00eda&#8230;<\/p>\n","protected":false},"author":0,"featured_media":200051,"comment_status":"open","ping_status":"open","sticky":false,"template":"","format":"standard","meta":{"footnotes":""},"categories":[4],"tags":[],"class_list":["post-200050","post","type-post","status-publish","format-standard","has-post-thumbnail","hentry","category-espectaculos"],"featured_image_urls":{"full":["https:\/\/radiofenix.com.ar\/2023\/wp-content\/uploads\/2025\/09\/wp-header-logo-112.png",960,540,false],"thumbnail":["https:\/\/radiofenix.com.ar\/2023\/wp-content\/uploads\/2025\/09\/wp-header-logo-112-150x150.png",150,150,true],"medium":["https:\/\/radiofenix.com.ar\/2023\/wp-content\/uploads\/2025\/09\/wp-header-logo-112-300x169.png",300,169,true],"medium_large":["https:\/\/radiofenix.com.ar\/2023\/wp-content\/uploads\/2025\/09\/wp-header-logo-112-768x432.png",640,360,true],"large":["https:\/\/radiofenix.com.ar\/2023\/wp-content\/uploads\/2025\/09\/wp-header-logo-112.png",640,360,false],"1536x1536":["https:\/\/radiofenix.com.ar\/2023\/wp-content\/uploads\/2025\/09\/wp-header-logo-112.png",960,540,false],"2048x2048":["https:\/\/radiofenix.com.ar\/2023\/wp-content\/uploads\/2025\/09\/wp-header-logo-112.png",960,540,false],"newsium-slider-full":["https:\/\/radiofenix.com.ar\/2023\/wp-content\/uploads\/2025\/09\/wp-header-logo-112.png",960,540,false],"newsium-featured":["https:\/\/radiofenix.com.ar\/2023\/wp-content\/uploads\/2025\/09\/wp-header-logo-112.png",960,540,false],"newsium-medium":["https:\/\/radiofenix.com.ar\/2023\/wp-content\/uploads\/2025\/09\/wp-header-logo-112-720x475.png",720,475,true]},"author_info":{"info":[""]},"category_info":"<a href=\"https:\/\/radiofenix.com.ar\/2023\/category\/espectaculos\/\" rel=\"category tag\">Espectaculos<\/a>","tag_info":"Espectaculos","comment_count":"0","_links":{"self":[{"href":"https:\/\/radiofenix.com.ar\/2023\/wp-json\/wp\/v2\/posts\/200050","targetHints":{"allow":["GET"]}}],"collection":[{"href":"https:\/\/radiofenix.com.ar\/2023\/wp-json\/wp\/v2\/posts"}],"about":[{"href":"https:\/\/radiofenix.com.ar\/2023\/wp-json\/wp\/v2\/types\/post"}],"replies":[{"embeddable":true,"href":"https:\/\/radiofenix.com.ar\/2023\/wp-json\/wp\/v2\/comments?post=200050"}],"version-history":[{"count":0,"href":"https:\/\/radiofenix.com.ar\/2023\/wp-json\/wp\/v2\/posts\/200050\/revisions"}],"wp:featuredmedia":[{"embeddable":true,"href":"https:\/\/radiofenix.com.ar\/2023\/wp-json\/wp\/v2\/media\/200051"}],"wp:attachment":[{"href":"https:\/\/radiofenix.com.ar\/2023\/wp-json\/wp\/v2\/media?parent=200050"}],"wp:term":[{"taxonomy":"category","embeddable":true,"href":"https:\/\/radiofenix.com.ar\/2023\/wp-json\/wp\/v2\/categories?post=200050"},{"taxonomy":"post_tag","embeddable":true,"href":"https:\/\/radiofenix.com.ar\/2023\/wp-json\/wp\/v2\/tags?post=200050"}],"curies":[{"name":"wp","href":"https:\/\/api.w.org\/{rel}","templated":true}]}}