{"id":200172,"date":"2025-09-30T08:57:25","date_gmt":"2025-09-30T08:57:25","guid":{"rendered":"https:\/\/radiofenix.com.ar\/2023\/la-disputa-por-el-precio-de-la-soja\/"},"modified":"2025-09-30T08:57:25","modified_gmt":"2025-09-30T08:57:25","slug":"la-disputa-por-el-precio-de-la-soja","status":"publish","type":"post","link":"https:\/\/radiofenix.com.ar\/2023\/la-disputa-por-el-precio-de-la-soja\/","title":{"rendered":"La disputa por el precio de la soja"},"content":{"rendered":"<div><!-- Body --><\/p>\n<p>La Bolsa de Comercio de Rosario (BCR) inform\u00f3 este lunes, en su habitual comentario del d\u00eda que, \u00aben medio de la necesidad de los exportadores por generar mercader\u00eda que anotaron en el marco de la suspensi\u00f3n de las retenciones, pero no tienen, los precios de la soja se mostraron hoy con subas\u00bb. As\u00ed explic\u00f3 el significativo rebote en los precios de pizarra y en los contratos para entrega a 30 y 60 d\u00edas, que reflejaron aumentos con respecto a las cotizacions del viernes pasado.<\/p>\n<p>Vale recordar que los precios en pizarra por tonelada de poroto se soja oscilaba hasta el viernes 19 (antes del fin de semana en el que se decidi\u00f3 bajar temporalmente las retenciones a cero) en torno a los 440.000\/450.000 pesos. El lunes 22, con la vigencia de la quita de retenciones, se elevaron a 505 mil pesos. Pero ya a partir del martes, conel cierre del registro, los precios volvieron a caer. El viernes 26 la tonelada cerr\u00f3 a 453.000, casi a los mismos niveles previos a la baja de retenciones.\u00a0<\/p>\n<p>La novedad de este lunes fue que apareci\u00f3 la presi\u00f3n compradora de los exportadores. Los env\u00edos registrados con el subsidio de la quita sumaron en total 19,5 millones de toneladas, de los cuales corresponden\u00a0con 13,8 millones al complejo sojero (poroto, harina y aceite).<\/p>\n<p>\u00abLas ofertas a la vista se ubicaron en $ 465.000 por tonelada tanto para la entrega disponible como para la contractual, siendo la propuesta en moneda extranjera para este \u00faltimo tramo de US$ 348. Asimismo, se ofrecieron $ 475.000 para la descarga entre el 15 de octubre y el 15 de noviembre. Finalmente, la oferta para noviembre se ubic\u00f3 en $ 470.000 o US$ 350, implicando una suba de US$ 6 por d\u00f3lares entre sesiones\u00bb, inform\u00f3 la BCR.<\/p>\n<p><!-- Live Blog Post --><\/div>\n<p><a href=\"https:\/\/www.pagina12.com.ar\/861825-la-disputa-por-el-precio-de-la-soja\">source<\/a><\/p>\n","protected":false},"excerpt":{"rendered":"<p>La Bolsa de Comercio de Rosario (BCR) inform\u00f3 este lunes, en su habitual comentario del&#8230;<\/p>\n","protected":false},"author":0,"featured_media":200173,"comment_status":"open","ping_status":"open","sticky":false,"template":"","format":"standard","meta":{"footnotes":""},"categories":[5],"tags":[],"class_list":["post-200172","post","type-post","status-publish","format-standard","has-post-thumbnail","hentry","category-economia"],"featured_image_urls":{"full":["https:\/\/radiofenix.com.ar\/2023\/wp-content\/uploads\/2025\/09\/wp-header-logo-173.png",960,540,false],"thumbnail":["https:\/\/radiofenix.com.ar\/2023\/wp-content\/uploads\/2025\/09\/wp-header-logo-173-150x150.png",150,150,true],"medium":["https:\/\/radiofenix.com.ar\/2023\/wp-content\/uploads\/2025\/09\/wp-header-logo-173-300x169.png",300,169,true],"medium_large":["https:\/\/radiofenix.com.ar\/2023\/wp-content\/uploads\/2025\/09\/wp-header-logo-173-768x432.png",640,360,true],"large":["https:\/\/radiofenix.com.ar\/2023\/wp-content\/uploads\/2025\/09\/wp-header-logo-173.png",640,360,false],"1536x1536":["https:\/\/radiofenix.com.ar\/2023\/wp-content\/uploads\/2025\/09\/wp-header-logo-173.png",960,540,false],"2048x2048":["https:\/\/radiofenix.com.ar\/2023\/wp-content\/uploads\/2025\/09\/wp-header-logo-173.png",960,540,false],"newsium-slider-full":["https:\/\/radiofenix.com.ar\/2023\/wp-content\/uploads\/2025\/09\/wp-header-logo-173.png",960,540,false],"newsium-featured":["https:\/\/radiofenix.com.ar\/2023\/wp-content\/uploads\/2025\/09\/wp-header-logo-173.png",960,540,false],"newsium-medium":["https:\/\/radiofenix.com.ar\/2023\/wp-content\/uploads\/2025\/09\/wp-header-logo-173-720x475.png",720,475,true]},"author_info":{"info":[""]},"category_info":"<a href=\"https:\/\/radiofenix.com.ar\/2023\/category\/economia\/\" rel=\"category tag\">Economia<\/a>","tag_info":"Economia","comment_count":"0","_links":{"self":[{"href":"https:\/\/radiofenix.com.ar\/2023\/wp-json\/wp\/v2\/posts\/200172","targetHints":{"allow":["GET"]}}],"collection":[{"href":"https:\/\/radiofenix.com.ar\/2023\/wp-json\/wp\/v2\/posts"}],"about":[{"href":"https:\/\/radiofenix.com.ar\/2023\/wp-json\/wp\/v2\/types\/post"}],"replies":[{"embeddable":true,"href":"https:\/\/radiofenix.com.ar\/2023\/wp-json\/wp\/v2\/comments?post=200172"}],"version-history":[{"count":0,"href":"https:\/\/radiofenix.com.ar\/2023\/wp-json\/wp\/v2\/posts\/200172\/revisions"}],"wp:featuredmedia":[{"embeddable":true,"href":"https:\/\/radiofenix.com.ar\/2023\/wp-json\/wp\/v2\/media\/200173"}],"wp:attachment":[{"href":"https:\/\/radiofenix.com.ar\/2023\/wp-json\/wp\/v2\/media?parent=200172"}],"wp:term":[{"taxonomy":"category","embeddable":true,"href":"https:\/\/radiofenix.com.ar\/2023\/wp-json\/wp\/v2\/categories?post=200172"},{"taxonomy":"post_tag","embeddable":true,"href":"https:\/\/radiofenix.com.ar\/2023\/wp-json\/wp\/v2\/tags?post=200172"}],"curies":[{"name":"wp","href":"https:\/\/api.w.org\/{rel}","templated":true}]}}