{"id":200174,"date":"2025-09-30T08:57:28","date_gmt":"2025-09-30T08:57:28","guid":{"rendered":"https:\/\/radiofenix.com.ar\/2023\/caso-pablo-grillo-la-querella-solicito-que-se-dicte-el-procesamiento-del-gendarme-que-disparo-contra-el-fotografo\/"},"modified":"2025-09-30T08:57:28","modified_gmt":"2025-09-30T08:57:28","slug":"caso-pablo-grillo-la-querella-solicito-que-se-dicte-el-procesamiento-del-gendarme-que-disparo-contra-el-fotografo","status":"publish","type":"post","link":"https:\/\/radiofenix.com.ar\/2023\/caso-pablo-grillo-la-querella-solicito-que-se-dicte-el-procesamiento-del-gendarme-que-disparo-contra-el-fotografo\/","title":{"rendered":"Caso Pablo Grillo: la querella solicit\u00f3 que se dicte el procesamiento del gendarme que dispar\u00f3 contra el fot\u00f3grafo\u00a0\u00a0"},"content":{"rendered":"<div><!-- Body --><\/p>\n<p>Tras la declaraci\u00f3n indagatoria de <b>H\u00e9ctor Guerrero<\/b>, el cabo de gendarmer\u00eda que hiri\u00f3 gravemente a <b><a href=\"https:\/\/www.pagina12.com.ar\/857707-pablo-grillo-seis-meses-en-busqueda-de-justicia\">Pablo Grillo<\/a><\/b> en el marco de la <strong>represi\u00f3n policial<\/strong> a la marcha de jubilados del 12 de marzo de este a\u00f1o, y a d\u00edas de que se cumpla el plazo para que la jueza Mar\u00eda Servini defina su situaci\u00f3n procesal, <b>la querella solicit\u00f3 que se dicte el procesamiento del uniformado.<\/b> Lo acusan por homicidio agravado por abuso de funciones y uso de arma de fuego, en grado de tentativa, abuso de autoridad e incumplimiento a los deberes de funcionario p\u00fablico.<\/p>\n<h3\/>\n<p>Entre los argumentos, los letrados del fotoreportero se\u00f1alaron que, \u00aben las \u00faltimas semanas se incorporaron nuevas pruebas -las conclusiones de la Divisi\u00f3n Bal\u00edstica de la Polic\u00eda de la Ciudad y documentos vinculados a la capacitaci\u00f3n y formaci\u00f3n de Guerrero-, que <b>confirman la ilegalidad del disparo<\/b>, (lo hizo de la forma prohibida), y el car\u00e1cter doloso de su conducta (la elecci\u00f3n de la manera de disparar fue deliberada ya que sab\u00eda que as\u00ed pon\u00eda en peligro la vida de Pablo)\u00bb.<\/p>\n<p>Asimismo, recordaron que este <b>mi\u00e9rcoles 1 de octubre se cumplen los diez d\u00edas h\u00e1biles<\/b> previstos para que la jueza dicte el procesamiento de Guerrero.<\/p>\n<h3\/>\n<p>La presentaci\u00f3n de la querella de Grillo tiene lugar tras la\u00a0<strong>declaraci\u00f3n indagatoria<\/strong>\u00a0del gendarme, quien el \u00faltimo mi\u00e9rcoles &#8211; en el marco de la causa en la que se investiga su accionar-, luego de que una <strong>granada de gas lacrim\u00f3geno disparada con su arma impactara en el cr\u00e1neo del fotoperiodista<\/strong>, dijo que <b>\u00abj<\/b><strong>am\u00e1s tuve la intenci\u00f3n de lastimar\u00bb<\/strong>, se defendi\u00f3.<\/p>\n<p>Guerrero se present\u00f3 ante el juez <strong>Ariel Lijo,<\/strong> quien reemplaza a <strong>Mar\u00eda Servini<\/strong> en el expediente. En ese contexto, en primer t\u00e9rmino, se le hizo saber al imputado que el hecho que se le atribuye consiste en haber efectuado<strong> \u00abvarios disparos con una pistola lanza gases marca \u00abFM\u00bb, con numeraci\u00f3n de serie \u00ab00660\u00bb<\/strong> ubicada en forma horizontal y <strong>antirreglamentaria\u00bb <\/strong>en direcci\u00f3n a los manifestantes, entre los que se encontraba Grillo.<\/p>\n<p>El trabajador de prensa permanece internado en el <strong>Hospital de Rehabilitaci\u00f3n Neurol\u00f3gica Manuel Rocca<\/strong>, donde realiza terapias de recuperaci\u00f3n diaria.<\/p>\n<h2><b>Segu\u00ed leyendo:<\/b><\/h2>\n<h3\/><!-- Live Blog Post --><\/div>\n<p><a href=\"https:\/\/www.pagina12.com.ar\/861719-caso-pablo-grillo-la-querella-solicito-que-se-dicte-el-proce\">source<\/a><\/p>\n","protected":false},"excerpt":{"rendered":"<p>Tras la declaraci\u00f3n indagatoria de H\u00e9ctor Guerrero, el cabo de gendarmer\u00eda que hiri\u00f3 gravemente a&#8230;<\/p>\n","protected":false},"author":0,"featured_media":200175,"comment_status":"open","ping_status":"open","sticky":false,"template":"","format":"standard","meta":{"footnotes":""},"categories":[7],"tags":[],"class_list":["post-200174","post","type-post","status-publish","format-standard","has-post-thumbnail","hentry","category-sociedad"],"featured_image_urls":{"full":["https:\/\/radiofenix.com.ar\/2023\/wp-content\/uploads\/2025\/09\/wp-header-logo-174.png",960,540,false],"thumbnail":["https:\/\/radiofenix.com.ar\/2023\/wp-content\/uploads\/2025\/09\/wp-header-logo-174-150x150.png",150,150,true],"medium":["https:\/\/radiofenix.com.ar\/2023\/wp-content\/uploads\/2025\/09\/wp-header-logo-174-300x169.png",300,169,true],"medium_large":["https:\/\/radiofenix.com.ar\/2023\/wp-content\/uploads\/2025\/09\/wp-header-logo-174-768x432.png",640,360,true],"large":["https:\/\/radiofenix.com.ar\/2023\/wp-content\/uploads\/2025\/09\/wp-header-logo-174.png",640,360,false],"1536x1536":["https:\/\/radiofenix.com.ar\/2023\/wp-content\/uploads\/2025\/09\/wp-header-logo-174.png",960,540,false],"2048x2048":["https:\/\/radiofenix.com.ar\/2023\/wp-content\/uploads\/2025\/09\/wp-header-logo-174.png",960,540,false],"newsium-slider-full":["https:\/\/radiofenix.com.ar\/2023\/wp-content\/uploads\/2025\/09\/wp-header-logo-174.png",960,540,false],"newsium-featured":["https:\/\/radiofenix.com.ar\/2023\/wp-content\/uploads\/2025\/09\/wp-header-logo-174.png",960,540,false],"newsium-medium":["https:\/\/radiofenix.com.ar\/2023\/wp-content\/uploads\/2025\/09\/wp-header-logo-174-720x475.png",720,475,true]},"author_info":{"info":[""]},"category_info":"<a href=\"https:\/\/radiofenix.com.ar\/2023\/category\/sociedad\/\" rel=\"category tag\">Sociedad<\/a>","tag_info":"Sociedad","comment_count":"0","_links":{"self":[{"href":"https:\/\/radiofenix.com.ar\/2023\/wp-json\/wp\/v2\/posts\/200174","targetHints":{"allow":["GET"]}}],"collection":[{"href":"https:\/\/radiofenix.com.ar\/2023\/wp-json\/wp\/v2\/posts"}],"about":[{"href":"https:\/\/radiofenix.com.ar\/2023\/wp-json\/wp\/v2\/types\/post"}],"replies":[{"embeddable":true,"href":"https:\/\/radiofenix.com.ar\/2023\/wp-json\/wp\/v2\/comments?post=200174"}],"version-history":[{"count":0,"href":"https:\/\/radiofenix.com.ar\/2023\/wp-json\/wp\/v2\/posts\/200174\/revisions"}],"wp:featuredmedia":[{"embeddable":true,"href":"https:\/\/radiofenix.com.ar\/2023\/wp-json\/wp\/v2\/media\/200175"}],"wp:attachment":[{"href":"https:\/\/radiofenix.com.ar\/2023\/wp-json\/wp\/v2\/media?parent=200174"}],"wp:term":[{"taxonomy":"category","embeddable":true,"href":"https:\/\/radiofenix.com.ar\/2023\/wp-json\/wp\/v2\/categories?post=200174"},{"taxonomy":"post_tag","embeddable":true,"href":"https:\/\/radiofenix.com.ar\/2023\/wp-json\/wp\/v2\/tags?post=200174"}],"curies":[{"name":"wp","href":"https:\/\/api.w.org\/{rel}","templated":true}]}}