{"id":200258,"date":"2025-10-07T08:57:26","date_gmt":"2025-10-07T08:57:26","guid":{"rendered":"https:\/\/radiofenix.com.ar\/2023\/arrancan-los-octavos-de-final-del-mundial-sub-20-de-chile\/"},"modified":"2025-10-07T08:57:26","modified_gmt":"2025-10-07T08:57:26","slug":"arrancan-los-octavos-de-final-del-mundial-sub-20-de-chile","status":"publish","type":"post","link":"https:\/\/radiofenix.com.ar\/2023\/arrancan-los-octavos-de-final-del-mundial-sub-20-de-chile\/","title":{"rendered":"Arrancan los octavos de final del Mundial Sub 20 de Chile"},"content":{"rendered":"<div><!-- Body --><\/p>\n<p><b>El Mundial Sub 20 dar\u00e1 inicio este martes a sus octavos de final<\/b>, con Argentina en gateras a la espera de su mano a mano del mi\u00e9rcoles con Nigeria y el ecosistema futbol\u00edstico todav\u00eda sacudido por la eliminaci\u00f3n en primera ronda de Brasil.<\/p>\n<p>El drama de los duelos de eliminaci\u00f3n directa arrancar\u00e1 entonces con <b>Ucrania y Espa\u00f1a, desde las 16:30 en Valpara\u00edso (televisaci\u00f3n de DSports)<\/b>. Los ucranianos finalizaron primeros e invictos en su grupo (7 puntos) mientras que los espa\u00f1oles tuvieron que jugarse todo en la \u00faltima fecha ante Brasil (1-0) para avanzar como uno de los mejores terceros (4). Ambos pa\u00edses saben lo que es ser campe\u00f3n de la categor\u00eda, ya que Ucrania lo hizo en 2019 y Espa\u00f1a, 20 a\u00f1os antes.<\/p>\n<p>El otro choque de la jornada ser\u00e1 el que animen <b>Chile y M\u00e9xico, desde las 20 en Valpara\u00edso (DSports). Lo de los locales fue pr\u00e1cticamente un milagro<\/b> ya que, con apenas 3 puntos, terminaron segundos en su grupo por desempate fair play. M\u00e9xico, por su parte, no es una m\u00e1quina pero est\u00e1 dando que hablar. Empat\u00f3 con Brasil y Espa\u00f1a y derrot\u00f3 a Marruecos para quedar segundo en uno de los grupos m\u00e1s complicados del torneo. Adem\u00e1s, su gran figura por ahora cumpli\u00f3 con todos los pron\u00f3sticos. Se trata del mediapunta <b>Gilberto Mora, de apenas 16 a\u00f1os -cumple 17 en unos d\u00edas-, jugador del Tijuana y autor de tres goles hasta el momento<\/b> (doblete a Espa\u00f1a y el del triunfo 1-0 a Marruecos). El ganador de Chile-M\u00e9xico ir\u00e1 con el de Argentina-Nigeria.<\/p>\n<p><iframe style=\"border: 0px; position: absolute; top: 0px; left: 0px; height: 100%;\" allowfullscreen=\"\" frameborder=\"0\" src=\"https:\/\/www.youtube.com\/embed\/0gboN3O4vDY\"><\/iframe><\/p>\n<h2>Los pibes de \u00abLa Vieja\u00bb<\/h2>\n<p><b>La Selecci\u00f3n Nacional dirigida por Diego Placente<\/b> fue una de dos que termin\u00f3 con puntaje perfecto la fase de grupos -Jap\u00f3n, la otra- y <b>llegar\u00e1 con un d\u00eda extra de descanso a la cita del mi\u00e9rcoles a las 16:30 en el Estadio Nacional, en Santiago de Chile<\/b>. \u00abEstamos todos con esa ilusi\u00f3n, sabiendo que todos los partidos van a ser as\u00ed, dif\u00edciles. Pero est\u00e1n bien y verlos a los 21 con las mismas ganas y la misma ilusi\u00f3n. El que entra te pone en complicaciones para armar el once&#8230; te ilusion\u00e1s, porque sabemos que en cada partido podemos ser protagonistas\u00bb, defini\u00f3 el entrenador tras el triunfo 1-0 del s\u00e1bado sobre Italia.<\/p>\n<p><b>Del otro lado estar\u00e1 Nigeria, que se meti\u00f3 por la ventana<\/b> a octavos el domingo por la noche luego de conseguir un empate ag\u00f3nico ante Colombia (1-1 con un penal a los 86 minutos) que la dej\u00f3 tercera en su grupo. Curiosamente, su \u00fanico triunfo del torneo, 3-2 ante Arabia Saudita, tambi\u00e9n fue con <b>un penal sobre la hora. De ambas ejecuciones se hizo cargo el defensor Daniel Bameyi,<\/b> comprado el mes pasado por el ND Primorje de Eslovenia y quien se viene haciendo fama de lidiar bien con jugadas pesadas.<\/p>\n<p><iframe style=\"border: 0px; position: absolute; top: 0px; left: 0px; height: 100%;\" allowfullscreen=\"\" frameborder=\"0\" src=\"https:\/\/www.youtube.com\/embed\/LHLsfin-jQg\"><\/iframe><\/p>\n<h2>Los otros cruces<\/h2>\n<p>En simult\u00e1neo a Argentina-Nigeria, estar\u00e1n jugando <b>Colombia <\/b>(1\u00ba de su grupo con 5 puntos) y <b>Sud\u00e1frica <\/b>(2\u00ba con 4) en Talca para decidir al rival de Ucrania o Espa\u00f1a. El otro lado de la llave se activar\u00e1 en el segundo turno de la jornada del mi\u00e9rcoles, desde las 20, cuando salgan a la cancha <b>Jap\u00f3n <\/b>(1\u00ba con 9) y <b>Francia <\/b>(3\u00ba con 6) en Santiago y <b>Paraguay <\/b>(2\u00ba con 4) y <b>Noruega <\/b>(2\u00ba con 5) en Talca. Los ganadores de estos duelos se enfrentar\u00e1n entre s\u00ed en cuartos de final. El jueves se develar\u00e1 el \u00faltimo cruce de cuartos, con los partidos entre <b>Estados Unidos <\/b>(1\u00ba con 6) e <b>Italia <\/b>(2\u00ba con 4) desde las 16.30 y <b>Marruecos <\/b>(1\u00ba con 6) y <b>Corea del Sur<\/b> (3\u00ba con 4) a las 20, ambos en Rancagua.<\/p>\n<h2>La \u00abverg\u00fcenza\u00bb brasile\u00f1a<\/h2>\n<p>La salida en primera fase de Brasil, con apenas un punto, fue definida como \u00abuna verg\u00fcenza sin precedentes\u00bb por el sitio <i>Globo Esporte<\/i> y tuvo repercusi\u00f3n inmediata en el interior de la Confederaci\u00f3n de F\u00fatbol, que <b>destituy\u00f3 al entrenador Ram\u00f3n Menezes un d\u00eda despu\u00e9s de la eliminaci\u00f3n<\/b>.<\/p>\n<p><iframe style=\"border: 0px; position: absolute; top: 0px; left: 0px; height: 100%;\" allowfullscreen=\"\" frameborder=\"0\" src=\"https:\/\/www.youtube.com\/embed\/z0pa_6BvtcI\"><\/iframe><\/p>\n<p>El pentacampe\u00f3n juvenil arranc\u00f3 con un 2-2 ante M\u00e9xico, luego perdi\u00f3 2-1 con Marruecos y finalmente no pudo con Espa\u00f1a (0-1) en un mano a mano para seguir en el torneo. Aunque no tuvo a Endrick (Real Madrid) ni Estevao (Chelsea), Brasil fue a Chile con jugadores de renombre internacional como el delantero <b>Deivid Washington (comprado por el Chelsea al Santos en 16 millones de euros)<\/b>, el extremo Pedro (Zenit de Rusia), el nueve Luighi (con dos goles en la Primera del Palmeiras) y el extremo <b>Wesley (comprado por el Al Nassr de Arabia Saudita al Corinthians en 18 millones)<\/b>.<\/p>\n<p><!-- Live Blog Post --><\/div>\n<p><a href=\"https:\/\/www.pagina12.com.ar\/863597-arrancan-los-octavos-de-final-del-mundial-sub-20-de-chile\">source<\/a><\/p>\n","protected":false},"excerpt":{"rendered":"<p>El Mundial Sub 20 dar\u00e1 inicio este martes a sus octavos de final, con Argentina&#8230;<\/p>\n","protected":false},"author":0,"featured_media":200259,"comment_status":"open","ping_status":"open","sticky":false,"template":"","format":"standard","meta":{"footnotes":""},"categories":[3],"tags":[],"class_list":["post-200258","post","type-post","status-publish","format-standard","has-post-thumbnail","hentry","category-deportes"],"featured_image_urls":{"full":["https:\/\/radiofenix.com.ar\/2023\/wp-content\/uploads\/2025\/10\/wp-header-logo-37.png",960,540,false],"thumbnail":["https:\/\/radiofenix.com.ar\/2023\/wp-content\/uploads\/2025\/10\/wp-header-logo-37-150x150.png",150,150,true],"medium":["https:\/\/radiofenix.com.ar\/2023\/wp-content\/uploads\/2025\/10\/wp-header-logo-37-300x169.png",300,169,true],"medium_large":["https:\/\/radiofenix.com.ar\/2023\/wp-content\/uploads\/2025\/10\/wp-header-logo-37-768x432.png",640,360,true],"large":["https:\/\/radiofenix.com.ar\/2023\/wp-content\/uploads\/2025\/10\/wp-header-logo-37.png",640,360,false],"1536x1536":["https:\/\/radiofenix.com.ar\/2023\/wp-content\/uploads\/2025\/10\/wp-header-logo-37.png",960,540,false],"2048x2048":["https:\/\/radiofenix.com.ar\/2023\/wp-content\/uploads\/2025\/10\/wp-header-logo-37.png",960,540,false],"newsium-slider-full":["https:\/\/radiofenix.com.ar\/2023\/wp-content\/uploads\/2025\/10\/wp-header-logo-37.png",960,540,false],"newsium-featured":["https:\/\/radiofenix.com.ar\/2023\/wp-content\/uploads\/2025\/10\/wp-header-logo-37.png",960,540,false],"newsium-medium":["https:\/\/radiofenix.com.ar\/2023\/wp-content\/uploads\/2025\/10\/wp-header-logo-37-720x475.png",720,475,true]},"author_info":{"info":[""]},"category_info":"<a href=\"https:\/\/radiofenix.com.ar\/2023\/category\/deportes\/\" rel=\"category tag\">Deportes<\/a>","tag_info":"Deportes","comment_count":"0","_links":{"self":[{"href":"https:\/\/radiofenix.com.ar\/2023\/wp-json\/wp\/v2\/posts\/200258","targetHints":{"allow":["GET"]}}],"collection":[{"href":"https:\/\/radiofenix.com.ar\/2023\/wp-json\/wp\/v2\/posts"}],"about":[{"href":"https:\/\/radiofenix.com.ar\/2023\/wp-json\/wp\/v2\/types\/post"}],"replies":[{"embeddable":true,"href":"https:\/\/radiofenix.com.ar\/2023\/wp-json\/wp\/v2\/comments?post=200258"}],"version-history":[{"count":0,"href":"https:\/\/radiofenix.com.ar\/2023\/wp-json\/wp\/v2\/posts\/200258\/revisions"}],"wp:featuredmedia":[{"embeddable":true,"href":"https:\/\/radiofenix.com.ar\/2023\/wp-json\/wp\/v2\/media\/200259"}],"wp:attachment":[{"href":"https:\/\/radiofenix.com.ar\/2023\/wp-json\/wp\/v2\/media?parent=200258"}],"wp:term":[{"taxonomy":"category","embeddable":true,"href":"https:\/\/radiofenix.com.ar\/2023\/wp-json\/wp\/v2\/categories?post=200258"},{"taxonomy":"post_tag","embeddable":true,"href":"https:\/\/radiofenix.com.ar\/2023\/wp-json\/wp\/v2\/tags?post=200258"}],"curies":[{"name":"wp","href":"https:\/\/api.w.org\/{rel}","templated":true}]}}