{"id":200388,"date":"2025-10-18T08:57:19","date_gmt":"2025-10-18T08:57:19","guid":{"rendered":"https:\/\/radiofenix.com.ar\/2023\/declaro-graf-por-la-muerte-de-diego-fernandez-lima-en-1984\/"},"modified":"2025-10-18T08:57:19","modified_gmt":"2025-10-18T08:57:19","slug":"declaro-graf-por-la-muerte-de-diego-fernandez-lima-en-1984","status":"publish","type":"post","link":"https:\/\/radiofenix.com.ar\/2023\/declaro-graf-por-la-muerte-de-diego-fernandez-lima-en-1984\/","title":{"rendered":"Declar\u00f3 Graf por la muerte de Diego Fern\u00e1ndez Lima en 1984"},"content":{"rendered":"<div><!-- Body --><\/p>\n<p><b>Norberto Cristian Graf <\/b>\u2013principal sospechoso y \u00fanico imputado en la causa en la que se investiga la muerte de Diego Fern\u00e1ndez Lima en 1984 en el barrio porte\u00f1o de Coghlan\u2013 <b>declar\u00f3 este viernes<\/b> ante el juez Alejandro Litvack y el fiscal Mart\u00edn L\u00f3pez Perrando. El hombre de 28 a\u00f1os <b>fue compa\u00f1ero de colegio de la v\u00edctima en 1983 y vivi\u00f3 toda su vida en la <a href=\"https:\/\/www.pagina12.com.ar\/848943-el-crimen-de-diego-fernandez-lima-que-futuro-tiene-la-causa\">casa en donde se encontraron los restos<\/a> en mayo de este a\u00f1o<\/b>. \u00abFueron tres horas de declaraci\u00f3n\u00bb dijo a la prensa \u00c9rica Niczypor, abogada de Graf, y reiter\u00f3 que su defendido \u201c<b>no ten\u00eda una relaci\u00f3n de amistad<\/b>\u201d con Fern\u00e1ndez Lima. Seg\u00fan informaron desde el Ministerio P\u00fablico Fiscal, en los pr\u00f3ximos d\u00edas el juez resolver\u00e1 la situaci\u00f3n procesal de Graf. <\/p>\n<p><b>\u201cNi \u00e9l ni su familia sab\u00edan que hab\u00eda restos \u00f3seos en ese lugar\u201d<\/b>, asegur\u00f3 la abogada luego de la indagatoria, y afirm\u00f3 que <a href=\"https:\/\/www.pagina12.com.ar\/851332-cristian-graf-nego-el-vinculo-con-diego-fernandez-lima-y-afi\">Graf sostuvo la posici\u00f3n que mantuvo publicamente<\/a>.\u00a0Niczypor repuso que su defendido explic\u00f3 ante el juez y el fiscal, con planos del inmueble, \u201c<b>c\u00f3mo era la medianera en ese momento, que en realidad no era una medianera sino un alambrado, y d\u00f3nde se hab\u00eda encontrado esa fosa<\/b>\u201d. Fern\u00e1ndez Lima comenz\u00f3 a ser buscado el 26 de julio de 1984 y sus restos \u00f3seos aparecieron el 20 de mayo pasado en el jard\u00edn de la vivienda de la familia del acusado, en medio de una obra.<\/p>\n<p>Graf est\u00e1 imputado por los delitos de \u201c<b>encubrimiento agravado<\/b>\u201d y \u201c<b>supresi\u00f3n de evidencia<\/b>\u201d. El fiscal L\u00f3pez Perrando solicit\u00f3 su indagatoria por considerar que el acusado <b>\u201cllev\u00f3 a cabo una serie de maniobras un\u00edvocas destinadas a encubrir el hecho precedente<\/b>\u201d, luego del hallazgo de los restos del joven, el 20 de mayo pasado.<\/p>\n<p>El titular de la Fiscal\u00eda Nacional en lo Criminal y Correccional N\u00b061 subray\u00f3 que entre los enunciados cuestionados y actitudes sospechosas de Graf hubo <b>\u201cexplicaciones inveros\u00edmiles\u201d<\/b>, como la existencia de una iglesia o un establo, y que los huesos quiz\u00e1 habr\u00edan llegado en un cami\u00f3n con tierra cuando hicieron la pileta; la conducta contradictoria y evasiva frente a testigos y autoridades para desviar la investigaci\u00f3n; la pasividad ante el hallazgo y la incipiente investigaci\u00f3n.<\/p>\n<p>Habl\u00f3 la madre de Diego<\/p>\n<p>Por primera vez desde el hallazgo en mayo pasado de los huesos de Diego Fern\u00e1ndez Lima, la madre de la v\u00edctima, Irma Lima, se refiri\u00f3 p\u00fablicamente al caso y apunt\u00f3 contra Cristian Graf, el principal sospechoso y \u00fanico imputado en la causa por el delito de encubrimiento agravado. La mujer, de 87 a\u00f1os, afirm\u00f3 que el ex compa\u00f1ero de escuela de su hijo fue el responsable del delito.<\/p>\n<p>Con motivo de la citaci\u00f3n a declaraci\u00f3n indagatoria del acusado de 58 a\u00f1os, la mujer fue entrevistada este viernes para referirse a la causa que investiga el homicidio de su hijo. \u00abLe pido al juez que imparta justicia. Es lo \u00fanico que le pido\u00bb, expres\u00f3 la madre de Diego, y sum\u00f3: \u00ab(Graf) mat\u00f3 a m\u00ed hijo. Ten\u00eda 16 a\u00f1os\u00bb. <\/p>\n<p>En este marco, plante\u00f3 su rechazo a que el delito haya prescripto por la cantidad de a\u00f1os transcurridos, y se expres\u00f3 ofuscada por la posibilidad de que el acusado quede impune y en libertad: \u00abNo puede ser que no est\u00e9 detenido. \u00bfNosotros qu\u00e9 somos? Nos matan los hijos. \u00bfNos tenemos que quedar como estamos?\u00bb. \u00abAs\u00ed estoy yo, con pena, llorando, recordando lo bueno que era (Diego): era estudioso, deportista\u201d, agreg\u00f3 la madre.<\/p>\n<p>La familia de Fern\u00e1ndez Lima apunta contra Graf, un ex compa\u00f1ero de escuela de Diego, de quien al comienzo de la investigaci\u00f3n se rumoreaba que ten\u00edan aficiones en com\u00fan por los autos. <\/p>\n<p>\u201cS\u00e9 que lo mat\u00f3, nada m\u00e1s. No s\u00e9 por qu\u00e9 lo mat\u00f3, eso es lo que quiero saber. Quiero justicia, yo quiero saber qu\u00e9 pas\u00f3\u201d, expuso la mam\u00e1 de Diego, apodado \u00abel Gaita\u00bb. En este marco, cont\u00f3 que aunque pasaron muchos a\u00f1os, siempre mantuvo el cuarto de su hijo \u201cintacto\u201d con la esperanza de que regresara.<\/p>\n<p>\u201cNo tiene por qu\u00e9 estar suelto. Puede volver a hacer lo mismo que le pas\u00f3 a mi hijo. Justicia y justicia, nada m\u00e1s pido\u201d, concluy\u00f3 la mujer.<\/p>\n<p>Javier Fern\u00e1ndez, el hermano menor de Diego, es querellante en la causa. Puede pedir medidas de prueba, interrogar testigos, proponer peritos y oponerse a alg\u00fan eventual sobreseimiento o archivo de la causa. No obstante, no puede participar de las declaraciones indagatorias.<\/p>\n<p><!-- Live Blog Post --><\/div>\n<p><a href=\"https:\/\/www.pagina12.com.ar\/866683-declaro-graf-por-la-muerte-de-diego-fernandez-lima-en-1984\">source<\/a><\/p>\n","protected":false},"excerpt":{"rendered":"<p>Norberto Cristian Graf \u2013principal sospechoso y \u00fanico imputado en la causa en la que se&#8230;<\/p>\n","protected":false},"author":0,"featured_media":200389,"comment_status":"open","ping_status":"open","sticky":false,"template":"","format":"standard","meta":{"footnotes":""},"categories":[7],"tags":[],"class_list":["post-200388","post","type-post","status-publish","format-standard","has-post-thumbnail","hentry","category-sociedad"],"featured_image_urls":{"full":["https:\/\/radiofenix.com.ar\/2023\/wp-content\/uploads\/2025\/10\/wp-header-logo-101.png",960,540,false],"thumbnail":["https:\/\/radiofenix.com.ar\/2023\/wp-content\/uploads\/2025\/10\/wp-header-logo-101-150x150.png",150,150,true],"medium":["https:\/\/radiofenix.com.ar\/2023\/wp-content\/uploads\/2025\/10\/wp-header-logo-101-300x169.png",300,169,true],"medium_large":["https:\/\/radiofenix.com.ar\/2023\/wp-content\/uploads\/2025\/10\/wp-header-logo-101-768x432.png",640,360,true],"large":["https:\/\/radiofenix.com.ar\/2023\/wp-content\/uploads\/2025\/10\/wp-header-logo-101.png",640,360,false],"1536x1536":["https:\/\/radiofenix.com.ar\/2023\/wp-content\/uploads\/2025\/10\/wp-header-logo-101.png",960,540,false],"2048x2048":["https:\/\/radiofenix.com.ar\/2023\/wp-content\/uploads\/2025\/10\/wp-header-logo-101.png",960,540,false],"newsium-slider-full":["https:\/\/radiofenix.com.ar\/2023\/wp-content\/uploads\/2025\/10\/wp-header-logo-101.png",960,540,false],"newsium-featured":["https:\/\/radiofenix.com.ar\/2023\/wp-content\/uploads\/2025\/10\/wp-header-logo-101.png",960,540,false],"newsium-medium":["https:\/\/radiofenix.com.ar\/2023\/wp-content\/uploads\/2025\/10\/wp-header-logo-101-720x475.png",720,475,true]},"author_info":{"info":[""]},"category_info":"<a href=\"https:\/\/radiofenix.com.ar\/2023\/category\/sociedad\/\" rel=\"category tag\">Sociedad<\/a>","tag_info":"Sociedad","comment_count":"0","_links":{"self":[{"href":"https:\/\/radiofenix.com.ar\/2023\/wp-json\/wp\/v2\/posts\/200388","targetHints":{"allow":["GET"]}}],"collection":[{"href":"https:\/\/radiofenix.com.ar\/2023\/wp-json\/wp\/v2\/posts"}],"about":[{"href":"https:\/\/radiofenix.com.ar\/2023\/wp-json\/wp\/v2\/types\/post"}],"replies":[{"embeddable":true,"href":"https:\/\/radiofenix.com.ar\/2023\/wp-json\/wp\/v2\/comments?post=200388"}],"version-history":[{"count":0,"href":"https:\/\/radiofenix.com.ar\/2023\/wp-json\/wp\/v2\/posts\/200388\/revisions"}],"wp:featuredmedia":[{"embeddable":true,"href":"https:\/\/radiofenix.com.ar\/2023\/wp-json\/wp\/v2\/media\/200389"}],"wp:attachment":[{"href":"https:\/\/radiofenix.com.ar\/2023\/wp-json\/wp\/v2\/media?parent=200388"}],"wp:term":[{"taxonomy":"category","embeddable":true,"href":"https:\/\/radiofenix.com.ar\/2023\/wp-json\/wp\/v2\/categories?post=200388"},{"taxonomy":"post_tag","embeddable":true,"href":"https:\/\/radiofenix.com.ar\/2023\/wp-json\/wp\/v2\/tags?post=200388"}],"curies":[{"name":"wp","href":"https:\/\/api.w.org\/{rel}","templated":true}]}}