{"id":200410,"date":"2025-10-20T08:57:18","date_gmt":"2025-10-20T08:57:18","guid":{"rendered":"https:\/\/radiofenix.com.ar\/2023\/milei-promete-facilitar-despidos\/"},"modified":"2025-10-20T08:57:18","modified_gmt":"2025-10-20T08:57:18","slug":"milei-promete-facilitar-despidos","status":"publish","type":"post","link":"https:\/\/radiofenix.com.ar\/2023\/milei-promete-facilitar-despidos\/","title":{"rendered":"Milei promete facilitar despidos"},"content":{"rendered":"<div><!-- Body --><\/p>\n<p>El Gobierno tiene previsto avanzar con una reforma laboral que eliminar\u00eda los convenios colectivos de trabajo para flexibilizar las condiciones en las que los empresarios puedan\u00a0 despedir empleados. La promesa se estableci\u00f3 en caso de imponerse en las elecciones del 26 de octubre. As\u00ed lo anunciaron funcionarios del Gobierno en el Coloquio de IDEA en Mar del Plata, entre ellos el secretario de Trabajo, Julio Cordero, y el ministro de Desregulaci\u00f3n y Transformaci\u00f3n del Estado, Federico Sturzenegger. Los acuerdos por empresa deber\u00edan primar sobre los de actividad, aunque no necesariamente los mejoren, y los trabajadores \u201cm\u00e1s productivos\u201d podr\u00edan recibir aumentos salariales diferenciales, fueron algunas de las definiciones vertidas durante el evento. Aplausos entre los CEOs y figuras clave del c\u00edrculo rojo. <\/p>\n<p>El hombre de Techint en la gesti\u00f3n libertaria es Cordero, quien como titular de Trabajo pidi\u00f3 la \u201cactualizaci\u00f3n\u201d de los convenios colectivos porque llevan \u201cun tiempo de duraci\u00f3n muy largo\u201d. Adem\u00e1s volvi\u00f3 con la idea remanida de priorizar los convenidos por empresa y no por actividad. Algo que intent\u00f3 la dictadura y luego gobiernos democr\u00e1ticos como el de Ra\u00fal Alfons\u00edn para quitarle peso a los sindicatos, que pueden de esa manera defender los derechos de los trabajadores.\u00a0<\/p>\n<p>Minutos antes el ministro de Desregulaci\u00f3n y Transformaci\u00f3n del Estado, Federico Sturzenegger, se manifest\u00f3 en la misma direcci\u00f3n: sostuvo que las paritarias deber\u00edan ser provinciales y no nacionales y sectoriales; contrapuso el sistema argentino, similar al europeo, con el alem\u00e1n, que es regional y asegur\u00f3 que \u00abeso permite <b>en zonas menos productivas emplear con menores salarios\u00bb<\/b>: algo as\u00ed como un nivelar para abajo, y de paso diluir el Estado naci\u00f3n, que delega los conflictos permanentemente a los gobernadores. \u201cConvenio inferior prevalece sobre convenio superior\u201d, sentenci\u00f3 el ministro apoyando una convergencia hacia salarios de miseria. De esa forma, seg\u00fan Sturzenegger, se crear\u00edan m\u00e1s puestos de trabajo. Y dibuj\u00f3 un dato: \u201ccrecer\u00eda un 16 por ciento el empleo en el norte argentino\u201d.<\/p>\n<p>La exposici\u00f3n del ministro se puso picante cuando recrimin\u00f3 simp\u00e1ticamente a los empresarios que no hicieron propuestas en materia de desregulaci\u00f3n laboral. \u201cEl Gobierno les da la libertad para dise\u00f1ar el contrato laboral que quieran, y no hacen nada, muchachos. No se entiende\u201d, interpel\u00f3, para que tomen un rol m\u00e1s activo en la discusi\u00f3n que se viene.<\/p>\n<p>Otra propuesta de Trabajo fue lo que llam\u00f3 \u201cincrementos salariales din\u00e1micos\u201d, es decir, que los trabajadores m\u00e1s \u201cproductivos\u201d puedan recibir incrementos salariales discrecionales. El b\u00e1sico y el aumento en paritarias por inflaci\u00f3n es para todos, pero otros ajustes podr\u00edan premiar a una mayor dedicaci\u00f3n (o explotaci\u00f3n) del trabajador individual. \u201cNo es igual remuneraci\u00f3n por igual tarea, necesariamente se requiere que quien trabaja m\u00e1s tenga mejor retribuci\u00f3n\u201d, sentenci\u00f3 Cordero.<\/p>\n<p>Luego dijo que \u201ctambi\u00e9n los gremios est\u00e1n trabajando estos tema en sus <b>internas<\/b>\u201d. Y aclar\u00f3: \u201cse pensaba que iba a ser un caos la calle, y estamos en \u00e9poca electoral y hay paz social\u201d. La discusi\u00f3n en Idea se da d\u00edas despu\u00e9s de la difusi\u00f3n de los \u00faltimos datos de empleo del Sistema Integrado Previsional Argentino (SIPA). <b>Entre noviembre de 2023 y julio de 2025 se perdieron m\u00e1s de 200.000 puestos de trabajo<\/b>, con fuerte impacto en la industria y la construcci\u00f3n. El Gobierno no logra resolver el problema de la econom\u00eda real, crear puestos de trabajo y dinamizar el consumo. Sectores que no est\u00e1n en crisis, como el minero-petrolero y el financiero, tambi\u00e9n mostraron retrocesos significativos. <\/p>\n<p>Los juicios laborales est\u00e1n en el centro de la agenda de reforma laboral. Desde IDEA reconocieron que \u201cya se produjeron avances en materia de multas laborales y la reducci\u00f3n del per\u00edodo de prueba\u201d y que \u00abes tiempo de discutir los juicios laborales\u00bb.\u00a0<\/p>\n<p>La exposici\u00f3n de Cordero finaliz\u00f3 con un pedido de aplausos de pie porque \u201choy las nuevas generaciones no quieren trabajar en relaci\u00f3n de dependencia\u201d. Pol\u00e9mico y dif\u00edcil de comprobar emp\u00edricamente, para el secretario no todo trabajo aut\u00f3nomo deber\u00eda interpretarse como \u201ccarente\u201d de derechos y compararse con el registrado.\u00a0<\/p>\n<p><!-- Live Blog Post --><\/div>\n<p><a href=\"https:\/\/www.pagina12.com.ar\/866669-milei-promete-facilitar-despidos\">source<\/a><\/p>\n","protected":false},"excerpt":{"rendered":"<p>El Gobierno tiene previsto avanzar con una reforma laboral que eliminar\u00eda los convenios colectivos de&#8230;<\/p>\n","protected":false},"author":0,"featured_media":200411,"comment_status":"open","ping_status":"open","sticky":false,"template":"","format":"standard","meta":{"footnotes":""},"categories":[5],"tags":[],"class_list":["post-200410","post","type-post","status-publish","format-standard","has-post-thumbnail","hentry","category-economia"],"featured_image_urls":{"full":["https:\/\/radiofenix.com.ar\/2023\/wp-content\/uploads\/2025\/10\/wp-header-logo-112.png",960,540,false],"thumbnail":["https:\/\/radiofenix.com.ar\/2023\/wp-content\/uploads\/2025\/10\/wp-header-logo-112-150x150.png",150,150,true],"medium":["https:\/\/radiofenix.com.ar\/2023\/wp-content\/uploads\/2025\/10\/wp-header-logo-112-300x169.png",300,169,true],"medium_large":["https:\/\/radiofenix.com.ar\/2023\/wp-content\/uploads\/2025\/10\/wp-header-logo-112-768x432.png",640,360,true],"large":["https:\/\/radiofenix.com.ar\/2023\/wp-content\/uploads\/2025\/10\/wp-header-logo-112.png",640,360,false],"1536x1536":["https:\/\/radiofenix.com.ar\/2023\/wp-content\/uploads\/2025\/10\/wp-header-logo-112.png",960,540,false],"2048x2048":["https:\/\/radiofenix.com.ar\/2023\/wp-content\/uploads\/2025\/10\/wp-header-logo-112.png",960,540,false],"newsium-slider-full":["https:\/\/radiofenix.com.ar\/2023\/wp-content\/uploads\/2025\/10\/wp-header-logo-112.png",960,540,false],"newsium-featured":["https:\/\/radiofenix.com.ar\/2023\/wp-content\/uploads\/2025\/10\/wp-header-logo-112.png",960,540,false],"newsium-medium":["https:\/\/radiofenix.com.ar\/2023\/wp-content\/uploads\/2025\/10\/wp-header-logo-112-720x475.png",720,475,true]},"author_info":{"info":[""]},"category_info":"<a href=\"https:\/\/radiofenix.com.ar\/2023\/category\/economia\/\" rel=\"category tag\">Economia<\/a>","tag_info":"Economia","comment_count":"0","_links":{"self":[{"href":"https:\/\/radiofenix.com.ar\/2023\/wp-json\/wp\/v2\/posts\/200410","targetHints":{"allow":["GET"]}}],"collection":[{"href":"https:\/\/radiofenix.com.ar\/2023\/wp-json\/wp\/v2\/posts"}],"about":[{"href":"https:\/\/radiofenix.com.ar\/2023\/wp-json\/wp\/v2\/types\/post"}],"replies":[{"embeddable":true,"href":"https:\/\/radiofenix.com.ar\/2023\/wp-json\/wp\/v2\/comments?post=200410"}],"version-history":[{"count":0,"href":"https:\/\/radiofenix.com.ar\/2023\/wp-json\/wp\/v2\/posts\/200410\/revisions"}],"wp:featuredmedia":[{"embeddable":true,"href":"https:\/\/radiofenix.com.ar\/2023\/wp-json\/wp\/v2\/media\/200411"}],"wp:attachment":[{"href":"https:\/\/radiofenix.com.ar\/2023\/wp-json\/wp\/v2\/media?parent=200410"}],"wp:term":[{"taxonomy":"category","embeddable":true,"href":"https:\/\/radiofenix.com.ar\/2023\/wp-json\/wp\/v2\/categories?post=200410"},{"taxonomy":"post_tag","embeddable":true,"href":"https:\/\/radiofenix.com.ar\/2023\/wp-json\/wp\/v2\/tags?post=200410"}],"curies":[{"name":"wp","href":"https:\/\/api.w.org\/{rel}","templated":true}]}}