{"id":200512,"date":"2025-10-28T08:57:24","date_gmt":"2025-10-28T08:57:24","guid":{"rendered":"https:\/\/radiofenix.com.ar\/2023\/tras-el-batacazo-en-provincia-diego-santilli-aseguro-que-cumplira-con-su-promesa-y-se-pelara\/"},"modified":"2025-10-28T08:57:24","modified_gmt":"2025-10-28T08:57:24","slug":"tras-el-batacazo-en-provincia-diego-santilli-aseguro-que-cumplira-con-su-promesa-y-se-pelara","status":"publish","type":"post","link":"https:\/\/radiofenix.com.ar\/2023\/tras-el-batacazo-en-provincia-diego-santilli-aseguro-que-cumplira-con-su-promesa-y-se-pelara\/","title":{"rendered":"Tras el batacazo en Provincia, Diego Santilli asegur\u00f3 que cumplir\u00e1 con su promesa y se pelar\u00e1"},"content":{"rendered":"<div id=\"note-body\">\n<p>La Libertad Avanza dio el batacazo en la provincia de Buenos Aires en las elecciones legislativas celebradas el domingo de la mano de <strong>Diego Santilli.<\/strong> El actual diputado nacional, que renovar\u00e1 su banca a partir del pr\u00f3ximo 10 de diciembre, hab\u00eda saltado al primer lugar de la lista luego de que <strong>Jos\u00e9 Luis Espert<\/strong> tuviera que bajarse de la carrera electoral tras quedar involucrado con el narco, a punto de ser extraditado a los Estados Unidos, <strong>Federico \u00abFred\u00bb Machado.<\/strong><\/p>\n<\/p><\/div>\n<p><a href=\"https:\/\/www.minutouno.com\/politica\/tras-el-batacazo-provincia-diego-santilli-aseguro-que-cumplira-su-promesa-y-se-pelara-n6206744\">source<\/a><\/p>\n","protected":false},"excerpt":{"rendered":"<p>La Libertad Avanza dio el batacazo en la provincia de Buenos Aires en las elecciones&#8230;<\/p>\n","protected":false},"author":0,"featured_media":200513,"comment_status":"open","ping_status":"open","sticky":false,"template":"","format":"standard","meta":{"footnotes":""},"categories":[2],"tags":[],"class_list":["post-200512","post","type-post","status-publish","format-standard","has-post-thumbnail","hentry","category-politica"],"featured_image_urls":{"full":["https:\/\/radiofenix.com.ar\/2023\/wp-content\/uploads\/2025\/10\/wp-header-logo-163.png",1200,675,false],"thumbnail":["https:\/\/radiofenix.com.ar\/2023\/wp-content\/uploads\/2025\/10\/wp-header-logo-163-150x150.png",150,150,true],"medium":["https:\/\/radiofenix.com.ar\/2023\/wp-content\/uploads\/2025\/10\/wp-header-logo-163-300x169.png",300,169,true],"medium_large":["https:\/\/radiofenix.com.ar\/2023\/wp-content\/uploads\/2025\/10\/wp-header-logo-163-768x432.png",640,360,true],"large":["https:\/\/radiofenix.com.ar\/2023\/wp-content\/uploads\/2025\/10\/wp-header-logo-163-1024x576.png",640,360,true],"1536x1536":["https:\/\/radiofenix.com.ar\/2023\/wp-content\/uploads\/2025\/10\/wp-header-logo-163.png",1200,675,false],"2048x2048":["https:\/\/radiofenix.com.ar\/2023\/wp-content\/uploads\/2025\/10\/wp-header-logo-163.png",1200,675,false],"newsium-slider-full":["https:\/\/radiofenix.com.ar\/2023\/wp-content\/uploads\/2025\/10\/wp-header-logo-163.png",1200,675,false],"newsium-featured":["https:\/\/radiofenix.com.ar\/2023\/wp-content\/uploads\/2025\/10\/wp-header-logo-163-1024x576.png",1024,576,true],"newsium-medium":["https:\/\/radiofenix.com.ar\/2023\/wp-content\/uploads\/2025\/10\/wp-header-logo-163-720x475.png",720,475,true]},"author_info":{"info":[""]},"category_info":"<a href=\"https:\/\/radiofenix.com.ar\/2023\/category\/politica\/\" rel=\"category tag\">Pol\u00edtica<\/a>","tag_info":"Pol\u00edtica","comment_count":"0","_links":{"self":[{"href":"https:\/\/radiofenix.com.ar\/2023\/wp-json\/wp\/v2\/posts\/200512","targetHints":{"allow":["GET"]}}],"collection":[{"href":"https:\/\/radiofenix.com.ar\/2023\/wp-json\/wp\/v2\/posts"}],"about":[{"href":"https:\/\/radiofenix.com.ar\/2023\/wp-json\/wp\/v2\/types\/post"}],"replies":[{"embeddable":true,"href":"https:\/\/radiofenix.com.ar\/2023\/wp-json\/wp\/v2\/comments?post=200512"}],"version-history":[{"count":0,"href":"https:\/\/radiofenix.com.ar\/2023\/wp-json\/wp\/v2\/posts\/200512\/revisions"}],"wp:featuredmedia":[{"embeddable":true,"href":"https:\/\/radiofenix.com.ar\/2023\/wp-json\/wp\/v2\/media\/200513"}],"wp:attachment":[{"href":"https:\/\/radiofenix.com.ar\/2023\/wp-json\/wp\/v2\/media?parent=200512"}],"wp:term":[{"taxonomy":"category","embeddable":true,"href":"https:\/\/radiofenix.com.ar\/2023\/wp-json\/wp\/v2\/categories?post=200512"},{"taxonomy":"post_tag","embeddable":true,"href":"https:\/\/radiofenix.com.ar\/2023\/wp-json\/wp\/v2\/tags?post=200512"}],"curies":[{"name":"wp","href":"https:\/\/api.w.org\/{rel}","templated":true}]}}