{"id":200514,"date":"2025-10-28T08:57:26","date_gmt":"2025-10-28T08:57:26","guid":{"rendered":"https:\/\/radiofenix.com.ar\/2023\/murio-emilio-de-ipola-un-intelectual-que-combinaba-la-erudicion-con-la-ironia\/"},"modified":"2025-10-28T08:57:26","modified_gmt":"2025-10-28T08:57:26","slug":"murio-emilio-de-ipola-un-intelectual-que-combinaba-la-erudicion-con-la-ironia","status":"publish","type":"post","link":"https:\/\/radiofenix.com.ar\/2023\/murio-emilio-de-ipola-un-intelectual-que-combinaba-la-erudicion-con-la-ironia\/","title":{"rendered":"Muri\u00f3 Emilio de \u00cdpola, un intelectual que combinaba la erudici\u00f3n con la iron\u00eda"},"content":{"rendered":"<div><!-- Body --><\/p>\n<p> La cultura argentina est\u00e1 de luto por la muerte del fil\u00f3sofo y soci\u00f3logo <b>Emilio de \u00cdpola<\/b>, el domingo 26 de octubre, a los 86 a\u00f1os. Profesor Em\u00e9rito de la Facultad de Ciencias Sociales de la Universidad de Buenos Aires, investigador Superior del Conicet, doctor en Ciencias Sociales de la Universidad de Par\u00eds,<b> fue secuestrado durante la dictadura c\u00edvico militar, estuvo preso en varias c\u00e1rceles y luego se exili\u00f3 en M\u00e9xico<\/b>, donde form\u00f3 parte de<b> <i>Controversia<\/i><\/b>, una revista creada por un grupo de exiliados argentinos que aglutin\u00f3 en sus p\u00e1ginas discusiones sobre el pasado y el presente de fines de la d\u00e9cada del 70 y principios de los 80.\u00a0<\/p>\n<p>Junto a su amigo <b>Juan Carlos Portantiero<\/b> (1934-2007) particip\u00f3 del <b>Grupo Esmeralda<\/b>, un pu\u00f1ado de intelectuales que acompa\u00f1aron la campa\u00f1a presidencial de<b> Ra\u00fal Alfons\u00edn<\/b>. Tambi\u00e9n fue uno de los fundadores del <b>Club de Cultura Socialista<\/b> y coescribi\u00f3, junto a Portantiero, el <b>discurso de Parque Norte<\/b>.<\/p>\n<p>De Ipola (Buenos Aires, 1939) fue secuestrado por un comando del Primer Cuerpo del Ej\u00e9rcito el 7 de abril de 1976. <a href=\"https:\/\/www.pagina12.com.ar\/diario\/suplementos\/espectaculos\/2-873-2005-10-29.html\">En una entrevista con este diario<\/a>, record\u00f3 que pas\u00f3 una \u201csemana jorobada\u201d, encapuchado, en la Superintendencia de Seguridad, donde lo torturaron e interrogaron. Aunque no militaba en ninguna agrupaci\u00f3n pol\u00edtica, viajaba a Chile con frecuencia en calidad de investigador de Flacso; en esos viajes llevaba correspondencia de militantes argentinos a organizaciones de la izquierda chilena. El 12 de abril fue puesto a disposici\u00f3n del Poder Ejecutivo Nacional y lo trasladaron primero a la c\u00e1rcel de Devoto, despu\u00e9s pas\u00f3 por la de La Plata y Caseros. En la c\u00e1rcel escribi\u00f3 una primera versi\u00f3n de<b> <a href=\"https:\/\/www.pagina12.com.ar\/diario\/suplementos\/espectaculos\/2-873-2005-10-29.html\"><i>La bemba<\/i><\/a> <\/b>(reeditado por Siglo XXI), un \u201ctestimonio ordenado\u201d acerca del funcionamiento de los rumores en la c\u00e1rcel.  <\/p>\n<p>Bemba, expresi\u00f3n que proviene de Cuba, designa popularmente los labios gruesos y prominentes; por extensi\u00f3n, significa rumor o versi\u00f3n. Antes de que triunfara la <b>Revoluci\u00f3n Cubana<\/b>, se llamaba \u201cradio-bembas\u201d a las noticias que circulaban de boca en boca entre la poblaci\u00f3n. De \u00cdpola toma como materia prima estos retazos de discursos, desarmados y fragmentarios, que circulaban \u201cilegalmente\u201d de celda en celda, de pabell\u00f3n en pabell\u00f3n y que eran comentados, reelaborados y transformados. El soci\u00f3logo buscaba dar cuenta de las modalidades de ejercicio de la vigilancia carcelario-pol\u00edtica, una violencia que, aunque sutil, era detallada y sistem\u00e1tica.  <\/p>\n<p>Public\u00f3 varios libros fundamentales como <em><i>Ideolog\u00eda y discurso populista<\/i><\/em><i>, <\/i><em><i>Investigaciones pol\u00edticas<\/i><\/em><i>, <\/i><em><i>Las cosas del creer<\/i><\/em><i>, <\/i><em><i>Met\u00e1foras de la pol\u00edtica, <\/i><\/em><em><i>Tristes t\u00f3picos de las ciencias sociales, <\/i><\/em><em><i>Althusser, el infinito adi\u00f3s <\/i><\/em><em>y <\/em><em><i>Ser preso pol\u00edtico en los a\u00f1os setenta<\/i><\/em><i>.<\/i> Muchos extra\u00f1ar\u00e1n\u00a0<span>esa<b> alquimia perfecta de iron\u00eda y erudici\u00f3n <\/b>de este intelectual<\/span><span>\u00a0que <\/span><span>como profesor<\/span><span> form\u00f3 a varias generaciones y que en 2008 se dio el gusto de grabar \u201cCuando sea viejo, ser\u00e9 cantor\u201d, un disco de tangos, canciones mexicanas y cl\u00e1sicos de la m\u00fasica francesa.<\/span><\/p>\n<p>*El velatorio se realizar\u00e1 este martes, de 18 a 22, en Malabia 1662.<\/p>\n<p><!-- Live Blog Post --><\/div>\n<p><a href=\"https:\/\/www.pagina12.com.ar\/869335-murio-emilio-de-ipola-un-intelectual-que-combinaba-la-erudic\">source<\/a><\/p>\n","protected":false},"excerpt":{"rendered":"<p>La cultura argentina est\u00e1 de luto por la muerte del fil\u00f3sofo y soci\u00f3logo Emilio de&#8230;<\/p>\n","protected":false},"author":0,"featured_media":200515,"comment_status":"open","ping_status":"open","sticky":false,"template":"","format":"standard","meta":{"footnotes":""},"categories":[4],"tags":[],"class_list":["post-200514","post","type-post","status-publish","format-standard","has-post-thumbnail","hentry","category-espectaculos"],"featured_image_urls":{"full":["https:\/\/radiofenix.com.ar\/2023\/wp-content\/uploads\/2025\/10\/wp-header-logo-164.png",960,540,false],"thumbnail":["https:\/\/radiofenix.com.ar\/2023\/wp-content\/uploads\/2025\/10\/wp-header-logo-164-150x150.png",150,150,true],"medium":["https:\/\/radiofenix.com.ar\/2023\/wp-content\/uploads\/2025\/10\/wp-header-logo-164-300x169.png",300,169,true],"medium_large":["https:\/\/radiofenix.com.ar\/2023\/wp-content\/uploads\/2025\/10\/wp-header-logo-164-768x432.png",640,360,true],"large":["https:\/\/radiofenix.com.ar\/2023\/wp-content\/uploads\/2025\/10\/wp-header-logo-164.png",640,360,false],"1536x1536":["https:\/\/radiofenix.com.ar\/2023\/wp-content\/uploads\/2025\/10\/wp-header-logo-164.png",960,540,false],"2048x2048":["https:\/\/radiofenix.com.ar\/2023\/wp-content\/uploads\/2025\/10\/wp-header-logo-164.png",960,540,false],"newsium-slider-full":["https:\/\/radiofenix.com.ar\/2023\/wp-content\/uploads\/2025\/10\/wp-header-logo-164.png",960,540,false],"newsium-featured":["https:\/\/radiofenix.com.ar\/2023\/wp-content\/uploads\/2025\/10\/wp-header-logo-164.png",960,540,false],"newsium-medium":["https:\/\/radiofenix.com.ar\/2023\/wp-content\/uploads\/2025\/10\/wp-header-logo-164-720x475.png",720,475,true]},"author_info":{"info":[""]},"category_info":"<a href=\"https:\/\/radiofenix.com.ar\/2023\/category\/espectaculos\/\" rel=\"category tag\">Espectaculos<\/a>","tag_info":"Espectaculos","comment_count":"0","_links":{"self":[{"href":"https:\/\/radiofenix.com.ar\/2023\/wp-json\/wp\/v2\/posts\/200514","targetHints":{"allow":["GET"]}}],"collection":[{"href":"https:\/\/radiofenix.com.ar\/2023\/wp-json\/wp\/v2\/posts"}],"about":[{"href":"https:\/\/radiofenix.com.ar\/2023\/wp-json\/wp\/v2\/types\/post"}],"replies":[{"embeddable":true,"href":"https:\/\/radiofenix.com.ar\/2023\/wp-json\/wp\/v2\/comments?post=200514"}],"version-history":[{"count":0,"href":"https:\/\/radiofenix.com.ar\/2023\/wp-json\/wp\/v2\/posts\/200514\/revisions"}],"wp:featuredmedia":[{"embeddable":true,"href":"https:\/\/radiofenix.com.ar\/2023\/wp-json\/wp\/v2\/media\/200515"}],"wp:attachment":[{"href":"https:\/\/radiofenix.com.ar\/2023\/wp-json\/wp\/v2\/media?parent=200514"}],"wp:term":[{"taxonomy":"category","embeddable":true,"href":"https:\/\/radiofenix.com.ar\/2023\/wp-json\/wp\/v2\/categories?post=200514"},{"taxonomy":"post_tag","embeddable":true,"href":"https:\/\/radiofenix.com.ar\/2023\/wp-json\/wp\/v2\/tags?post=200514"}],"curies":[{"name":"wp","href":"https:\/\/api.w.org\/{rel}","templated":true}]}}