{"id":200531,"date":"2025-10-29T08:57:37","date_gmt":"2025-10-29T08:57:37","guid":{"rendered":"https:\/\/radiofenix.com.ar\/2023\/la-familia-fort-se-enojo-con-virginia-gallardo-por-la-foto-que-uso-para-su-campana-politica-los-hijos-no-lo\/"},"modified":"2025-10-29T08:57:37","modified_gmt":"2025-10-29T08:57:37","slug":"la-familia-fort-se-enojo-con-virginia-gallardo-por-la-foto-que-uso-para-su-campana-politica-los-hijos-no-lo","status":"publish","type":"post","link":"https:\/\/radiofenix.com.ar\/2023\/la-familia-fort-se-enojo-con-virginia-gallardo-por-la-foto-que-uso-para-su-campana-politica-los-hijos-no-lo\/","title":{"rendered":"La familia Fort se enoj\u00f3 con Virginia Gallardo por la foto que us\u00f3 para su campa\u00f1a pol\u00edtica: &quot;Los hijos no lo&#8230;&quot;"},"content":{"rendered":"<div id=\"\">\n<div contenteditable=\"false\" class=\"embed_cont type_freetext\" rel=\"freetext\" id=\"embed5260_wrap\" data-provider=\"YouTube\">\n<p>Embed &#8211; \u00bfVIRGINIA GALLARDO USA A RICARDO FORT? Pol\u00e9mica por el uso de su imagen en la campa\u00f1a<span onclick=\"parent.parent.TinyMCETdcuerpo.preview_embed('embed5260')\" class=\"embed_colapse less\" id=\"embed5260_colapse\"\/><span onclick=\"parent.parent.TinyMCETdcuerpo.delete_embed('embed5260')\" class=\"embed_delete less\" id=\"embed5260_delete\"\/><\/p>\n<\/p><\/div>\n<p>En ese sentido, Carrozza remarc\u00f3 que Gallardo hab\u00eda tomado la decisi\u00f3n de no participar de la biopic sobre la vida de Fort y consider\u00f3 contradictorio que ahora recurriera a su imagen.<\/p>\n<p><strong>\u201cElla dijo que no quer\u00eda participar para despegar su imagen, y est\u00e1 en todo su derecho. Pero ac\u00e1 se est\u00e1 usando la imagen de Ricardo y los hijos no lo consintieron<\/strong>\u201d, explic\u00f3.<\/p>\n<p>Adem\u00e1s, el abogado tambi\u00e9n dej\u00f3 en claro que la modelo no suele compartir publicaciones sobre Fort, y que la <strong>familia no planea accionar legalmente, aunque considera el caso un uso indebido de imagen.<\/strong><\/p>\n<p><strong> \u201cNo vamos a mandar una carta documento ni pedir un cachet, pero esto es un uso de imagen<\/strong>. En todo este tiempo, Virginia no public\u00f3 nada ni para su cumplea\u00f1os ni para el aniversario de su fallecimiento\u201d, a\u00f1adi\u00f3.<\/p>\n<p>Lejos de quedarse callada, la ex panelista us\u00f3 su cuenta de X, ex Twitter, para responder a estas declaraciones.<\/p>\n<p><strong>\u201cQu\u00e9 raro que el abogado de la familia diga que quiero lucrar justo cuando no quise hacerlo<\/strong>. Claro, era redituable para ellos. PD: hay archivo del mismo abogado defendi\u00e9ndome en ese momento. Memoria\u201d, escribi\u00f3 la exvedette.<\/p>\n<div contenteditable=\"false\" class=\"embed_cont type_freetext\" rel=\"freetext\" id=\"embed1842_wrap\" data-provider=\"Twitter\">\n<p>Embed &#8211; https:\/\/publish.x.com\/oembed?url=https:\/\/x.com\/virchugallardo\/status\/1981465144531272116?t=uhpyBt2stbNy_Vb9Tkbb-g&amp;s=19&amp;partner=&amp;hide_thread=false<span onclick=\"parent.parent.TinyMCETdcuerpo.preview_embed('embed1842')\" class=\"embed_colapse less\" id=\"embed1842_colapse\"\/><span onclick=\"parent.parent.TinyMCETdcuerpo.delete_embed('embed1842')\" class=\"embed_delete less\" id=\"embed1842_delete\"\/><\/p>\n<div id=\"embed1842_content\" class=\"embed_content\">\n<div id=\"embed1842_embed\">\n<blockquote data-td-script-src=\"https:\/\/platform.twitter.com\/widgets.js\" class=\"twitter-tweet\">\n<p dir=\"ltr\" lang=\"es\"> Qu\u00e9 raro que el abogado de la familia hace m\u00e1s de 15 A\u00d1OS diga que YO QUIERO LUCRAR justo cuando NO QUISE HACERLO, pero claro, era redituable PARA ELLOS ! PD: Hay archivo del mismo abogado DEFENDI\u00c9NDOME en ese momento . MEMORIA <a href=\"https:\/\/t.co\/ogKlbyRaOC\">https:\/\/t.co\/ogKlbyRaOC<\/a><\/p>\n<p> \u2014 virginia gallardo (@virchugallardo) <a href=\"https:\/\/twitter.com\/virchugallardo\/status\/1981465144531272116?ref_src=twsrc%5Etfw\">October 23, 2025<\/a><\/p><\/blockquote>\n<\/div><\/div>\n<\/p><\/div>\n<\/p><\/div>\n<p><a href=\"https:\/\/www.minutouno.com\/politica\/la-familia-fort-se-enojo-virginia-gallardo-la-foto-que-uso-su-campana-los-hijos-no-lo-n6207040\">source<\/a><\/p>\n","protected":false},"excerpt":{"rendered":"<p>Embed &#8211; \u00bfVIRGINIA GALLARDO USA A RICARDO FORT? Pol\u00e9mica por el uso de su imagen&#8230;<\/p>\n","protected":false},"author":0,"featured_media":200532,"comment_status":"open","ping_status":"open","sticky":false,"template":"","format":"standard","meta":{"footnotes":""},"categories":[2],"tags":[],"class_list":["post-200531","post","type-post","status-publish","format-standard","has-post-thumbnail","hentry","category-politica"],"featured_image_urls":{"full":["https:\/\/radiofenix.com.ar\/2023\/wp-content\/uploads\/2025\/10\/wp-header-logo-169.png",1200,675,false],"thumbnail":["https:\/\/radiofenix.com.ar\/2023\/wp-content\/uploads\/2025\/10\/wp-header-logo-169-150x150.png",150,150,true],"medium":["https:\/\/radiofenix.com.ar\/2023\/wp-content\/uploads\/2025\/10\/wp-header-logo-169-300x169.png",300,169,true],"medium_large":["https:\/\/radiofenix.com.ar\/2023\/wp-content\/uploads\/2025\/10\/wp-header-logo-169-768x432.png",640,360,true],"large":["https:\/\/radiofenix.com.ar\/2023\/wp-content\/uploads\/2025\/10\/wp-header-logo-169-1024x576.png",640,360,true],"1536x1536":["https:\/\/radiofenix.com.ar\/2023\/wp-content\/uploads\/2025\/10\/wp-header-logo-169.png",1200,675,false],"2048x2048":["https:\/\/radiofenix.com.ar\/2023\/wp-content\/uploads\/2025\/10\/wp-header-logo-169.png",1200,675,false],"newsium-slider-full":["https:\/\/radiofenix.com.ar\/2023\/wp-content\/uploads\/2025\/10\/wp-header-logo-169.png",1200,675,false],"newsium-featured":["https:\/\/radiofenix.com.ar\/2023\/wp-content\/uploads\/2025\/10\/wp-header-logo-169-1024x576.png",1024,576,true],"newsium-medium":["https:\/\/radiofenix.com.ar\/2023\/wp-content\/uploads\/2025\/10\/wp-header-logo-169-720x475.png",720,475,true]},"author_info":{"info":[""]},"category_info":"<a href=\"https:\/\/radiofenix.com.ar\/2023\/category\/politica\/\" rel=\"category tag\">Pol\u00edtica<\/a>","tag_info":"Pol\u00edtica","comment_count":"0","_links":{"self":[{"href":"https:\/\/radiofenix.com.ar\/2023\/wp-json\/wp\/v2\/posts\/200531","targetHints":{"allow":["GET"]}}],"collection":[{"href":"https:\/\/radiofenix.com.ar\/2023\/wp-json\/wp\/v2\/posts"}],"about":[{"href":"https:\/\/radiofenix.com.ar\/2023\/wp-json\/wp\/v2\/types\/post"}],"replies":[{"embeddable":true,"href":"https:\/\/radiofenix.com.ar\/2023\/wp-json\/wp\/v2\/comments?post=200531"}],"version-history":[{"count":0,"href":"https:\/\/radiofenix.com.ar\/2023\/wp-json\/wp\/v2\/posts\/200531\/revisions"}],"wp:featuredmedia":[{"embeddable":true,"href":"https:\/\/radiofenix.com.ar\/2023\/wp-json\/wp\/v2\/media\/200532"}],"wp:attachment":[{"href":"https:\/\/radiofenix.com.ar\/2023\/wp-json\/wp\/v2\/media?parent=200531"}],"wp:term":[{"taxonomy":"category","embeddable":true,"href":"https:\/\/radiofenix.com.ar\/2023\/wp-json\/wp\/v2\/categories?post=200531"},{"taxonomy":"post_tag","embeddable":true,"href":"https:\/\/radiofenix.com.ar\/2023\/wp-json\/wp\/v2\/tags?post=200531"}],"curies":[{"name":"wp","href":"https:\/\/api.w.org\/{rel}","templated":true}]}}