{"id":200545,"date":"2025-10-30T08:57:23","date_gmt":"2025-10-30T08:57:23","guid":{"rendered":"https:\/\/radiofenix.com.ar\/2023\/se-conocieron-los-candidatos-a-los-premios-ace\/"},"modified":"2025-10-30T08:57:23","modified_gmt":"2025-10-30T08:57:23","slug":"se-conocieron-los-candidatos-a-los-premios-ace","status":"publish","type":"post","link":"https:\/\/radiofenix.com.ar\/2023\/se-conocieron-los-candidatos-a-los-premios-ace\/","title":{"rendered":"Se conocieron los candidatos a los Premios ACE"},"content":{"rendered":"<div><!-- Body --><\/p>\n<p>Se conocieron los nominados a los\u00a0<strong>Premios ACE, que entrega\u00a0<\/strong>la <strong>Asociaci\u00f3n Cronistas del Espect\u00e1culo.\u00a0<\/strong>En esta ocasi\u00f3n, el espect\u00e1culo m\u00e1s valorado, con<strong> 14 nominaciones<\/strong>, es<a href=\"https:\/\/www.lanacion.com.ar\/espectaculos\/teatro\/la-revista-del-cervantes-el-viaje-a-un-pasado-argentino-de-plumas-lentejuelas-y-tiempos-mejores-nid17052025\/?gad_source=1&amp;gad_campaignid=22715918156&amp;gbraid=0AAAAAoiVr8QB0pN79tVoNDDIaLIzW4unI&amp;gclid=Cj0KCQjw9obIBhCAARIsAGHm1mQ4Wr5Edo_D_9V_mCFaJvaYyR0gWphCuwh6xbGz5pWCNOtc6Wzby6EaAmRwEALw_wcB\/\" target=\"_blank\"> <\/a><em><strong>La revista del Cervantes<\/strong><\/em><a href=\"https:\/\/www.lanacion.com.ar\/espectaculos\/teatro\/la-revista-del-cervantes-el-viaje-a-un-pasado-argentino-de-plumas-lentejuelas-y-tiempos-mejores-nid17052025\/?gad_source=1&amp;gad_campaignid=22715918156&amp;gbraid=0AAAAAoiVr8QB0pN79tVoNDDIaLIzW4unI&amp;gclid=Cj0KCQjw9obIBhCAARIsAGHm1mQ4Wr5Edo_D_9V_mCFaJvaYyR0gWphCuwh6xbGz5pWCNOtc6Wzby6EaAmRwEALw_wcB\/\" target=\"_blank\"><strong>,<\/strong><\/a> la importante producci\u00f3n del Teatro Nacional Cervantes que revisita los a\u00f1os fundacionales del g\u00e9nero. Con 13 nominaciones, destaca tambi\u00e9n\u00a0<em><b>Cuando Frank conoci\u00f3 a Carlitos<\/b><\/em><a href=\"https:\/\/www.lanacion.com.ar\/espectaculos\/teatro\/cuando-frank-conocio-a-carlitos-un-musical-bien-porteno-de-excelente-factura-e-impronta-for-export-nid09072024\/?gad_source=1&amp;gad_campaignid=22715918156&amp;gbraid=0AAAAAoiVr8QB0pN79tVoNDDIaLIzW4unI&amp;gclid=Cj0KCQjw9obIBhCAARIsAGHm1mTc9lZiVbUs5kK7Qv5NA2TD4N9FpIMdqsjIp9WoAoOnW9M-s76FYB8aAil3EALw_wcB\/\" target=\"_blank\"><span>,<\/span><\/a>\u00a0musical que narra el hipot\u00e9tico encuentro entre Sinatra y Gardel. <i><b>La Sirenita<\/b><\/i>, basado en el famoso film de Disney, tiene 12. <i>Despertar de primavera<\/i> obtuvo diez. Todas estas piezas tienen algo en com\u00fan: son musicales.<\/p>\n<p>Por fuera del musical, <i><b>Rocky<\/b><\/i>, obra protagonizada por Nicol\u00e1s V\u00e1zquez, tiene nueve nominaciones, igual que la obra independiente <i><b>Incidente en Vichy<\/b><\/i>. Las comedias con mayores nominaciones -cinco ambas- son <i><b>Una navidad de mierda<\/b> <\/i>y <i><b>El secreto<\/b><\/i>. Se percibe, como criterio, poco \u00e9nfasis en el drama en los reconocimientos. La entrega de diplomas se llevar\u00e1 a cabo el mes pr\u00f3ximo, en fecha a\u00fan a confirmar. Y la entrega de premios ser\u00e1 reci\u00e9n en marzo de 2026.<\/p>\n<h2><span>Obras y trabajos nominados<br \/><\/span><\/h2>\n<p><b>Autor\/autora:\u00a0<\/b>Natalia Villamil (<i>Clandestina<\/i>), Emiliano Dionisi (<i>La Diabla o c\u00f3mo destruir el mundo<\/i>), Alfredo Allende, Sebasti\u00e1n Borensztein, Juan Francisco Dasso, Marcela Guerty y Juanse Rausch (<i>La revista del Cervantes<\/i>), Oscar Barney Finn\/ Marcelo Zapata (<i>El sal\u00f3n dorado<\/i>), Ra\u00fal L\u00f3pez Rossi y Gustavo Manuel Gonz\u00e1lez (<i>Cuando Frank conoci\u00f3 a Carlitos<\/i>), Manuel I\u00f1urrieta (<i>El invierno del oso<\/i>).<\/p>\n<p><b>Drama y\/o comedia dram\u00e1tica: <\/b><em>Empieza con D, siete letras<\/em>, <em>Rocky<\/em>, <em>El sal\u00f3n dorado<\/em>, <em>El debate<\/em>, <em>El secreto<\/em>, <em>Druk<\/em>, <em>Al fin y al cabo es mi vida<\/em>.<\/p>\n<p><b>Actriz protag\u00f3nica en drama y\/o comedia dram\u00e1tica: <\/b>Silvia Kutika por <em>Al fin y al cabo es mi vida<\/em>; Fernanda Metilli por <em>Empieza con D, siete letras;\u00a0<\/em>Gabriela Toscano por <em>Relatividad;\u00a0<\/em>Cecilia Roth por <em>La madre;\u00a0<\/em>Mercedes Fraile por <em>El sal\u00f3n dorado;<\/em>\u00a0Ana Mar\u00eda Picchio por <em>El secreto<\/em>.<\/p>\n<p><b>Actor protag\u00f3nico en drama y\/o comedia dram\u00e1tica: <\/b>Joaqu\u00edn Furriel (<em>Ricardo III<\/em>), Julio Ch\u00e1vez (<em>La ballena<\/em>), Luis Mach\u00edn (<em>Relatividad<\/em>), Carlos Portaluppi (<em>Druk<\/em>), Nicol\u00e1s V\u00e1zquez (<em>Rocky<\/em>), Fabi\u00e1n Vena (<em>El debate<\/em>), Gerardo Romano (<em>El secreto<\/em>).<\/p>\n<p><b>Direcci\u00f3n de drama y\/o comedia dram\u00e1tica: <\/b>Carlos Rivas (<em>Relatividad<\/em>), Javier Daulte (<em>Druk<\/em>), Manuel Gonz\u00e1lez Gil (<em>El debate<\/em> y <em>El secreto<\/em>), Nicol\u00e1s V\u00e1zquez y Mariano Demar\u00eda (<em>Rocky<\/em>), Juan Jos\u00e9 Campanella (<em>Empieza con D, siete letras<\/em>).<\/p>\n<p><b>Comedia: <\/b><em>Mi amiga y yo<\/em>, <em>Mi querido presidente<\/em>, <em>Una navidad de mierda<\/em>, <em>Cuesti\u00f3n de g\u00e9nero<\/em>, <em>Parlamento<\/em>, <em>El jefe del jefe<\/em>.<\/p>\n<p><strong>Actriz en comedia:<\/strong> Josefina Scaglione (<em>Mi amiga y yo<\/em>), Ver\u00f3nica Llin\u00e1s (<em>Una navidad de mierda<\/em>), Betiana Blum (<em>Mam\u00e1<\/em>), Luc\u00eda Aduriz Bravo (<em>Quiero decir Te amo<\/em>), Piel de lava (<em>Parlamento<\/em>), Victoria Almeida (<em>La funci\u00f3n que sale mal<\/em>).<\/p>\n<p><strong>Actor en comedia:<\/strong> Sebasti\u00e1n Presta (<em>Mi amiga y yo<\/em>), Jorge Marrale (<em>Cuesti\u00f3n de g\u00e9nero<\/em>), Miguel \u00c1ngel Sol\u00e1 (<em>Mi querido presidente<\/em>), Maxi De La Cruz (<em>Mi querido presidente<\/em>), Alejo Garc\u00eda Pintos (<em>Una navidad de mierda<\/em>), Dan Breitman (<em>La funci\u00f3n que sale mal<\/em>).<\/p>\n<p><strong>Director de comedia:<\/strong> Javier Daulte (<em>El jefe del Jefe<\/em>), Peto Menahem y Ver\u00f3nica Llin\u00e1s (<em>Una navidad de mierda<\/em>), Max Otranto (<em>Mi querido presidente<\/em>), Nelson Valente (<em>Cuesti\u00f3n de g\u00e9nero<\/em>), Diego Reinhold (<em>Mi amiga y yo<\/em>).<\/p>\n<p><strong>Actriz o actor de reparto en drama y\/o comedia:<\/strong> Laura Oliva (<em>La ballena<\/em>), Claudia Cantero (<em>James Brown no usaba ruleros<\/em>), Marcos Montes (<em>James Brown no usaba ruleros<\/em>), Gast\u00f3n Cocchiarale (<em>Empieza con D, siete letras<\/em>), Anita Gutierrez (<em>Una navidad de mierda<\/em>), Rodrigo Noya (<em>El secreto<\/em>), David Masajnik (<em>Rocky<\/em>).<\/p>\n<p><strong>Actuaci\u00f3n masculina en obra para un solo personaje:<\/strong> Dennis Smith (<em>Mi vida anterior<\/em>), Mart\u00edn Rechimuzzi (<em>Alejandra<\/em>), Agust\u00edn \u201cRada\u201d Aristar\u00e1n (<em>Chanta<\/em>), Mariano Saborido (<em>Viento blanco<\/em>), Joaquin Berthold (<em>Vincent, el loco rojo<\/em>), Manuel Santos I\u00f1urrieta (<em>El invierno del oso<\/em>).<\/p>\n<p><strong>Actuaci\u00f3n femenina en obra para un solo personaje:<\/strong> Monina Bonelli (<em>La Diabla o c\u00f3mo destruir el mundo<\/em>), Bel\u00e9n Blanco (<em>Clandestina<\/em>), Mar\u00eda Merlino (<em>La viva voz<\/em>), Julieta Zylberberg (<em>Prima Facie<\/em>), Ana Padilla (<em>Solcito de oto\u00f1o<\/em>), Ingrid Pelicori (<em>Yo, Fedra<\/em>).<\/p>\n<p><strong>Musical:<\/strong> <em>Pretty Woman<\/em>, <em>La sirenita<\/em>, <em>Despertar de primavera<\/em>, <em>Alice by Heart<\/em>, <em>Cuando Frank conoci\u00f3 a Carlitos<\/em>.<\/p>\n<p><strong>Actuaci\u00f3n femenina en musical:<\/strong> Vanesa Butera (<em>Coraza. C\u00e1scara. Casa<\/em>), J\u00e9ssica Abouchain (<em>La revista del Cervantes<\/em>), Alejandra Radano (<em>La revista del Cervantes<\/em>), Iride Mockert (<em>La revista del Cervantes<\/em>), Florencia Pe\u00f1a (<em>Pretty Woman<\/em>), Ana Mar\u00eda Cores (<em>Las mujeres de Lorca<\/em>).<\/p>\n<p><strong>Actuaci\u00f3n masculina en musical:<\/strong> Marco Antonio Caponi (<em>La revista del Cervantes<\/em>), Octavio Murillo (<em>Despertar de primavera<\/em>), Jos\u00e9 Mar\u00eda Listorti (<em>La sirenita<\/em>), Oscar Lajad (<em>Cuando Frank conoci\u00f3 a Carlitos<\/em>), Alan Madanes (<em>Cuando Frank conoci\u00f3 a Carlitos<\/em> y <em>Sandro, el gran show<\/em>), Nacho P\u00e9rez Cortez (<em>Sandro, el gran show<\/em>).<\/p>\n<p><strong>Direcci\u00f3n general de musical\/music hall\/caf\u00e9 concert:<\/strong> Pablo Maritano (<em>La revista del Cervantes<\/em>), Fernando Dente (<em>Despertar de primavera<\/em>), Ariel Del Mastro (<em>La sirenita<\/em>), Ricky Pashkus (<em>Pretty Woman<\/em>), Nacho Medina (<em>Las mujeres de Lorca<\/em>), Natalia del Castillo (<em>Cuando Frank conoci\u00f3 a Carlitos<\/em>).<\/p>\n<p><strong>Direcci\u00f3n musical:<\/strong> Gaspar Scabuzzo (<em>Pretty Woman<\/em>), Jos\u00e9 Luis Pag\u00e1n (<em>Sandro, el gran show<\/em>), Giuliana Sosa (<em>Las mujeres de Lorca<\/em> y <em>Despertar de primavera<\/em>), Fernando Albinarrate (<em>La revista del Cervantes<\/em>), Javier L\u00f3pez Del Carril (<em>Coraza. C\u00e1scara. Casa<\/em>), Nico Posse (<em>Cuando Frank conoci\u00f3 a Carlitos<\/em>).<\/p>\n<p><strong>Music hall\/caf\u00e9 concert:<\/strong> <em>La revista del Cervantes<\/em>, <em>Sandro, el gran show<\/em>, <em>Las mujeres de Lorca<\/em>, <em>Coraza. C\u00e1scara. Casa<\/em>, <em>Victor, ven\u00ed a buscar los discos<\/em>.<\/p>\n<p><strong>Espect\u00e1culo de humor:<\/strong> <em>Feliz d\u00eda<\/em> (Sutottos), <em>Cha cha cha<\/em> (Alfredo Casero\/Fabio Alberti), <em>\u00a1Chau Macoco!<\/em> (Los Macocos), <em>Un poyo rojo<\/em>.<\/p>\n<p><strong>Obras en teatro alternativo:<\/strong> <em>Incidente en Vichy<\/em>, <em>Subacu\u00e1tica<\/em>, <em>El arte de esgrimir<\/em>, <em>El invierno del oso<\/em>, <em>Cuestiones con mi padre<\/em>, <em>All\u00e1 en el veintitangos<\/em>.<\/p>\n<p><strong>Actuaci\u00f3n femenina en teatro alternativo:<\/strong> Magela Zanotta (<em>La curva del tiempo<\/em>), Mariel Rueda (<em>El puente<\/em>), Yamila Ulanovsky (<em>El arte de esgrimir<\/em>), Juana Viale (<em>Subacu\u00e1tica<\/em>), Marita Ballesteros (<em>Lo que se pierde se tiene para siempre<\/em>), Ana Mar\u00eda Cores (<em>La monja jud\u00eda<\/em>).<\/p>\n<p><strong>Actuaci\u00f3n masculina en teatro alternativo:<\/strong> Mateo Chiarino (<em>Incidente en Vichy<\/em> y <em>El arte de esgrimir<\/em>), Patricio Coutoune (<em>Incidente en Vichy<\/em>), Mario Petrosini (<em>Incidente en Vichy<\/em>), Federico Buso (<em>La curva del tiempo<\/em>), Joaqu\u00edn Berthold (<em>Subacu\u00e1tica<\/em>), Alfredo Castellani (<em>Una de pel\u00edcula<\/em>).<\/p>\n<p><strong>Direcci\u00f3n en teatro alternativo:<\/strong> Pablo Gorlero (<em>Incidente en Vichy<\/em>), Emiliano Samar (<em>El arte de esgrimir<\/em>), Fernanda Ribeiz y Luciano C\u00e1ceres (<em>Subacu\u00e1tica<\/em>), Victoria Almeida (<em>La fragilidad de las casas<\/em>), Anahi Berneri (<em>Lo que se pierde se tiene para siempre<\/em>), Santiago Doria (<em>All\u00e1 en el veintitangos<\/em>).<\/p>\n<p><strong>Coreograf\u00eda:<\/strong> Ver\u00f3nica Pecollo (<em>Sandro, el gran show<\/em> y <em>Cuando Frank conoci\u00f3 a Carlitos<\/em>), Vanesa Garc\u00eda Mill\u00e1n (<em>Despertar de primavera<\/em>), Anal\u00eda Gonz\u00e1lez (<em>La sirenita<\/em>), Andrea Servera (<em>La revista del Cervantes<\/em>), Eva Iglesias (<em>Las mujeres de Lorca<\/em>).<\/p>\n<p><strong>Infantil:<\/strong> <em>El barbero de Sevilla<\/em>, <em>La ratoncita P\u00e9rez<\/em>, <em>El fado de Ulises<\/em>, <em>Amadeo<\/em>, <em>Cuentopos<\/em>.<\/p>\n<p><strong>M\u00fasica original:<\/strong> Fernando Nazar (<em>Incidente en Vichy<\/em>), Mart\u00edn Bianchedi (<em>El debate<\/em>), Vane Butera (<em>Coraza. C\u00e1scara. Casa<\/em>), Mart\u00edn Rodriguez (<em>La Diabla o c\u00f3mo destruir el mundo<\/em>), Emilio Kauderer (<em>Empieza con D, siete letras<\/em>), Nacho Medina (<em>Las mujeres de Lorca<\/em>).<\/p>\n<p><strong>Escenograf\u00eda:<\/strong> Andrea Mercado (<em>La Revista del Cervantes<\/em>), Gonzalo C\u00f3rdoba Est\u00e9vez (<em>Despertar de primavera<\/em> y <em>Cuando Frank conoci\u00f3 a Carlitos<\/em>), Jorge Ferrari (<em>La sirenita<\/em>), Gabriela Gerdelics y Gast\u00f3n Zamb\u00f3n (<em>Incidente en Vichy<\/em>), Tato Fern\u00e1ndez (<em>Rocky<\/em>).<\/p>\n<p><strong>Iluminaci\u00f3n:<\/strong> Ricardo Sica (<em>Incidente en Vichy<\/em>), Lucas Gabriel Gringas (<em>Despertar de primavera<\/em>), Anteo del Mastro\/Sebastian Viola (<em>La sirenita<\/em>), Mariano Demar\u00eda y Santiago C\u00e1mara (<em>Rocky<\/em>), Leo Mu\u00f1oz y Julio Panno (<em>Sandro, el gran show<\/em>), Ariel Gato Ponce (<em>Cuando Frank conoci\u00f3 a Carlitos<\/em>).<\/p>\n<p><strong>Sonido:<\/strong> Ariel Gato\/Camilo Zetner (<em>La revista del Cervantes<\/em>), Gaston Brisky (<em>Despertar de primavera<\/em>), Eugenio Mellano Lanfranco (<em>La sirenita<\/em>, <em>Rocky<\/em> y <em>Cuando Frank conoci\u00f3 a Carlitos<\/em>).<\/p>\n<p><strong>Vestuario:<\/strong> La Polilla (<em>Despertar de primavera<\/em>), Romina Lanzillotta\/Catalina Rodriguez Loredo (<em>La Sirenita<\/em>), Caro Fern\u00e1ndez y Mechi Saladino (<em>Rocky<\/em>), Mar\u00eda Emilia Tambutti (<em>La revista del Cervantes<\/em>), Jorge Lopez\/Anal\u00eda Morales (<em>Cuando Frank conoci\u00f3 a Carlitos<\/em>).<\/p>\n<p><strong>Revelaci\u00f3n femenina y masculina:<\/strong> Albana Fuentes (<em>La sirenita<\/em>), Evelyn Botto (<em>La sirenita<\/em>), Valent\u00edn Zaninelli (<em>La sirenita<\/em>), Jer\u00f3nimo Giocondo Bosia (<em>La revista del Cervantes<\/em>), Malena Rossi (<em>Sandro, el gran show<\/em>), Antonella Misenti (<em>Cuando Frank conoci\u00f3 a Carlitos<\/em>).<\/p>\n<p><strong>Producci\u00f3n:<\/strong> CTBA (<em>Ricardo III<\/em>), TNC (<em>La revista del Cervantes<\/em>), MP, Ozono y Los Rottemberg (<em>La sirenita<\/em>), Club Media, VE8 y Aleph Media (<em>Despertar de primavera<\/em>), Torneos y Competencias, Sandro Producciones, 3C Films y JLP Music (<em>Sandro, el gran show<\/em>), Pardo Producciones (<em>Pretty Woman<\/em>), RGB Entertainment y Preludio (<em>Rocky<\/em>), Corporaci\u00f3n Am\u00e9rica, The Walt Disney Company Argentina, CTBA, Curioso Entertainment, H\u00e9ctor Cavallero, Gustavo Gonz\u00e1lez y Ra\u00fal L\u00f3pez Rossi (<em>Cuando Frank conoci\u00f3 a Carlitos<\/em>).<\/p>\n<p><!-- Live Blog Post --><\/div>\n<p><a href=\"https:\/\/www.pagina12.com.ar\/869882-se-conocieron-los-candidatos-a-los-premios-ace\">source<\/a><\/p>\n","protected":false},"excerpt":{"rendered":"<p>Se conocieron los nominados a los\u00a0Premios ACE, que entrega\u00a0la Asociaci\u00f3n Cronistas del Espect\u00e1culo.\u00a0En esta ocasi\u00f3n,&#8230;<\/p>\n","protected":false},"author":0,"featured_media":200546,"comment_status":"open","ping_status":"open","sticky":false,"template":"","format":"standard","meta":{"footnotes":""},"categories":[4],"tags":[],"class_list":["post-200545","post","type-post","status-publish","format-standard","has-post-thumbnail","hentry","category-espectaculos"],"featured_image_urls":{"full":["https:\/\/radiofenix.com.ar\/2023\/wp-content\/uploads\/2025\/10\/wp-header-logo-176.png",960,540,false],"thumbnail":["https:\/\/radiofenix.com.ar\/2023\/wp-content\/uploads\/2025\/10\/wp-header-logo-176-150x150.png",150,150,true],"medium":["https:\/\/radiofenix.com.ar\/2023\/wp-content\/uploads\/2025\/10\/wp-header-logo-176-300x169.png",300,169,true],"medium_large":["https:\/\/radiofenix.com.ar\/2023\/wp-content\/uploads\/2025\/10\/wp-header-logo-176-768x432.png",640,360,true],"large":["https:\/\/radiofenix.com.ar\/2023\/wp-content\/uploads\/2025\/10\/wp-header-logo-176.png",640,360,false],"1536x1536":["https:\/\/radiofenix.com.ar\/2023\/wp-content\/uploads\/2025\/10\/wp-header-logo-176.png",960,540,false],"2048x2048":["https:\/\/radiofenix.com.ar\/2023\/wp-content\/uploads\/2025\/10\/wp-header-logo-176.png",960,540,false],"newsium-slider-full":["https:\/\/radiofenix.com.ar\/2023\/wp-content\/uploads\/2025\/10\/wp-header-logo-176.png",960,540,false],"newsium-featured":["https:\/\/radiofenix.com.ar\/2023\/wp-content\/uploads\/2025\/10\/wp-header-logo-176.png",960,540,false],"newsium-medium":["https:\/\/radiofenix.com.ar\/2023\/wp-content\/uploads\/2025\/10\/wp-header-logo-176-720x475.png",720,475,true]},"author_info":{"info":[""]},"category_info":"<a href=\"https:\/\/radiofenix.com.ar\/2023\/category\/espectaculos\/\" rel=\"category tag\">Espectaculos<\/a>","tag_info":"Espectaculos","comment_count":"0","_links":{"self":[{"href":"https:\/\/radiofenix.com.ar\/2023\/wp-json\/wp\/v2\/posts\/200545","targetHints":{"allow":["GET"]}}],"collection":[{"href":"https:\/\/radiofenix.com.ar\/2023\/wp-json\/wp\/v2\/posts"}],"about":[{"href":"https:\/\/radiofenix.com.ar\/2023\/wp-json\/wp\/v2\/types\/post"}],"replies":[{"embeddable":true,"href":"https:\/\/radiofenix.com.ar\/2023\/wp-json\/wp\/v2\/comments?post=200545"}],"version-history":[{"count":0,"href":"https:\/\/radiofenix.com.ar\/2023\/wp-json\/wp\/v2\/posts\/200545\/revisions"}],"wp:featuredmedia":[{"embeddable":true,"href":"https:\/\/radiofenix.com.ar\/2023\/wp-json\/wp\/v2\/media\/200546"}],"wp:attachment":[{"href":"https:\/\/radiofenix.com.ar\/2023\/wp-json\/wp\/v2\/media?parent=200545"}],"wp:term":[{"taxonomy":"category","embeddable":true,"href":"https:\/\/radiofenix.com.ar\/2023\/wp-json\/wp\/v2\/categories?post=200545"},{"taxonomy":"post_tag","embeddable":true,"href":"https:\/\/radiofenix.com.ar\/2023\/wp-json\/wp\/v2\/tags?post=200545"}],"curies":[{"name":"wp","href":"https:\/\/api.w.org\/{rel}","templated":true}]}}