{"id":200557,"date":"2025-10-31T08:57:24","date_gmt":"2025-10-31T08:57:24","guid":{"rendered":"https:\/\/radiofenix.com.ar\/2023\/juanes-ofrecio-un-coctel-de-musica-popular-latinoamericana\/"},"modified":"2025-10-31T08:57:24","modified_gmt":"2025-10-31T08:57:24","slug":"juanes-ofrecio-un-coctel-de-musica-popular-latinoamericana","status":"publish","type":"post","link":"https:\/\/radiofenix.com.ar\/2023\/juanes-ofrecio-un-coctel-de-musica-popular-latinoamericana\/","title":{"rendered":"Juanes ofreci\u00f3 un c\u00f3ctel de m\u00fasica popular latinoamericana"},"content":{"rendered":"<div><!-- Body --><\/p>\n<p><b>Juanes<\/b> regres\u00f3 a Buenos Aires en la noche del martes sin otro motivo m\u00e1s que el de afianzar su idilio con el p\u00fablico argentino. Lo que no es poca cosa. \u201cEs un milagro estar aqu\u00ed, y m\u00e1s si es junto a ustedes. Desde que vine la primera vez, en el a\u00f1o 2000, me enamor\u00e9 de este pa\u00eds. Miento: estaba enamorado antes de conocerlo\u201d, reconoci\u00f3 el astro musical colombiano, promediando la mitad de esta vuelta a la ciudad, donde se present\u00f3 por primera vez en el <b>Movistar Arena<\/b>. \u201cMis pap\u00e1s, mi familia y yo crecimos escuchando m\u00fasica de aqu\u00ed. Desde Los Chalchaleros hasta Gardel, pasando por Soda Stereo. Les hab\u00eda hablado tanto de Buenos Aires a mi esposa y a mi hija Paloma (presentes entre la audiencia) que en esta oportunidad vinieron conmigo. Y eso me hace sentir m\u00e1s feliz todav\u00eda\u201d. <\/p>\n<p>Pero el devaneo no qued\u00f3 en la mera elocuencia, sino que se materializ\u00f3 en varios pasajes del show. De hecho, al poco tiempo de haber arrancado, mech\u00f3 la canci\u00f3n \u201cAmores prohibidos\u201d con una respetuosa versi\u00f3n de <b>\u201cPersiana americana\u201d<\/b>, himno del grupo que alguna vez lider\u00f3 <b>Gustavo Cerati<\/b>. M\u00e1s tarde, cruz\u00f3 del escenario principal a un peque\u00f1o tablado erigido en la otra punta del campo, en medio del p\u00fablico y con su guitarra el\u00e9ctrica a cuestas. Una vez que subi\u00f3, apareci\u00f3<b> Luciano Pereira<\/b>, el comensal m\u00e1s inesperado, con el que comparti\u00f3 el tema \u201cPara tu amor\u201d y una revisita a <b>\u201cS\u00f3lo le pido a Dios\u201d, cl\u00e1sico de Le\u00f3n Gieco<\/b>. Tras el piropeo mutuo, el lujanense acompa\u00f1\u00f3 a su colega en su retorno al escenario principal, para luego despedirse de la muchedumbre. <\/p>\n<p>Previo al cierre, y despu\u00e9s de transitar un buen trozo de su \u00e9xito \u201cLa camisa negra\u201d, el nativo de Medell\u00edn detuvo la canci\u00f3n para invitar a escena a \u201cunos amigos\u201d para hacer algo de cumbia. Entonces irrumpieron los integrantes de Un poco de ruido, streaming viral de la movida tropical local, con instrumentos en mano. Cuando Damo Mart\u00ednez, el MC de la terna, lo tent\u00f3 a salir del rock para probarse en la bailanta, Juanes le espet\u00f3: \u201cYo soy colombiano, mijo\u201d. Lo que sirvi\u00f3 de puntapi\u00e9 para retomar el tema que detuvo unos minutos antes, aunque ahora en clave cumbiera, con Pinky SD, el acordeonista de la troupe, compartiendo protagonismo con el cantante, compositor y guitarrista. Si bien ese pasaje pareci\u00f3 medio accidentado, termin\u00f3 por convertirse en uno de los mejores gestos de la velada. <\/p>\n<p>La \u00faltima vez que el artista se present\u00f3 en la capital argentina, aconteci\u00f3 hace dos a\u00f1os, en el Teatro Gran Rex, como parte del tour de su m\u00e1s reciente \u00e1lbum de estudio, <i><b>Vida cotidiana<\/b><\/i>. A pesar de que en aquella ocasi\u00f3n tambi\u00e9n hubo gui\u00f1os hacia la Argentina, el cl\u00edmax se produjo cuando el paisa invoc\u00f3 a David Leb\u00f3n para que pusiera su guitarra al servicio de su revisita a \u201cEl amor despu\u00e9s del amor\u201d, original de Fito P\u00e1ez. No obstante, en este desembarco las canciones de ese repertorio brillaron por su ausencia. <b>Esta vez el foco estuvo puesto en sus hits, uno detr\u00e1s de otro sin parar. Y vaya que tiene una suculenta colecci\u00f3n<\/b>, lo que gener\u00f3 un ambiente festivo entre las siete mil personas que asistieron al predio de Villa Crespo (la segunda bandeja del Arena se mantuvo cerrada). <\/p>\n<p>\u201cMala gente\u201d inaugur\u00f3 las casi dos horas de show, seguida por el primer popurr\u00ed del set, el ya mentado cruce entre \u201cAmores prohibidos\u201d y \u201cPersiana americana\u201d. A continuaci\u00f3n, hubo un mash up m\u00e1s: \u201cNada valgo sin tu amor\u201d y \u201cBesos en guerra\u201d. El otrora integrante de Ekhymosis parec\u00eda que iba a bajar un cambio con \u201cVolverte a ver\u201d, pero en realidad estaba tomando impulso para enlazar \u201cLo que me gusta a m\u00ed\u201d, \u201cFuego\u201d y \u201cLuna\u201d. Para conectar los dos \u00faltimos temas, el m\u00fasico rescat\u00f3, a manera de puente, un pedazo de \u201cLa danza de Los Mirlos\u201d, legendario himno de la cumbia amaz\u00f3nica (vertiente de la cumbia peruana). Y esto dej\u00f3 en evidencia nuevamente la impronta interpretativa para con su instrumento, siempre pr\u00f3xima a la m\u00fasica negra. O m\u00e1s bien al cruce entre el funk y los ritmos africanos. <\/p>\n<p>Vale la pena destacar que Juanes es un confeso admirador de <b>Fela Kuti<\/b>, conexi\u00f3n a la que le encontr\u00f3 sentido a ra\u00edz de su debilidad por el desaparecido salsero colombiano Joe Arroyo, quien sol\u00eda incluir en su cancionero temas afines a la esclavitud africana en Am\u00e9rica. Posiblemente, \u201cRebeli\u00f3n\u201d sea la mejor muestra de esa inquietud. Sin embargo, para esta reincidencia en los escenarios porte\u00f1os el cantante y compositor aport\u00f3 una reinvenci\u00f3n de otro cl\u00e1sico del icono colombiano de la sala, \u201cLa noche\u201d, que, desde que la grab\u00f3 en 2022 se convirti\u00f3 en un tema inamovible de su repertorio. De paso, al incluirlo en la recta final del recital, cobr\u00f3 una mayor significaci\u00f3n de lo que representa la m\u00fasica popular para \u00e9l en esta etapa de su carrera. <\/p>\n<p>Aunque sus or\u00edgenes lo encuentran en el rock, y m\u00e1s espec\u00edficamente en el heavy metal, Juan Esteban Aristiz\u00e1bal, el nombre detr\u00e1s del alter ego, le dio cada vez m\u00e1s espacio a la <b>m\u00fasica popular latinoamericana<\/b> en su propuesta musical. Y lo hizo no s\u00f3lo en el cancionero de su autor\u00eda, sino incluyendo asimismo adaptaciones de cl\u00e1sicos de distintos or\u00edgenes y estilos. Tal fue el caso del mariachi \u201cQuerida\u201d, del tambi\u00e9n fallecido Juan Gabriel, que vio la luz en la antesala del bis. Antes de llegar a esa instancia adenal\u00ednica, son\u00f3 \u201cFotograf\u00eda\u201d (originalmente grabada junto a Nelly Furtado), a la que le sucedieron la medio tiempo \u201cEs por ti\u201d y la africanista \u201cEs tarde\u201d. El abordaje popero del art\u00edfice de 53 a\u00f1os es igualmente amplio, al punto de que puede pasearse sus diferentes matices. <\/p>\n<p>Si \u201cUna noche contigo\u201d mostr\u00f3 la variante italiana del pop manufacturada en los a\u00f1os 50, \u201cCuando estamos t\u00fa y yo\u201d represent\u00f3 la veta latinoamericana. Esto sirvi\u00f3 para allanar el camino hacia un nuevo popurr\u00ed, el tridente compuesto por \u201cNada\u201d, \u201cMis planes son amarte\u201d y \u201cUn d\u00eda normal\u201d. Luego de hibridar \u201cLa plata\u201d y \u201cBonita\u201d, y de desenvainar \u201cLa paga\u201d y <b>su mega hit \u201cA Dios le pido\u201d<\/b>, Juanes se sumergi\u00f3 en el final de su actuaci\u00f3n. Due\u00f1o de un carisma sin igual (a medio camino entre la humildad y el respeto), y amparado por una banda funcional y una puesta en escena simple, el colombiano, pilar de la internacionalizaci\u00f3n de la m\u00fasica de su pa\u00eds, eligi\u00f3 para la despedida alternar \u201cLa bamba\u201d y \u201cB\u00e9same mucho\u201d con \u201cMe enamora\u201d y \u201cLa luz\u201d, corroborando que siempre se vuelve a las ra\u00edces.\u00a0<\/p>\n<p><!-- Live Blog Post --><\/div>\n<p><a href=\"https:\/\/www.pagina12.com.ar\/870134-juanes-ofrecio-un-coctel-de-musica-popular-latinoamericana\">source<\/a><\/p>\n","protected":false},"excerpt":{"rendered":"<p>Juanes regres\u00f3 a Buenos Aires en la noche del martes sin otro motivo m\u00e1s que&#8230;<\/p>\n","protected":false},"author":0,"featured_media":200558,"comment_status":"open","ping_status":"open","sticky":false,"template":"","format":"standard","meta":{"footnotes":""},"categories":[4],"tags":[],"class_list":["post-200557","post","type-post","status-publish","format-standard","has-post-thumbnail","hentry","category-espectaculos"],"featured_image_urls":{"full":["https:\/\/radiofenix.com.ar\/2023\/wp-content\/uploads\/2025\/10\/wp-header-logo-182.png",960,540,false],"thumbnail":["https:\/\/radiofenix.com.ar\/2023\/wp-content\/uploads\/2025\/10\/wp-header-logo-182-150x150.png",150,150,true],"medium":["https:\/\/radiofenix.com.ar\/2023\/wp-content\/uploads\/2025\/10\/wp-header-logo-182-300x169.png",300,169,true],"medium_large":["https:\/\/radiofenix.com.ar\/2023\/wp-content\/uploads\/2025\/10\/wp-header-logo-182-768x432.png",640,360,true],"large":["https:\/\/radiofenix.com.ar\/2023\/wp-content\/uploads\/2025\/10\/wp-header-logo-182.png",640,360,false],"1536x1536":["https:\/\/radiofenix.com.ar\/2023\/wp-content\/uploads\/2025\/10\/wp-header-logo-182.png",960,540,false],"2048x2048":["https:\/\/radiofenix.com.ar\/2023\/wp-content\/uploads\/2025\/10\/wp-header-logo-182.png",960,540,false],"newsium-slider-full":["https:\/\/radiofenix.com.ar\/2023\/wp-content\/uploads\/2025\/10\/wp-header-logo-182.png",960,540,false],"newsium-featured":["https:\/\/radiofenix.com.ar\/2023\/wp-content\/uploads\/2025\/10\/wp-header-logo-182.png",960,540,false],"newsium-medium":["https:\/\/radiofenix.com.ar\/2023\/wp-content\/uploads\/2025\/10\/wp-header-logo-182-720x475.png",720,475,true]},"author_info":{"info":[""]},"category_info":"<a href=\"https:\/\/radiofenix.com.ar\/2023\/category\/espectaculos\/\" rel=\"category tag\">Espectaculos<\/a>","tag_info":"Espectaculos","comment_count":"0","_links":{"self":[{"href":"https:\/\/radiofenix.com.ar\/2023\/wp-json\/wp\/v2\/posts\/200557","targetHints":{"allow":["GET"]}}],"collection":[{"href":"https:\/\/radiofenix.com.ar\/2023\/wp-json\/wp\/v2\/posts"}],"about":[{"href":"https:\/\/radiofenix.com.ar\/2023\/wp-json\/wp\/v2\/types\/post"}],"replies":[{"embeddable":true,"href":"https:\/\/radiofenix.com.ar\/2023\/wp-json\/wp\/v2\/comments?post=200557"}],"version-history":[{"count":0,"href":"https:\/\/radiofenix.com.ar\/2023\/wp-json\/wp\/v2\/posts\/200557\/revisions"}],"wp:featuredmedia":[{"embeddable":true,"href":"https:\/\/radiofenix.com.ar\/2023\/wp-json\/wp\/v2\/media\/200558"}],"wp:attachment":[{"href":"https:\/\/radiofenix.com.ar\/2023\/wp-json\/wp\/v2\/media?parent=200557"}],"wp:term":[{"taxonomy":"category","embeddable":true,"href":"https:\/\/radiofenix.com.ar\/2023\/wp-json\/wp\/v2\/categories?post=200557"},{"taxonomy":"post_tag","embeddable":true,"href":"https:\/\/radiofenix.com.ar\/2023\/wp-json\/wp\/v2\/tags?post=200557"}],"curies":[{"name":"wp","href":"https:\/\/api.w.org\/{rel}","templated":true}]}}