{"id":200567,"date":"2025-11-01T08:57:19","date_gmt":"2025-11-01T08:57:19","guid":{"rendered":"https:\/\/radiofenix.com.ar\/2023\/la-cgt-definio-plantarse-contra-la-reforma-laboral-que-impulsa-javier-milei\/"},"modified":"2025-11-01T08:57:19","modified_gmt":"2025-11-01T08:57:19","slug":"la-cgt-definio-plantarse-contra-la-reforma-laboral-que-impulsa-javier-milei","status":"publish","type":"post","link":"https:\/\/radiofenix.com.ar\/2023\/la-cgt-definio-plantarse-contra-la-reforma-laboral-que-impulsa-javier-milei\/","title":{"rendered":"La CGT defini\u00f3 &quot;plantarse&quot; contra la reforma laboral que impulsa Javier Milei"},"content":{"rendered":"<div id=\"note-body\">\n<p>La<strong> Confederaci\u00f3n General de Trabajo (CGT) <\/strong>se reuni\u00f3 ayer para definir c\u00f3mo van a enfrentar la <strong>reforma laboral <\/strong>que impulsa el Gobierno. Anunciaron que buscar\u00e1n el apoyo de los gobernadores y llamaron a la unidad. <strong>No descartan llevar a cabo medidas de fuerza. <\/strong><\/p>\n<\/p><\/div>\n<p><a href=\"https:\/\/www.minutouno.com\/politica\/la-cgt-definio-plantarse-contra-la-reforma-laboral-que-impulsa-javier-milei-n6208659\">source<\/a><\/p>\n","protected":false},"excerpt":{"rendered":"<p>La Confederaci\u00f3n General de Trabajo (CGT) se reuni\u00f3 ayer para definir c\u00f3mo van a enfrentar&#8230;<\/p>\n","protected":false},"author":0,"featured_media":200568,"comment_status":"open","ping_status":"open","sticky":false,"template":"","format":"standard","meta":{"footnotes":""},"categories":[2],"tags":[],"class_list":["post-200567","post","type-post","status-publish","format-standard","has-post-thumbnail","hentry","category-politica"],"featured_image_urls":{"full":["https:\/\/radiofenix.com.ar\/2023\/wp-content\/uploads\/2025\/11\/wp-header-logo-4.png",1200,675,false],"thumbnail":["https:\/\/radiofenix.com.ar\/2023\/wp-content\/uploads\/2025\/11\/wp-header-logo-4-150x150.png",150,150,true],"medium":["https:\/\/radiofenix.com.ar\/2023\/wp-content\/uploads\/2025\/11\/wp-header-logo-4-300x169.png",300,169,true],"medium_large":["https:\/\/radiofenix.com.ar\/2023\/wp-content\/uploads\/2025\/11\/wp-header-logo-4-768x432.png",640,360,true],"large":["https:\/\/radiofenix.com.ar\/2023\/wp-content\/uploads\/2025\/11\/wp-header-logo-4-1024x576.png",640,360,true],"1536x1536":["https:\/\/radiofenix.com.ar\/2023\/wp-content\/uploads\/2025\/11\/wp-header-logo-4.png",1200,675,false],"2048x2048":["https:\/\/radiofenix.com.ar\/2023\/wp-content\/uploads\/2025\/11\/wp-header-logo-4.png",1200,675,false],"newsium-slider-full":["https:\/\/radiofenix.com.ar\/2023\/wp-content\/uploads\/2025\/11\/wp-header-logo-4.png",1200,675,false],"newsium-featured":["https:\/\/radiofenix.com.ar\/2023\/wp-content\/uploads\/2025\/11\/wp-header-logo-4-1024x576.png",1024,576,true],"newsium-medium":["https:\/\/radiofenix.com.ar\/2023\/wp-content\/uploads\/2025\/11\/wp-header-logo-4-720x475.png",720,475,true]},"author_info":{"info":[""]},"category_info":"<a href=\"https:\/\/radiofenix.com.ar\/2023\/category\/politica\/\" rel=\"category tag\">Pol\u00edtica<\/a>","tag_info":"Pol\u00edtica","comment_count":"0","_links":{"self":[{"href":"https:\/\/radiofenix.com.ar\/2023\/wp-json\/wp\/v2\/posts\/200567","targetHints":{"allow":["GET"]}}],"collection":[{"href":"https:\/\/radiofenix.com.ar\/2023\/wp-json\/wp\/v2\/posts"}],"about":[{"href":"https:\/\/radiofenix.com.ar\/2023\/wp-json\/wp\/v2\/types\/post"}],"replies":[{"embeddable":true,"href":"https:\/\/radiofenix.com.ar\/2023\/wp-json\/wp\/v2\/comments?post=200567"}],"version-history":[{"count":0,"href":"https:\/\/radiofenix.com.ar\/2023\/wp-json\/wp\/v2\/posts\/200567\/revisions"}],"wp:featuredmedia":[{"embeddable":true,"href":"https:\/\/radiofenix.com.ar\/2023\/wp-json\/wp\/v2\/media\/200568"}],"wp:attachment":[{"href":"https:\/\/radiofenix.com.ar\/2023\/wp-json\/wp\/v2\/media?parent=200567"}],"wp:term":[{"taxonomy":"category","embeddable":true,"href":"https:\/\/radiofenix.com.ar\/2023\/wp-json\/wp\/v2\/categories?post=200567"},{"taxonomy":"post_tag","embeddable":true,"href":"https:\/\/radiofenix.com.ar\/2023\/wp-json\/wp\/v2\/tags?post=200567"}],"curies":[{"name":"wp","href":"https:\/\/api.w.org\/{rel}","templated":true}]}}