{"id":200841,"date":"2025-11-05T08:57:10","date_gmt":"2025-11-05T08:57:10","guid":{"rendered":"https:\/\/radiofenix.com.ar\/2023\/arranco-en-espana-el-juicio-al-fiscal-general-por-presunta-filtracion\/"},"modified":"2025-11-05T08:57:10","modified_gmt":"2025-11-05T08:57:10","slug":"arranco-en-espana-el-juicio-al-fiscal-general-por-presunta-filtracion","status":"publish","type":"post","link":"https:\/\/radiofenix.com.ar\/2023\/arranco-en-espana-el-juicio-al-fiscal-general-por-presunta-filtracion\/","title":{"rendered":"Arranc\u00f3 en Espa\u00f1a el juicio al Fiscal General por presunta filtraci\u00f3n"},"content":{"rendered":"<div><!-- Body --><\/p>\n<p>El Tribunal Supremo espa\u00f1ol dio inicio el juicio contra el fiscal general \u00c1lvaro Garc\u00eda Ortiz por la supuesta filtraci\u00f3n de un correo del novio de Isabel D\u00edaz Ayuso, presidenta de la Comunidad de Madrid. Por primera vez en la historia del pa\u00eds, un fiscal general del Estado es sentado en el banquillo por supuestamente develar informaci\u00f3n sobre una investigaci\u00f3n por fraude de la pareja de la gobernante de la derecha.\u00a0<\/p>\n<p>Siete magistrados -cuatro hombres y tres mujeres- juzgar\u00e1n entre este lunes y el 13 de noviembre si Garc\u00eda Ortiz filtr\u00f3 un correo de 2 de febrero de 2024 en el que el abogado del empresario Alberto Gonz\u00e1lez Amador propon\u00eda un pacto al fiscal y reconoc\u00eda que \u00abciertamente\u00bb hab\u00eda cometido dos delitos contra Hacienda -que le reclama 350.000 euros- en busca de una rebaja en la petici\u00f3n de condena.<\/p>\n<p>Garc\u00eda Ortiz neg\u00f3 este lunes haber filtrado ilegalmente informaci\u00f3n confidencial y da\u00f1ina sobre el novio de una figura de la oposici\u00f3n, en el primer d\u00eda del juicio. \u00abNo\u00bb, se limit\u00f3 a responder el fiscal general cuando el presidente del tribunal, el juez Andr\u00e9s Mart\u00ednez Arrieta, le pregunt\u00f3 si se consideraba autor de los delitos que se le imputaban. Con semblante serio y tomando notas, el acusado vest\u00eda toga y se sent\u00f3 junto a sus abogados.<\/p>\n<p>En su escrito de defensa, Garc\u00eda Ortiz se present\u00f3 como v\u00edctima de una campa\u00f1a \u00aborquestada\u00bb desde la Comunidad de Madrid para desviar el foco del fraude de Gonz\u00e1lez Amador y proteger a Ayuso.<\/p>\n<p>\u00abCreemos en su inocencia\u00bb, dijo por su parte el presidente del Gobierno, Pedro S\u00e1nchez, sobre el fiscal general, que, de ser condenado, ser\u00eda autom\u00e1ticamente cesado. S\u00e1nchez lo nombr\u00f3 en 2022.<\/p>\n<p>Se trata de un juicio en el Tribunal Supremo del que no se recuerdan precedentes, porque el fiscal general no ha dimitido y sigue en activo. Garc\u00eda Ortiz est\u00e1 acusado de filtrar a los medios un correo confidencial de una investigaci\u00f3n por fraude fiscal contra Gonz\u00e1lez Amador, con el fin de perjudicar a su pareja, la presidenta de la regi\u00f3n de Madrid, D\u00edaz Ayuso, referente del Partido Popular (PP)\u00a0 .<\/p>\n<p>Su abogada, Consuelo Castro, dijo que Garc\u00eda Ortiz \u00abha sido sometido a un proceso injusto en su conjunto\u00bb, y que la instrucci\u00f3n \u00abse inici\u00f3 con la idea preconcebida de que el acusado era culpable\u00bb.<\/p>\n<p>El caso de Garc\u00eda Ortiz se remonta a febrero de 2024, cuando la fiscal\u00eda denunci\u00f3 a Gonz\u00e1lez Amador por defraudar 350.000 euros a Hacienda. El 2 de febrero, el abogado del empresario envi\u00f3 un correo al fiscal proponiendo un pacto: reconocer dos delitos fiscales a cambio de evitar la c\u00e1rcel.<\/p>\n<p>M\u00e1s de un mes despu\u00e9s, el 13 de marzo, una radio y una televisi\u00f3n revelaron el contenido de ese email, que sembraba dudas sobre la inocencia del novio de Ayuso. <\/p>\n<p>La filtraci\u00f3n desat\u00f3 una tormenta. Gonz\u00e1lez Amador denunci\u00f3 a Garc\u00eda Ortiz, alegando que solo el fiscal general tuvo acceso al documento y que lo remiti\u00f3 a los medios para perjudicar a Ayuso.<\/p>\n<p>Cuatro fiscales declararon este lunes como testigos en la primera sesi\u00f3n del juicio, que se desarrollar\u00e1 en seis jornadas, tres esta semana y tres la pr\u00f3xima.<\/p>\n<p>La fiscal\u00eda pide la absoluci\u00f3n de Garc\u00eda Ortiz, estimando que no cometi\u00f3 \u00abdelito alguno\u00bb. Por su parte, el novio de Ayuso pide una pena de 4 a\u00f1os de prisi\u00f3n para el fiscal general y una indemnizaci\u00f3n de 300.000 euros por \u00ablos perjuicios morales causados\u00bb.<\/p>\n<p>El juez abri\u00f3 juicio oral en septiembre, y le impuso una fianza de 150.000 euros que luego redujo a 75.000. Asimismo, rechaz\u00f3 suspenderlo cautelarmente de sus funciones, pese a las peticiones de asociaciones fiscales.<\/p>\n<p>Unos 40 testigos desfilar\u00e1n por el juicio, que concluir\u00e1 el 13 de noviembre, entre ellos 12 periodistas.\u00a0<\/p>\n<p><!-- Live Blog Post --><\/div>\n<p><a href=\"https:\/\/www.pagina12.com.ar\/871068-arranco-en-espana-el-juicio-al-fiscal-general-por-presunta-f\">source<\/a><\/p>\n","protected":false},"excerpt":{"rendered":"<p>El Tribunal Supremo espa\u00f1ol dio inicio el juicio contra el fiscal general \u00c1lvaro Garc\u00eda Ortiz&#8230;<\/p>\n","protected":false},"author":0,"featured_media":200842,"comment_status":"open","ping_status":"open","sticky":false,"template":"","format":"standard","meta":{"footnotes":""},"categories":[60],"tags":[],"class_list":["post-200841","post","type-post","status-publish","format-standard","has-post-thumbnail","hentry","category-internacional"],"featured_image_urls":{"full":["https:\/\/radiofenix.com.ar\/2023\/wp-content\/uploads\/2025\/11\/wp-header-logo-27.png",960,540,false],"thumbnail":["https:\/\/radiofenix.com.ar\/2023\/wp-content\/uploads\/2025\/11\/wp-header-logo-27-150x150.png",150,150,true],"medium":["https:\/\/radiofenix.com.ar\/2023\/wp-content\/uploads\/2025\/11\/wp-header-logo-27-300x169.png",300,169,true],"medium_large":["https:\/\/radiofenix.com.ar\/2023\/wp-content\/uploads\/2025\/11\/wp-header-logo-27-768x432.png",640,360,true],"large":["https:\/\/radiofenix.com.ar\/2023\/wp-content\/uploads\/2025\/11\/wp-header-logo-27.png",640,360,false],"1536x1536":["https:\/\/radiofenix.com.ar\/2023\/wp-content\/uploads\/2025\/11\/wp-header-logo-27.png",960,540,false],"2048x2048":["https:\/\/radiofenix.com.ar\/2023\/wp-content\/uploads\/2025\/11\/wp-header-logo-27.png",960,540,false],"newsium-slider-full":["https:\/\/radiofenix.com.ar\/2023\/wp-content\/uploads\/2025\/11\/wp-header-logo-27.png",960,540,false],"newsium-featured":["https:\/\/radiofenix.com.ar\/2023\/wp-content\/uploads\/2025\/11\/wp-header-logo-27.png",960,540,false],"newsium-medium":["https:\/\/radiofenix.com.ar\/2023\/wp-content\/uploads\/2025\/11\/wp-header-logo-27-720x475.png",720,475,true]},"author_info":{"info":[""]},"category_info":"<a href=\"https:\/\/radiofenix.com.ar\/2023\/category\/internacional\/\" rel=\"category tag\">Internacional<\/a>","tag_info":"Internacional","comment_count":"0","_links":{"self":[{"href":"https:\/\/radiofenix.com.ar\/2023\/wp-json\/wp\/v2\/posts\/200841","targetHints":{"allow":["GET"]}}],"collection":[{"href":"https:\/\/radiofenix.com.ar\/2023\/wp-json\/wp\/v2\/posts"}],"about":[{"href":"https:\/\/radiofenix.com.ar\/2023\/wp-json\/wp\/v2\/types\/post"}],"replies":[{"embeddable":true,"href":"https:\/\/radiofenix.com.ar\/2023\/wp-json\/wp\/v2\/comments?post=200841"}],"version-history":[{"count":0,"href":"https:\/\/radiofenix.com.ar\/2023\/wp-json\/wp\/v2\/posts\/200841\/revisions"}],"wp:featuredmedia":[{"embeddable":true,"href":"https:\/\/radiofenix.com.ar\/2023\/wp-json\/wp\/v2\/media\/200842"}],"wp:attachment":[{"href":"https:\/\/radiofenix.com.ar\/2023\/wp-json\/wp\/v2\/media?parent=200841"}],"wp:term":[{"taxonomy":"category","embeddable":true,"href":"https:\/\/radiofenix.com.ar\/2023\/wp-json\/wp\/v2\/categories?post=200841"},{"taxonomy":"post_tag","embeddable":true,"href":"https:\/\/radiofenix.com.ar\/2023\/wp-json\/wp\/v2\/tags?post=200841"}],"curies":[{"name":"wp","href":"https:\/\/api.w.org\/{rel}","templated":true}]}}