{"id":200933,"date":"2025-11-06T08:57:14","date_gmt":"2025-11-06T08:57:14","guid":{"rendered":"https:\/\/radiofenix.com.ar\/2023\/el-eternauta-fue-reconocida-por-el-senado\/"},"modified":"2025-11-06T08:57:14","modified_gmt":"2025-11-06T08:57:14","slug":"el-eternauta-fue-reconocida-por-el-senado","status":"publish","type":"post","link":"https:\/\/radiofenix.com.ar\/2023\/el-eternauta-fue-reconocida-por-el-senado\/","title":{"rendered":"&quot;El eternauta&quot; fue reconocida por el Senado"},"content":{"rendered":"<div><!-- Body --><\/p>\n<p>La <b>adaptaci\u00f3n audiovisual de <i>El eternauta<\/i><\/b>, la ic\u00f3nica historieta creada por H\u00e9ctor Germ\u00e1n Oesterheld e ilustrada por Francisco Solano L\u00f3pez, sigue sumando reconocimientos. El <b>Senado de la Naci\u00f3n entreg\u00f3 un Diploma de Honor<\/b> a los realizadores de la <b>serie de Netflix<\/b>, en reconocimiento a su \u201caporte a la cultura nacional, al talento argentino y al desarrollo de la industria audiovisual del pa\u00eds\u201d. La ceremonia sirvi\u00f3, adem\u00e1s, para homenajear a las familias de Solano L\u00f3pez y de Oesterheld, desaparecido durante la \u00faltima dictadura militar, destacando su legado como s\u00edmbolo de resistencia y memoria colectiva.<\/p>\n<p>El acto, <b>impulsado por Wado de Pedro, Presidente de la Comisi\u00f3n de Educaci\u00f3n y Cultura<\/b>, cont\u00f3 con la presencia de legisladores de diversas extracciones pol\u00edticas, como Mart\u00edn Lousteau, quien entreg\u00f3 una Menci\u00f3n de Honor Juana Azurduy al VP de Contenidos de Netflix para Latinoam\u00e9rica, Francisco Ramos. Los diplomas fueron entregados a Bruno Stagnaro (creador, director y guionista), Mat\u00edas Mosteir\u00edn y Leticia Cristi (productores ejecutivos de K&amp;S Films), Mart\u00edn M. Oesterheld (consultor creativo y nieto de Oesterheld), y a las familias Oesterheld y Solano L\u00f3pez. Tambi\u00e9n se distingui\u00f3 al elenco y al equipo t\u00e9cnico, entre ellos Ricardo Dar\u00edn, Carla Peterson, C\u00e9sar Troncoso, Andrea Pietra, Ariel Staltari y Marcelo Subiotto. <\/p>\n<p>\u201c<i>El eternauta<\/i> tiene que ver con la historia argentina. Esta serie demostr\u00f3 que se puede so\u00f1ar en grande en nuestro pa\u00eds, que tenemos la capacidad, los actores, los t\u00e9cnicos y el talento para hacer obras universales sin perder la identidad\u201d, afirm\u00f3 De Pedro, que pidi\u00f3 \u201cseguir apoyando al cine nacional y a una industria que genera trabajo, cultura, identidad y soberan\u00eda\u201d. Francisco Ramos afirm\u00f3 que \u201cel impacto de <i>El eternauta<\/i> es absoluto: cruz\u00f3 fronteras y conquist\u00f3 audiencias en todo el mundo. Es una obra monumental, anclada en lo colectivo, que demuestra el poder de la cultura argentina\u201d.<\/p>\n<p>\u201cEl recorrido que tuvo a nivel global nos llena de orgullo\u00bb, expres\u00f3 Stagnaro. \u00abHaberlo logrado con nuestras herramientas y nuestra cultura es completamente gratificante\u201d. L<span>a productora Cristi remarc\u00f3 que \u201cdesde los chicos que festejan sus cumplea\u00f1os con Juan Salvo hasta los jubilados que marchan bajo la consigna \u2018nadie se salva solo\u2019, todos sentimos que esta historia nos pertenece\u201d. Mat\u00edas Mosteir\u00edn complet\u00f3: \u201c<i>El eternauta<\/i> demuestra hasta d\u00f3nde puede llegar la ambici\u00f3n y la originalidad creativa de nuestro pa\u00eds y cuanto vale la pena protegerla y promoverla\u201d.<\/span><\/p>\n<p><!-- Live Blog Post --><\/div>\n<p><a href=\"https:\/\/www.pagina12.com.ar\/871493-el-eternauta-fue-reconocida-por-el-senado\">source<\/a><\/p>\n","protected":false},"excerpt":{"rendered":"<p>La adaptaci\u00f3n audiovisual de El eternauta, la ic\u00f3nica historieta creada por H\u00e9ctor Germ\u00e1n Oesterheld e&#8230;<\/p>\n","protected":false},"author":0,"featured_media":200934,"comment_status":"open","ping_status":"open","sticky":false,"template":"","format":"standard","meta":{"footnotes":""},"categories":[4],"tags":[],"class_list":["post-200933","post","type-post","status-publish","format-standard","has-post-thumbnail","hentry","category-espectaculos"],"featured_image_urls":{"full":["https:\/\/radiofenix.com.ar\/2023\/wp-content\/uploads\/2025\/11\/wp-header-logo-35.png",960,540,false],"thumbnail":["https:\/\/radiofenix.com.ar\/2023\/wp-content\/uploads\/2025\/11\/wp-header-logo-35-150x150.png",150,150,true],"medium":["https:\/\/radiofenix.com.ar\/2023\/wp-content\/uploads\/2025\/11\/wp-header-logo-35-300x169.png",300,169,true],"medium_large":["https:\/\/radiofenix.com.ar\/2023\/wp-content\/uploads\/2025\/11\/wp-header-logo-35-768x432.png",640,360,true],"large":["https:\/\/radiofenix.com.ar\/2023\/wp-content\/uploads\/2025\/11\/wp-header-logo-35.png",640,360,false],"1536x1536":["https:\/\/radiofenix.com.ar\/2023\/wp-content\/uploads\/2025\/11\/wp-header-logo-35.png",960,540,false],"2048x2048":["https:\/\/radiofenix.com.ar\/2023\/wp-content\/uploads\/2025\/11\/wp-header-logo-35.png",960,540,false],"newsium-slider-full":["https:\/\/radiofenix.com.ar\/2023\/wp-content\/uploads\/2025\/11\/wp-header-logo-35.png",960,540,false],"newsium-featured":["https:\/\/radiofenix.com.ar\/2023\/wp-content\/uploads\/2025\/11\/wp-header-logo-35.png",960,540,false],"newsium-medium":["https:\/\/radiofenix.com.ar\/2023\/wp-content\/uploads\/2025\/11\/wp-header-logo-35-720x475.png",720,475,true]},"author_info":{"info":[""]},"category_info":"<a href=\"https:\/\/radiofenix.com.ar\/2023\/category\/espectaculos\/\" rel=\"category tag\">Espectaculos<\/a>","tag_info":"Espectaculos","comment_count":"0","_links":{"self":[{"href":"https:\/\/radiofenix.com.ar\/2023\/wp-json\/wp\/v2\/posts\/200933","targetHints":{"allow":["GET"]}}],"collection":[{"href":"https:\/\/radiofenix.com.ar\/2023\/wp-json\/wp\/v2\/posts"}],"about":[{"href":"https:\/\/radiofenix.com.ar\/2023\/wp-json\/wp\/v2\/types\/post"}],"replies":[{"embeddable":true,"href":"https:\/\/radiofenix.com.ar\/2023\/wp-json\/wp\/v2\/comments?post=200933"}],"version-history":[{"count":0,"href":"https:\/\/radiofenix.com.ar\/2023\/wp-json\/wp\/v2\/posts\/200933\/revisions"}],"wp:featuredmedia":[{"embeddable":true,"href":"https:\/\/radiofenix.com.ar\/2023\/wp-json\/wp\/v2\/media\/200934"}],"wp:attachment":[{"href":"https:\/\/radiofenix.com.ar\/2023\/wp-json\/wp\/v2\/media?parent=200933"}],"wp:term":[{"taxonomy":"category","embeddable":true,"href":"https:\/\/radiofenix.com.ar\/2023\/wp-json\/wp\/v2\/categories?post=200933"},{"taxonomy":"post_tag","embeddable":true,"href":"https:\/\/radiofenix.com.ar\/2023\/wp-json\/wp\/v2\/tags?post=200933"}],"curies":[{"name":"wp","href":"https:\/\/api.w.org\/{rel}","templated":true}]}}