{"id":201055,"date":"2025-11-07T08:57:34","date_gmt":"2025-11-07T08:57:34","guid":{"rendered":"https:\/\/radiofenix.com.ar\/2023\/estados-unidos-nancy-pelosi-anuncia-su-retiro-tras-casi-cuatro-decadas-en-la-politica\/"},"modified":"2025-11-07T08:57:34","modified_gmt":"2025-11-07T08:57:34","slug":"estados-unidos-nancy-pelosi-anuncia-su-retiro-tras-casi-cuatro-decadas-en-la-politica","status":"publish","type":"post","link":"https:\/\/radiofenix.com.ar\/2023\/estados-unidos-nancy-pelosi-anuncia-su-retiro-tras-casi-cuatro-decadas-en-la-politica\/","title":{"rendered":"Estados Unidos: Nancy Pelosi anuncia su retiro tras casi cuatro d\u00e9cadas en la pol\u00edtica\u00a0"},"content":{"rendered":"<p>La primera mujer que presidi\u00f3 la C\u00e1mara de Representantes anunci\u00f3 que no buscar\u00e1 la reelecci\u00f3n y dejar\u00e1 su banca en enero de 2027. Figura clave del Partido Dem\u00f3crata, fue protagonista de los grandes debates legislativos de las \u00faltimas d\u00e9cadas y s\u00edmbolo de la resistencia al trumpismo<br \/><a href=\"https:\/\/www.pagina12.com.ar\/871757-estados-unidos-nancy-pelosi-anuncia-su-retiro-tras-casi-cuat\">source<\/a><\/p>\n","protected":false},"excerpt":{"rendered":"<p>La primera mujer que presidi\u00f3 la C\u00e1mara de Representantes anunci\u00f3 que no buscar\u00e1 la reelecci\u00f3n&#8230;<\/p>\n","protected":false},"author":0,"featured_media":201056,"comment_status":"open","ping_status":"open","sticky":false,"template":"","format":"standard","meta":{"footnotes":""},"categories":[60],"tags":[],"class_list":["post-201055","post","type-post","status-publish","format-standard","has-post-thumbnail","hentry","category-internacional"],"featured_image_urls":{"full":["https:\/\/radiofenix.com.ar\/2023\/wp-content\/uploads\/2025\/11\/wp-header-logo-39.png",960,540,false],"thumbnail":["https:\/\/radiofenix.com.ar\/2023\/wp-content\/uploads\/2025\/11\/wp-header-logo-39-150x150.png",150,150,true],"medium":["https:\/\/radiofenix.com.ar\/2023\/wp-content\/uploads\/2025\/11\/wp-header-logo-39-300x169.png",300,169,true],"medium_large":["https:\/\/radiofenix.com.ar\/2023\/wp-content\/uploads\/2025\/11\/wp-header-logo-39-768x432.png",640,360,true],"large":["https:\/\/radiofenix.com.ar\/2023\/wp-content\/uploads\/2025\/11\/wp-header-logo-39.png",640,360,false],"1536x1536":["https:\/\/radiofenix.com.ar\/2023\/wp-content\/uploads\/2025\/11\/wp-header-logo-39.png",960,540,false],"2048x2048":["https:\/\/radiofenix.com.ar\/2023\/wp-content\/uploads\/2025\/11\/wp-header-logo-39.png",960,540,false],"newsium-slider-full":["https:\/\/radiofenix.com.ar\/2023\/wp-content\/uploads\/2025\/11\/wp-header-logo-39.png",960,540,false],"newsium-featured":["https:\/\/radiofenix.com.ar\/2023\/wp-content\/uploads\/2025\/11\/wp-header-logo-39.png",960,540,false],"newsium-medium":["https:\/\/radiofenix.com.ar\/2023\/wp-content\/uploads\/2025\/11\/wp-header-logo-39-720x475.png",720,475,true]},"author_info":{"info":[""]},"category_info":"<a href=\"https:\/\/radiofenix.com.ar\/2023\/category\/internacional\/\" rel=\"category tag\">Internacional<\/a>","tag_info":"Internacional","comment_count":"0","_links":{"self":[{"href":"https:\/\/radiofenix.com.ar\/2023\/wp-json\/wp\/v2\/posts\/201055","targetHints":{"allow":["GET"]}}],"collection":[{"href":"https:\/\/radiofenix.com.ar\/2023\/wp-json\/wp\/v2\/posts"}],"about":[{"href":"https:\/\/radiofenix.com.ar\/2023\/wp-json\/wp\/v2\/types\/post"}],"replies":[{"embeddable":true,"href":"https:\/\/radiofenix.com.ar\/2023\/wp-json\/wp\/v2\/comments?post=201055"}],"version-history":[{"count":0,"href":"https:\/\/radiofenix.com.ar\/2023\/wp-json\/wp\/v2\/posts\/201055\/revisions"}],"wp:featuredmedia":[{"embeddable":true,"href":"https:\/\/radiofenix.com.ar\/2023\/wp-json\/wp\/v2\/media\/201056"}],"wp:attachment":[{"href":"https:\/\/radiofenix.com.ar\/2023\/wp-json\/wp\/v2\/media?parent=201055"}],"wp:term":[{"taxonomy":"category","embeddable":true,"href":"https:\/\/radiofenix.com.ar\/2023\/wp-json\/wp\/v2\/categories?post=201055"},{"taxonomy":"post_tag","embeddable":true,"href":"https:\/\/radiofenix.com.ar\/2023\/wp-json\/wp\/v2\/tags?post=201055"}],"curies":[{"name":"wp","href":"https:\/\/api.w.org\/{rel}","templated":true}]}}