{"id":201057,"date":"2025-11-07T08:57:37","date_gmt":"2025-11-07T08:57:37","guid":{"rendered":"https:\/\/radiofenix.com.ar\/2023\/karen-reichardt-desconoce-el-reglamento-de-diputados-no-me-gusta-leer\/"},"modified":"2025-11-07T08:57:37","modified_gmt":"2025-11-07T08:57:37","slug":"karen-reichardt-desconoce-el-reglamento-de-diputados-no-me-gusta-leer","status":"publish","type":"post","link":"https:\/\/radiofenix.com.ar\/2023\/karen-reichardt-desconoce-el-reglamento-de-diputados-no-me-gusta-leer\/","title":{"rendered":"Karen Reichardt desconoce el reglamento de Diputados: &quot;No me gusta leer&quot;"},"content":{"rendered":"<div id=\"\">\n<p>Karen Reichardt \u2014empresaria vinculada al universo libertario\u2014 public\u00f3 en Instagram (@karenreichardt1) la imagen titulada <strong>\u201cConoc\u00ed a Thor\u201d,<\/strong> en referencia al perro de Karina Milei, s\u00edmbolo emocional del mile\u00edsmo y heredero del mito construido en torno a Conan. La postal se viraliz\u00f3 de inmediato y volvi\u00f3 a instalar al c\u00edrculo \u00edntimo no pol\u00edtico del poder.<\/p>\n<p>En la foto est\u00e1 Karina Milei, secretaria general de la Presidencia y principal estratega del oficialismo. La acompa\u00f1an Reichardt; Virginia Gallardo, modelo y medi\u00e1tica que a\u00f1os atr\u00e1s gan\u00f3 notoriedad por intercambiar conceptos econ\u00f3micos con Javier Milei en televisi\u00f3n; y Sergio \u201cTronco\u201d Figliuolo, streamer y reciente candidato de LLA en Provincia de Buenos Aires.<\/p>\n<figure id=\"8149994-Libre-770612565_wrap\" class=\"embed_cont type_imagen\" contenteditable=\"false\">\n<p>Posteo Karen <span onclick=\"parent.parent.TinyMCETdcuerpo.preview_embed('8149994-Libre-770612565')\" class=\"embed_colapse less\" id=\"8149994-Libre-770612565_colapse\"\/>  <span onclick=\"parent.parent.TinyMCETdcuerpo.delete_embed('8149994-Libre-770612565')\" class=\"embed_delete less\" id=\"8149994-Libre-770612565_delete\"\/><\/p>\n<div id=\"8149994-Libre-770612565_content\" class=\"embed_content\"><img loading=\"lazy\" decoding=\"async\" src=\"https:\/\/media.minutouno.com\/p\/e9ff6f9750a9e338d44c4bee66871b49\/adjuntos\/150\/imagenes\/042\/926\/0042926476\/610x0\/smart\/posteo-karen.jpeg\" alt=\"\" title=\"\" width=\"610\" height=\"880\" id=\"8149994-Libre-770612565_embed\"\/><\/div><figcaption id=\"8149994-Libre-770612565_epigrafe\" class=\"embed_epigrafe\"\/>   <\/figure>\n<p>La foto no pas\u00f3 desapercibida porque los protagonistas representan un costado muy particular del proyecto libertario: la pata medi\u00e1tica y de show que acompa\u00f1a al Presidente y a su hermana fuera del plano estrictamente pol\u00edtico. Son figuras que orbitan alrededor del oficialismo, ayudan a construir su est\u00e9tica p\u00fablica y funcionan como puente con el mundo del espect\u00e1culo y las redes.<\/p>\n<p>Aunque no forma parte del n\u00facleo hist\u00f3rico libertario, <strong>Karen Reichardt se convirti\u00f3 en una presencia frecuente en el ecosistema de La Libertad Avanza en los \u00faltimos meses<\/strong>. Empresaria con llegada al mundo de la comunicaci\u00f3n y las redes, fue ganando espacio en fotos, actos y encuentros vinculados al oficialismo hasta consolidarse como parte del c\u00edrculo ampliado que rodea a Karina Milei. Su aparici\u00f3n en esta postal confirma ese ascenso silencioso: de figura reciente en el mile\u00edsmo a integrante estable de la constelaci\u00f3n social y medi\u00e1tica que acompa\u00f1a a la hermana del Presidente.<\/p>\n<\/p><\/div>\n<p><a href=\"https:\/\/www.minutouno.com\/politica\/karen-reichardt-desconoce-el-reglamento-diputados-no-me-gusta-leer-n6210868\">source<\/a><\/p>\n","protected":false},"excerpt":{"rendered":"<p>Karen Reichardt \u2014empresaria vinculada al universo libertario\u2014 public\u00f3 en Instagram (@karenreichardt1) la imagen titulada \u201cConoc\u00ed&#8230;<\/p>\n","protected":false},"author":0,"featured_media":201058,"comment_status":"open","ping_status":"open","sticky":false,"template":"","format":"standard","meta":{"footnotes":""},"categories":[2],"tags":[],"class_list":["post-201057","post","type-post","status-publish","format-standard","has-post-thumbnail","hentry","category-politica"],"featured_image_urls":{"full":["https:\/\/radiofenix.com.ar\/2023\/wp-content\/uploads\/2025\/11\/wp-header-logo-40.png",610,880,false],"thumbnail":["https:\/\/radiofenix.com.ar\/2023\/wp-content\/uploads\/2025\/11\/wp-header-logo-40-150x150.png",150,150,true],"medium":["https:\/\/radiofenix.com.ar\/2023\/wp-content\/uploads\/2025\/11\/wp-header-logo-40-208x300.png",208,300,true],"medium_large":["https:\/\/radiofenix.com.ar\/2023\/wp-content\/uploads\/2025\/11\/wp-header-logo-40.png",610,880,false],"large":["https:\/\/radiofenix.com.ar\/2023\/wp-content\/uploads\/2025\/11\/wp-header-logo-40.png",610,880,false],"1536x1536":["https:\/\/radiofenix.com.ar\/2023\/wp-content\/uploads\/2025\/11\/wp-header-logo-40.png",610,880,false],"2048x2048":["https:\/\/radiofenix.com.ar\/2023\/wp-content\/uploads\/2025\/11\/wp-header-logo-40.png",610,880,false],"newsium-slider-full":["https:\/\/radiofenix.com.ar\/2023\/wp-content\/uploads\/2025\/11\/wp-header-logo-40-610x845.png",610,845,true],"newsium-featured":["https:\/\/radiofenix.com.ar\/2023\/wp-content\/uploads\/2025\/11\/wp-header-logo-40.png",610,880,false],"newsium-medium":["https:\/\/radiofenix.com.ar\/2023\/wp-content\/uploads\/2025\/11\/wp-header-logo-40-610x475.png",610,475,true]},"author_info":{"info":[""]},"category_info":"<a href=\"https:\/\/radiofenix.com.ar\/2023\/category\/politica\/\" rel=\"category tag\">Pol\u00edtica<\/a>","tag_info":"Pol\u00edtica","comment_count":"0","_links":{"self":[{"href":"https:\/\/radiofenix.com.ar\/2023\/wp-json\/wp\/v2\/posts\/201057","targetHints":{"allow":["GET"]}}],"collection":[{"href":"https:\/\/radiofenix.com.ar\/2023\/wp-json\/wp\/v2\/posts"}],"about":[{"href":"https:\/\/radiofenix.com.ar\/2023\/wp-json\/wp\/v2\/types\/post"}],"replies":[{"embeddable":true,"href":"https:\/\/radiofenix.com.ar\/2023\/wp-json\/wp\/v2\/comments?post=201057"}],"version-history":[{"count":0,"href":"https:\/\/radiofenix.com.ar\/2023\/wp-json\/wp\/v2\/posts\/201057\/revisions"}],"wp:featuredmedia":[{"embeddable":true,"href":"https:\/\/radiofenix.com.ar\/2023\/wp-json\/wp\/v2\/media\/201058"}],"wp:attachment":[{"href":"https:\/\/radiofenix.com.ar\/2023\/wp-json\/wp\/v2\/media?parent=201057"}],"wp:term":[{"taxonomy":"category","embeddable":true,"href":"https:\/\/radiofenix.com.ar\/2023\/wp-json\/wp\/v2\/categories?post=201057"},{"taxonomy":"post_tag","embeddable":true,"href":"https:\/\/radiofenix.com.ar\/2023\/wp-json\/wp\/v2\/tags?post=201057"}],"curies":[{"name":"wp","href":"https:\/\/api.w.org\/{rel}","templated":true}]}}