{"id":201149,"date":"2025-11-08T08:57:23","date_gmt":"2025-11-08T08:57:23","guid":{"rendered":"https:\/\/radiofenix.com.ar\/2023\/javier-milei-anuncio-que-le-comprara-a-emmanuel-macron-submarinos-y-buques\/"},"modified":"2025-11-08T08:57:23","modified_gmt":"2025-11-08T08:57:23","slug":"javier-milei-anuncio-que-le-comprara-a-emmanuel-macron-submarinos-y-buques","status":"publish","type":"post","link":"https:\/\/radiofenix.com.ar\/2023\/javier-milei-anuncio-que-le-comprara-a-emmanuel-macron-submarinos-y-buques\/","title":{"rendered":"Javier Milei anunci\u00f3 que le comprar\u00e1 a Emmanuel Macron submarinos y buques"},"content":{"rendered":"<div id=\"note-body\">\n<p>El presidente<strong> Javier Milei <\/strong>confirm\u00f3 que Argentina avanza en un acuerdo con <strong>Francia <\/strong>para la compra de <strong>submarinos y buques<\/strong>, los cuales ser\u00e1n utilizados para reforzar la vigilancia y patrullaje en las costas nacionales. Mientras se acelera el proceso de adquisici\u00f3n, el mandatario destac\u00f3 la buena relaci\u00f3n con su par franc\u00e9s,<strong> Emmanuel Macron. <\/strong><\/p>\n<\/p><\/div>\n<p><a href=\"https:\/\/www.minutouno.com\/politica\/javier-milei-anuncio-que-le-comprara-emmanuel-macron-submarinos-y-buques-n6211298\">source<\/a><\/p>\n","protected":false},"excerpt":{"rendered":"<p>El presidente Javier Milei confirm\u00f3 que Argentina avanza en un acuerdo con Francia para la&#8230;<\/p>\n","protected":false},"author":0,"featured_media":201150,"comment_status":"open","ping_status":"open","sticky":false,"template":"","format":"standard","meta":{"footnotes":""},"categories":[2],"tags":[],"class_list":["post-201149","post","type-post","status-publish","format-standard","has-post-thumbnail","hentry","category-politica"],"featured_image_urls":{"full":["https:\/\/radiofenix.com.ar\/2023\/wp-content\/uploads\/2025\/11\/wp-header-logo-46.png",1200,675,false],"thumbnail":["https:\/\/radiofenix.com.ar\/2023\/wp-content\/uploads\/2025\/11\/wp-header-logo-46-150x150.png",150,150,true],"medium":["https:\/\/radiofenix.com.ar\/2023\/wp-content\/uploads\/2025\/11\/wp-header-logo-46-300x169.png",300,169,true],"medium_large":["https:\/\/radiofenix.com.ar\/2023\/wp-content\/uploads\/2025\/11\/wp-header-logo-46-768x432.png",640,360,true],"large":["https:\/\/radiofenix.com.ar\/2023\/wp-content\/uploads\/2025\/11\/wp-header-logo-46-1024x576.png",640,360,true],"1536x1536":["https:\/\/radiofenix.com.ar\/2023\/wp-content\/uploads\/2025\/11\/wp-header-logo-46.png",1200,675,false],"2048x2048":["https:\/\/radiofenix.com.ar\/2023\/wp-content\/uploads\/2025\/11\/wp-header-logo-46.png",1200,675,false],"newsium-slider-full":["https:\/\/radiofenix.com.ar\/2023\/wp-content\/uploads\/2025\/11\/wp-header-logo-46.png",1200,675,false],"newsium-featured":["https:\/\/radiofenix.com.ar\/2023\/wp-content\/uploads\/2025\/11\/wp-header-logo-46-1024x576.png",1024,576,true],"newsium-medium":["https:\/\/radiofenix.com.ar\/2023\/wp-content\/uploads\/2025\/11\/wp-header-logo-46-720x475.png",720,475,true]},"author_info":{"info":[""]},"category_info":"<a href=\"https:\/\/radiofenix.com.ar\/2023\/category\/politica\/\" rel=\"category tag\">Pol\u00edtica<\/a>","tag_info":"Pol\u00edtica","comment_count":"0","_links":{"self":[{"href":"https:\/\/radiofenix.com.ar\/2023\/wp-json\/wp\/v2\/posts\/201149","targetHints":{"allow":["GET"]}}],"collection":[{"href":"https:\/\/radiofenix.com.ar\/2023\/wp-json\/wp\/v2\/posts"}],"about":[{"href":"https:\/\/radiofenix.com.ar\/2023\/wp-json\/wp\/v2\/types\/post"}],"replies":[{"embeddable":true,"href":"https:\/\/radiofenix.com.ar\/2023\/wp-json\/wp\/v2\/comments?post=201149"}],"version-history":[{"count":0,"href":"https:\/\/radiofenix.com.ar\/2023\/wp-json\/wp\/v2\/posts\/201149\/revisions"}],"wp:featuredmedia":[{"embeddable":true,"href":"https:\/\/radiofenix.com.ar\/2023\/wp-json\/wp\/v2\/media\/201150"}],"wp:attachment":[{"href":"https:\/\/radiofenix.com.ar\/2023\/wp-json\/wp\/v2\/media?parent=201149"}],"wp:term":[{"taxonomy":"category","embeddable":true,"href":"https:\/\/radiofenix.com.ar\/2023\/wp-json\/wp\/v2\/categories?post=201149"},{"taxonomy":"post_tag","embeddable":true,"href":"https:\/\/radiofenix.com.ar\/2023\/wp-json\/wp\/v2\/tags?post=201149"}],"curies":[{"name":"wp","href":"https:\/\/api.w.org\/{rel}","templated":true}]}}