{"id":201239,"date":"2025-11-09T08:57:22","date_gmt":"2025-11-09T08:57:22","guid":{"rendered":"https:\/\/radiofenix.com.ar\/2023\/marcelo-nacci-esta-obra-me-sirvio-para-reafirmarme-frente-a-la-realidad\/"},"modified":"2025-11-09T08:57:22","modified_gmt":"2025-11-09T08:57:22","slug":"marcelo-nacci-esta-obra-me-sirvio-para-reafirmarme-frente-a-la-realidad","status":"publish","type":"post","link":"https:\/\/radiofenix.com.ar\/2023\/marcelo-nacci-esta-obra-me-sirvio-para-reafirmarme-frente-a-la-realidad\/","title":{"rendered":"Marcelo Nacci: &quot;Esta obra\u00a0me sirvi\u00f3 para reafirmarme frente a la realidad&quot;"},"content":{"rendered":"<div><!-- Body --><\/p>\n<p>En su <b>novela <i>Los due\u00f1os de la tierra<\/i>, David Vi\u00f1as<\/b> relata lo sucedido durante las huelgas de los peones rurales que terminaron en brutal represi\u00f3n entre 1920 y 1922 en el por entonces Territorio Nacional de Santa Cruz. Un hecho que en los a\u00f1os \u201970 Osvaldo Bayer analiz\u00f3 en <i>La Patagonia rebelde<\/i>, libro que poco despu\u00e9s H\u00e9ctor Olivera convirti\u00f3 en film. En pleno gobierno de Hip\u00f3lito Yrigoyen, terratenientes de la zona se unieron para desarticular el incipiente movimiento sindical y presionar al gobierno nacional para conseguir la intervenci\u00f3n del ej\u00e9rcito. Vi\u00f1as se centr\u00f3 en la actuaci\u00f3n del juez mediador que el gobierno radical envi\u00f3 para intentar la soluci\u00f3n del conflicto. Un dato singular: el nombre de este personaje, Vicente Vera, enmascaraba la identidad de Ismael Pedro Vi\u00f1as, padre del escritor, en tanto que Yuda Singer, la maestra anarquista de quien el juez se enamora, representaba a su propia madre, Esther Porter. Publicada en 1958, la novela fue considerada una comparaci\u00f3n cr\u00edtica de la masacre de Jos\u00e9 Le\u00f3n Su\u00e1rez ocurrida dos a\u00f1os antes bajo por la dictadura de Pedro Eugenio Aramburu.<\/p>\n<p>El <b>director, guionista y actor Marcelo Nacci<\/b> est\u00e1 presentando bajo su propia conducci\u00f3n una <b>versi\u00f3n esc\u00e9nica de esta novela en El Port\u00f3n de S\u00e1nchez (S\u00e1nchez de Bustamante 1034) <\/b>con un s\u00f3lido elenco integrado por <b>Tom\u00e1s Casta\u00f1o, Ver\u00f3nica Cognioul Hanicq, Mat\u00edas Garnica, Jorge Prado y Rafael Walger<\/b>. En solamente una hora, el espect\u00e1culo cuenta el conflicto y retrata la relaci\u00f3n que entabla la pareja protagonista.  Como sucede en el texto original, Vera comienza manteniendo una posici\u00f3n ecu\u00e1nime, para luego perder la fe en su misi\u00f3n, incr\u00e9dulo ante la inacci\u00f3n del jefe radical que tanto admira. Yuda le dar\u00e1 los elementos para que tome una posici\u00f3n firme frente a los victimarios, una vez comenzados los fusilamientos. La escenograf\u00eda y el vestuario son de <b>Alejandro Mateo<\/b>, la iluminaci\u00f3n de <b>Soledad Ianni<\/b> y la m\u00fasica original de <b>Alejandro Bordas<\/b>.  <\/p>\n<p>Nacci ley\u00f3 la novela en 2001 y enseguida percibi\u00f3 que en las escenas jugadas en espacios interiores lat\u00eda con intensidad teatral el conflicto que se estaba viviendo entre los patrones y la peonada. En conversaci\u00f3n con <b>P\u00e1gina\/12<\/b>, el director cuenta que una vez que \u00e9l termin\u00f3 su primera versi\u00f3n fue a verlo al autor a su despacho en la universidad. Enseguida Vi\u00f1as pregunt\u00f3 porqu\u00e9 ten\u00eda inter\u00e9s en teatralizar una novela suya cuando \u00e9l tambi\u00e9n ten\u00eda dramaturgia. Nacci le respondi\u00f3 que lo hab\u00eda impactado esa pareja que hab\u00eda conseguido enamorarse en medio de la tragedia.\u201cSon pap\u00e1 y mam\u00e1\u201d, le aclar\u00f3 Vi\u00f1as al director,  hoy todav\u00eda sorprendido de lo extra\u00f1a que le son\u00f3 la frase viniendo de aquel hombre de grandes bigotes. \u201cSonaban disonantes esas palabras tiernas en boca del tipo duro y vehemente que \u00e9l era\u201d, dice. La condici\u00f3n que puso Vi\u00f1as fue que la obra la dirigiera Juan Carlos Gen\u00e9, quien finalmente rechaz\u00f3 el convite por encontrarla demasiado verborr\u00e1gica. Un comentario que lo llev\u00f3 a Nacci a realizar un largo camino de sucesivos cambios hasta llegar a esta versi\u00f3n.<\/p>\n<p><b>-\u00bfC\u00f3mo entra el personaje de Yuda en la historia?<\/b><\/p>\n<p>-Es una mujer enigm\u00e1tica, aparece de la nada, sin explicaciones. Y uno se pregunta c\u00f3mo una mujer jud\u00eda y anarquista que logra escapar de un pogrom puede enamorarse de un hombre que sigue manteniendo una posici\u00f3n equidistante hasta el final, sin creer en los fusilamientos. El mismo Vi\u00f1as dec\u00eda que hab\u00eda sido ella quien le hab\u00eda abierto los ojos a quien ser\u00eda su padre sobre lo que estaba pasando.  <\/p>\n<p><b>-Finalmente, Vicente Vera dice que termin\u00f3 odiando a los art\u00edfices de la masacre de trabajadores\u2026<\/b><\/p>\n<p>-S\u00ed, y dice que haberlos podido odiar fue liberador para \u00e9l. Hoy es duro o\u00edr hablar de un odio que resulta saludable. Pero creo que los personajes m\u00e1s interesantes son los que muestran luces y sombras.<\/p>\n<p><b>-\u00bfPor qu\u00e9 dejaste pasar tanto tiempo para hacer tu puesta?<\/b><\/p>\n<p>-Juan muri\u00f3, tambi\u00e9n Vi\u00f1as, pero la obra no muri\u00f3 para m\u00ed. La fui condensando para posibilitarle al espectador un buen tr\u00e1nsito por los sucesos fuertes que cuenta la novela, para que no le resulte agobiante. Creo que las escenas se van sucediendo como si se fundieran una con la otra. Hay algo cinematogr\u00e1fico all\u00ed.<\/p>\n<p><b>-Seguramente, producto de tu trabajo como guionista\u2026<\/b><\/p>\n<p>-S\u00ed, hay mucho de mi experiencia en la escritura audiovisual, en el ritmo, en la agilidad del gui\u00f3n cinematogr\u00e1fico. Es una obra que hace una denuncia y propone una reflexi\u00f3n, y que me sirvi\u00f3 de trinchera para reafirmarme frente a la realidad.<\/p>\n<p><b>-\u00bfEn qu\u00e9 sentido?<\/b><\/p>\n<p>-M\u00e1s all\u00e1 de cualquier posici\u00f3n partidaria, me permite expresame en contra del sometimiento y la explotaci\u00f3n de las personas que trabajan para unos otros que no piensan m\u00e1s que en enriquecerse a su costa. <\/p>\n<p><i>Los due\u00f1os de la tierra<\/i>, El port\u00f3n de S\u00e1nchez (S\u00e1nchez de Bustamante 1034) domingo a las 20.<\/p>\n<p><!-- Live Blog Post --><\/div>\n<p><a href=\"https:\/\/www.pagina12.com.ar\/871986-marcelo-nacci-esta-obra-me-sirvio-para-reafirmarme-frente-a-\">source<\/a><\/p>\n","protected":false},"excerpt":{"rendered":"<p>En su novela Los due\u00f1os de la tierra, David Vi\u00f1as relata lo sucedido durante las&#8230;<\/p>\n","protected":false},"author":0,"featured_media":201240,"comment_status":"open","ping_status":"open","sticky":false,"template":"","format":"standard","meta":{"footnotes":""},"categories":[4],"tags":[],"class_list":["post-201239","post","type-post","status-publish","format-standard","has-post-thumbnail","hentry","category-espectaculos"],"featured_image_urls":{"full":["https:\/\/radiofenix.com.ar\/2023\/wp-content\/uploads\/2025\/11\/wp-header-logo-53.png",960,540,false],"thumbnail":["https:\/\/radiofenix.com.ar\/2023\/wp-content\/uploads\/2025\/11\/wp-header-logo-53-150x150.png",150,150,true],"medium":["https:\/\/radiofenix.com.ar\/2023\/wp-content\/uploads\/2025\/11\/wp-header-logo-53-300x169.png",300,169,true],"medium_large":["https:\/\/radiofenix.com.ar\/2023\/wp-content\/uploads\/2025\/11\/wp-header-logo-53-768x432.png",640,360,true],"large":["https:\/\/radiofenix.com.ar\/2023\/wp-content\/uploads\/2025\/11\/wp-header-logo-53.png",640,360,false],"1536x1536":["https:\/\/radiofenix.com.ar\/2023\/wp-content\/uploads\/2025\/11\/wp-header-logo-53.png",960,540,false],"2048x2048":["https:\/\/radiofenix.com.ar\/2023\/wp-content\/uploads\/2025\/11\/wp-header-logo-53.png",960,540,false],"newsium-slider-full":["https:\/\/radiofenix.com.ar\/2023\/wp-content\/uploads\/2025\/11\/wp-header-logo-53.png",960,540,false],"newsium-featured":["https:\/\/radiofenix.com.ar\/2023\/wp-content\/uploads\/2025\/11\/wp-header-logo-53.png",960,540,false],"newsium-medium":["https:\/\/radiofenix.com.ar\/2023\/wp-content\/uploads\/2025\/11\/wp-header-logo-53-720x475.png",720,475,true]},"author_info":{"info":[""]},"category_info":"<a href=\"https:\/\/radiofenix.com.ar\/2023\/category\/espectaculos\/\" rel=\"category tag\">Espectaculos<\/a>","tag_info":"Espectaculos","comment_count":"0","_links":{"self":[{"href":"https:\/\/radiofenix.com.ar\/2023\/wp-json\/wp\/v2\/posts\/201239","targetHints":{"allow":["GET"]}}],"collection":[{"href":"https:\/\/radiofenix.com.ar\/2023\/wp-json\/wp\/v2\/posts"}],"about":[{"href":"https:\/\/radiofenix.com.ar\/2023\/wp-json\/wp\/v2\/types\/post"}],"replies":[{"embeddable":true,"href":"https:\/\/radiofenix.com.ar\/2023\/wp-json\/wp\/v2\/comments?post=201239"}],"version-history":[{"count":0,"href":"https:\/\/radiofenix.com.ar\/2023\/wp-json\/wp\/v2\/posts\/201239\/revisions"}],"wp:featuredmedia":[{"embeddable":true,"href":"https:\/\/radiofenix.com.ar\/2023\/wp-json\/wp\/v2\/media\/201240"}],"wp:attachment":[{"href":"https:\/\/radiofenix.com.ar\/2023\/wp-json\/wp\/v2\/media?parent=201239"}],"wp:term":[{"taxonomy":"category","embeddable":true,"href":"https:\/\/radiofenix.com.ar\/2023\/wp-json\/wp\/v2\/categories?post=201239"},{"taxonomy":"post_tag","embeddable":true,"href":"https:\/\/radiofenix.com.ar\/2023\/wp-json\/wp\/v2\/tags?post=201239"}],"curies":[{"name":"wp","href":"https:\/\/api.w.org\/{rel}","templated":true}]}}