{"id":201411,"date":"2025-11-11T08:57:45","date_gmt":"2025-11-11T08:57:45","guid":{"rendered":"https:\/\/radiofenix.com.ar\/2023\/ee-uu-ataca-otras-dos-presuntas-narcolanchas-y-deja-seis-muertos-en-el-pacifico\/"},"modified":"2025-11-11T08:57:45","modified_gmt":"2025-11-11T08:57:45","slug":"ee-uu-ataca-otras-dos-presuntas-narcolanchas-y-deja-seis-muertos-en-el-pacifico","status":"publish","type":"post","link":"https:\/\/radiofenix.com.ar\/2023\/ee-uu-ataca-otras-dos-presuntas-narcolanchas-y-deja-seis-muertos-en-el-pacifico\/","title":{"rendered":"EE.UU. ataca otras dos presuntas narcolanchas y deja seis muertos en el Pac\u00edfico"},"content":{"rendered":"<div><!-- Body --><\/p>\n<p><b>Otras seis personas murieron en <a href=\"https:\/\/www.pagina12.com.ar\/872329-el-caribe-como-campo-de-tiro-de-estados-unidos\">ataques de Estados Unidos contra presuntas lanchas de narcotraficantes en el Pac\u00edfico<\/a><\/b>, seg\u00fan inform\u00f3 este lunes el secretario de Defensa, Pete Hegseth. Este nuevo ataque eleva a 76 los muertos en la pol\u00e9mica ofensiva antidrogas de Washington en aguas internacionales en el Pac\u00edfico y el Caribe. Sin un freno en el horizonte, <b>la ONU denunci\u00f3 que hay \u00abfuertes indicios\u00bb de que EE.UU. est\u00e1 violando el derecho internacional<\/b>, mientras que<b> la cuarta cumbre entre la <a href=\"https:\/\/www.pagina12.com.ar\/872377-la-celac-y-la-ue-sellan-una-alianza-en-defensa-de-la-democra\">Comunidad de Estados Latinoamericanos y Caribe\u00f1os (Celac) y la Uni\u00f3n Europea (UE)<\/a><\/b> cerr\u00f3 en la ciudad colombiana de Santa Marta con una declaraci\u00f3n conjunta que<b> reclama el \u00abpleno cumplimiento del derecho internacional\u00bb<\/b> en la <a href=\"https:\/\/www.pagina12.com.ar\/854313-ante-las-amenazas-de-trump-a-venezuela-la-celac-pidio-manten\">lucha contra el narcotr\u00e1fico<\/a> en la regi\u00f3n.<\/p>\n<p><b>Peter Kornbluh<\/b>, director del Proyecto de Documentaci\u00f3n de Chile y Cuba\u200b del Archivo de Seguridad Nacional de EE.UU., expres\u00f3 en di\u00e1logo con\u00a0<b>P\u00e1gina\/12 <\/b>que\u00a0\u00ab<b>la motivaci\u00f3n<\/b> para destruir unas 20 embarcaciones y matar, hasta el momento, a m\u00e1s de 75 personas a bordo, <b>es demostrar abiertamente la capacidad de Estados Unidos para atacar y matar, y enviar un mensaje draconiano a los l\u00edderes venezolanos: ser\u00e1n los siguientes<\/b>\u00ab. Kornbluh agreg\u00f3 que \u00abla administraci\u00f3n Trump est\u00e1, en esencia, sentando las bases sangrientas e ilegales para un cambio de gobierno en Caracas\u00bb.<\/p>\n<h2>Amenaza renovada<\/h2>\n<p>En su cuenta de X,\u00a0Pete Hegseth dijo que hubo dos ataques el domingo en el Pac\u00edfico oriental contra dos embarcaciones \u00abque transportaban narc\u00f3ticos\u00bb, con tres personas a bordo cada una. \u00abLos seis murieron. Ninguna fuerza estadounidense result\u00f3 herida\u00bb, precis\u00f3 el funcionario. <b>Las autoridades estadounidenses<\/b>, tal como hicieron con todos los ataques de este tipo, <b>no revelaron la identidad de los fallecidos, ni pruebas de que traficaban drogas<\/b>.<\/p>\n<div class=\"iframely-embed medium-embedded-content\" data-html=\"Jmx0O2Jsb2NrcXVvdGUgY2xhc3M9InR3aXR0ZXItdHdlZXQiIGRhdGEtZG50PSJ0cnVlIiBhbGlnbj0iY2VudGVyIiZndDsmbHQ7cCBsYW5nPSJlbiIgZGlyPSJsdHIiJmd0O1llc3RlcmRheSwgYXQgdGhlIGRpcmVjdGlvbiBvZiBQcmVzaWRlbnQgVHJ1bXAsIHR3byBsZXRoYWwga2luZXRpYyBzdHJpa2VzIHdlcmUgY29uZHVjdGVkIG9uIHR3byB2ZXNzZWxzIG9wZXJhdGVkIGJ5IERlc2lnbmF0ZWQgVGVycm9yaXN0IE9yZ2FuaXphdGlvbnMuJmx0O2JyJmd0OyZsdDticiZndDtUaGVzZSB2ZXNzZWxzIHdlcmUga25vd24gYnkgb3VyIGludGVsbGlnZW5jZSB0byBiZSBhc3NvY2lhdGVkIHdpdGggaWxsaWNpdCBuYXJjb3RpY3Mgc211Z2dsaW5nLCB3ZXJlIGNhcnJ5aW5nIG5hcmNvdGljcywgYW5k4oCmICZsdDthIGhyZWY9Imh0dHBzOi8vdC5jby9vY1VvR3p3d0RPIiZndDtwaWMudHdpdHRlci5jb20vb2NVb0d6d3dETyZsdDsvYSZndDsmbHQ7L3AmZ3Q7JmFtcDttZGFzaDsgU2VjcmV0YXJ5IG9mIFdhciBQZXRlIEhlZ3NldGggKEBTZWNXYXIpICZsdDthIGhyZWY9Imh0dHBzOi8vdHdpdHRlci5jb20vU2VjV2FyL3N0YXR1cy8xOTg3ODYzODIxODY4NzMyNDQ3P3JlZl9zcmM9dHdzcmMlNUV0ZnciJmd0O05vdmVtYmVyIDEwLCAyMDI1Jmx0Oy9hJmd0OyZsdDsvYmxvY2txdW90ZSZndDsKJmx0O3NjcmlwdCBhc3luYyBzcmM9Imh0dHBzOi8vcGxhdGZvcm0udHdpdHRlci5jb20vd2lkZ2V0cy5qcyIgY2hhcnNldD0idXRmLTgiJmd0OyZsdDsvc2NyaXB0Jmd0OwoKJmx0O2RpdiBjbGFzcz0ibWVkaXVtLWluc2VydC1lbWJlZHMtbWV0YSImZ3Q7Jmx0O3NjcmlwdCB0eXBlPSJ0ZXh0L2pzb24iJmd0O3sidXJsIjoiaHR0cHM6Ly90d2l0dGVyLmNvbS9TZWNXYXIvc3RhdHVzLzE5ODc4NjM4MjE4Njg3MzI0NDciLCJ0eXBlIjoicmljaCIsInZlcnNpb24iOiIxLjAiLCJ0aXRsZSI6IlNlY3JldGFyeSBvZiBXYXIgUGV0ZSBIZWdzZXRoIG9uIFR3aXR0ZXIgLyBYIiwiYXV0aG9yIjoiU2VjcmV0YXJ5IG9mIFdhciBQZXRlIEhlZ3NldGgiLCJhdXRob3JfdXJsIjoiaHR0cHM6Ly90d2l0dGVyLmNvbS9TZWNXYXIiLCJwcm92aWRlcl9uYW1lIjoiVHdpdHRlciIsImRlc2NyaXB0aW9uIjoiWWVzdGVyZGF5LCBhdCB0aGUgZGlyZWN0aW9uIG9mIFByZXNpZGVudCBUcnVtcCwgdHdvIGxldGhhbCBraW5ldGljIHN0cmlrZXMgd2VyZSBjb25kdWN0ZWQgb24gdHdvIHZlc3NlbHMgb3BlcmF0ZWQgYnkgRGVzaWduYXRlZCBUZXJyb3Jpc3QgT3JnYW5pemF0aW9ucy5UaGVzZSB2ZXNzZWxzIHdlcmUga25vd24gYnkgb3VyIGludGVsbGlnZW5jZSB0byBiZSBhc3NvY2lhdGVkIHdpdGggaWxsaWNpdCBuYXJjb3RpY3Mgc211Z2dsaW5nLCB3ZXJlIGNhcnJ5aW5nIG5hcmNvdGljcywgYW5k4oCmIHBpYy50d2l0dGVyLmNvbS9vY1VvR3p3d0RP4oCUIFNlY3JldGFyeSBvZiBXYXIgUGV0ZSBIZWdzZXRoIChAU2VjV2FyKSBOb3ZlbWJlciAxMCwgMjAyNVxuXG5cbiIsInRodW1ibmFpbF91cmwiOiJodHRwczovL3Bicy50d2ltZy5jb20vYW1wbGlmeV92aWRlb190aHVtYi8xOTg3ODYzNzYyMjkyODU4ODgwL2ltZy9sbWNkQ2dfUWQxZGFxYXpKLmpwZzpsYXJnZSIsInRodW1ibmFpbF93aWR0aCI6NjQwLCJ0aHVtYm5haWxfaGVpZ2h0IjozNjAsImNhY2hlX2FnZSI6ODY0MDAsIm9wdGlvbnMiOnsiX2hpZGVfbWVkaWEiOnsibGFiZWwiOiJIaWRlIHBob3RvcywgdmlkZW9zLCBhbmQgY2FyZHMiLCJ2YWx1ZSI6ZmFsc2V9LCJfdGhlbWUiOnsidmFsdWUiOiIiLCJ2YWx1ZXMiOnsiZGFyayI6IlVzZSBkYXJrIHRoZW1lIn19LCJfbWF4d2lkdGgiOnsidmFsdWUiOiIiLCJsYWJlbCI6IkFkanVzdCB3aWR0aCIsInBsYWNlaG9sZGVyIjoiMjIwLTU1MCwgaW4gcHgifX19Jmx0Oy9zY3JpcHQmZ3Q7Jmx0Oy9kaXYmZ3Q7\">\n                <a data-iframely-url=\"\" href=\"https:\/\/twitter.com\/SecWar\/status\/1987863821868732447\">https:\/\/twitter.com\/SecWar\/status\/1987863821868732447<\/a>\n              <\/div>\n<p>En lo que <b>especialistas consideran como su mayor despliegue mar\u00edtimo desde la primera guerra del golfo P\u00e9rsico (1990-1991)<\/b>, EE.UU. mantiene en aguas caribe\u00f1as unos ocho buques de guerra, tres buques anfibios y un submarino en la zona. La operaci\u00f3n, que provoc\u00f3 el rechazo de los gobiernos de Venezuela y Colombia, a los que Washington acusa de estar implicados en redes de narcotr\u00e1fico, tambi\u00e9n incluye el env\u00edo del portaaviones nuclear Gerald R. Ford, el mayor y m\u00e1s moderno de la flota estadounidense, que ya est\u00e1 en camino al Caribe.<\/p>\n<p><b>Peter Kornbluh<\/b> asegur\u00f3 a este diario que \u00ablos ataques estadounidenses contra las peque\u00f1as embarcaciones que supuestamente transportaban narc\u00f3ticos no constituyen un esfuerzo serio para combatir el narcotr\u00e1fico\u00bb. Para el destacado archivista, <b>los funcionarios de Washington \u00abson plenamente conscientes de que Venezuela no es un punto de transferencia importante para los narc\u00f3ticos<\/b> que transitan por el Caribe con destino al mercado estadounidense\u00bb.<\/p>\n<p>Una iniciativa dem\u00f3crata en el Senado estadounidense para restringir la campa\u00f1a militar de Trump en aguas internacionales fracas\u00f3 la semana pasada con 49 votos a favor y 51 en contra. Previamente Trump hab\u00eda enviado una carta al Congreso en la que declaraba a Estados Unidos en \u00abconflicto armado\u00bb contra los c\u00e1rteles de la droga latinoamericanos para justificar los ataques.<\/p>\n<h2>\u00abIndicios de ejecuciones extrajudiciales\u00bb<\/h2>\n<p>El Alto Comisionado de los Derechos Humanos de la ONU inst\u00f3 este lunes a Estados Unidos a investigar la legalidad de sus ataques en el Caribe y el Pac\u00edfico y advirti\u00f3 que hay \u00abfuertes indicios\u00bb de que constituyen \u00abejecuciones extrajudiciales\u00bb. El alto comisionado Volker Turk afirm\u00f3 en una entrevista con la agencia AFP que, por lo que se sabe, \u00abestos casos violan el derecho internacional en materia de derechos humanos\u00bb.\u00a0<\/p>\n<p>Para Turk, Estados Unidos presenta los ataques como parte de \u00aboperaciones contra la droga\u00bb, pero en este tipo de dispositivos no se deber\u00edan \u00abplantear cuestiones de guerra o conflicto o derecho internacional humanitario\u00bb. El alto comisionado considera que estas acciones deber\u00edan considerarse como \u00aboperaciones para la aplicaci\u00f3n de la ley\u00bb, que entran en el \u00e1mbito del derecho internacional y que en estos casos \u00abel uso de la fuerza letal debe ser extremadamente limitado\u00bb.<\/p>\n<p>El analista<b> Homar Garc\u00e9s<\/b> dijo a <i><b>P\u00e1gina\/12<\/b><\/i> que\u00a0\u00ablos alegatos de Donald Trump exceden en mucho lo que podr\u00eda ser una acci\u00f3n de autodefensa o de acatamiento de una resoluci\u00f3n del Consejo de Seguridad de la ONU, cuando su inter\u00e9s principal es conseguir el control directo de los grandes yacimientos petroleros que posee Venezuela\u00bb. Seg\u00fan Garc\u00e9s, esta intenci\u00f3n queda oculta <b>\u00abtras su declaraci\u00f3n de querer desalojar del poder a Nicol\u00e1s Maduro\u00bb, generando un clima \u00abde acuerdo con el deseo expresado reiteradamente por la dirigente ultraderechista Mar\u00eda Corina Machado<\/b>, haciendo creer que la situaci\u00f3n del pa\u00eds est\u00e1 saturada de descontento popular y de violaciones sistem\u00e1ticas de los derechos humanos\u00bb.<\/p>\n<h2>La reacci\u00f3n de la regi\u00f3n<\/h2>\n<p>Medio centenar de pa\u00edses de Latinoam\u00e9rica y la Uni\u00f3n Europea rechazaron en una declaraci\u00f3n conjunta el \u00abuso de la fuerza\u00bb que contradice al derecho internacional. \u00abAbordamos la importancia de la seguridad mar\u00edtima y de la estabilidad regional en el Caribe. <b>Coincidimos en la relevancia de la cooperaci\u00f3n internacional, el respeto mutuo y el pleno cumplimiento del derecho internacional<\/b>, incluso en la lucha contra el crimen organizado transnacional y el tr\u00e1fico il\u00edcito de drogas\u00bb, se\u00f1ala el punto 10 del <a href=\"https:\/\/www.cancilleria.gov.co\/sites\/default\/files\/%28v2025.11.09-5%29%20DECLARACI%C3%93N%20FINAL%20CONJUNTA%20IV%20CUMBRE%20CELAC-EU.pdf\" target=\"_blank\">documento<\/a>, firmado por 58 de los 60 pa\u00edses participantes.<\/p>\n<p>Aunque la declaraci\u00f3n\u00a0evita mencionar directamente a Washington, varios mandatarios latinoamericanos aprovecharon la cumbre para expresar su rechazo a la ofensiva militar estadounidense, entre ellos el colombiano Gustavo Petro y el brasile\u00f1o Luiz In\u00e1cio Lula da Silva. \u00abLa amenaza del uso de la fuerza militar volvi\u00f3 a ser parte de la cotidianidad de Am\u00e9rica latina y el Caribe. Viejas maniobras y ret\u00f3ricas son recicladas para justificar intervenciones ilegales\u00bb, advirti\u00f3 Lula.<\/p>\n<p><b>Peter Kornbluh<\/b> sostuvo que ante la creciente amenaza militar de Washington en el Caribe, los l\u00edderes latinoamericanos ha permanecido mayormente en silencio, aunque deben estar seriamente preocupados. \u00abUna vez que Trump se d\u00e9 cuenta de que puede usar la fuerza selectiva para derrocar al gobierno de Venezuela, ning\u00fan gobierno de la regi\u00f3n estar\u00e1 a salvo de sus exigencias arbitrarias. <b>El regreso a la era de la diplomacia militar estadounidense en el Caribe representa una amenaza para todas las naciones del hemisferio<\/b>\u00ab, plante\u00f3 el autor de <i>Pinochet: los archivos secretos<\/i>.<\/p>\n<p>Este lunes la cadena estadounidense ABC indic\u00f3 que<b> el Departamento de Guerra estadounidense habr\u00eda empezado a enviar fuerzas terrestres a realizar entrenamientos en la selva de Panam\u00e1<\/b>. De acuerdo con un funcionario del Pent\u00e1gono, Washington envi\u00f3 soldados e infantes de marina estadounidenses a completar un programa de entrenamiento en la base aeronaval Crist\u00f3bal Col\u00f3n que, aunque por ahora es de alcance relativamente peque\u00f1o, se espera que se intensifique en el 2026.<\/p>\n<p>Esta ser\u00eda la primera vez en m\u00e1s de dos d\u00e9cadas que el Ej\u00e9rcito estadounidense env\u00eda a tropas convencionales a un entrenamiento en la selva paname\u00f1a. El coronel retirado del Cuerpo de Marines estadounidense, <b>Steve Ganyard<\/b>, declar\u00f3 a ABC: \u00ab<b>Desde un punto de vista pr\u00e1ctico, es m\u00e1s f\u00e1cil llegar a Panam\u00e1 que a Okinawa<\/b>. Y las selvas de Centroam\u00e9rica y Sudam\u00e9rica presentan sus propios desaf\u00edos. Dicho esto, <b>sin duda se le est\u00e1 enviando un mensaje a Maduro <\/b>al realizar entrenamientos de combate en su territorio\u00bb.<\/p>\n<p><b>Homar <\/b><b>Garc\u00e9s<\/b> sostuvo a <i><b>P\u00e1gina\/12<\/b><\/i>\u00a0que la situaci\u00f3n interna de Venezuela, \u00aba pesar de las dificultades econ\u00f3micas sufridas en los \u00faltimos a\u00f1os y de las actividades terroristas perpetradas por la oposici\u00f3n derechista\u00bb, no permite concluir en que sea posible que Washington pueda destituir a Maduro. Para el soci\u00f3logo de la Universidad del Zulia, el cambio ser\u00e1 factible mediante la celebraci\u00f3n de elecciones generales, aunque \u00ab<b>el liderazgo de Maduro tiende a fortalecerse gracias, precisamente, a los ataques y medidas emanados desde Washington<\/b>, lo que no encaja con el diagn\u00f3stico que desde Estados Unidos y los grupos opositores nacionales han hecho respecto a la realidad venezolana\u00bb.<\/p>\n<p><!-- Live Blog Post --><\/div>\n<p><script async src=\"\/\/platform.twitter.com\/widgets.js\" charset=\"utf-8\"><\/script><br \/><a href=\"https:\/\/www.pagina12.com.ar\/872594-ee-uu-ataca-otras-dos-presuntas-narcolanchas-y-deja-seis-mue\">source<\/a><\/p>\n","protected":false},"excerpt":{"rendered":"<p>Otras seis personas murieron en ataques de Estados Unidos contra presuntas lanchas de narcotraficantes en&#8230;<\/p>\n","protected":false},"author":0,"featured_media":201412,"comment_status":"open","ping_status":"open","sticky":false,"template":"","format":"standard","meta":{"footnotes":""},"categories":[60],"tags":[],"class_list":["post-201411","post","type-post","status-publish","format-standard","has-post-thumbnail","hentry","category-internacional"],"featured_image_urls":{"full":["https:\/\/radiofenix.com.ar\/2023\/wp-content\/uploads\/2025\/11\/wp-header-logo-63.png",960,540,false],"thumbnail":["https:\/\/radiofenix.com.ar\/2023\/wp-content\/uploads\/2025\/11\/wp-header-logo-63-150x150.png",150,150,true],"medium":["https:\/\/radiofenix.com.ar\/2023\/wp-content\/uploads\/2025\/11\/wp-header-logo-63-300x169.png",300,169,true],"medium_large":["https:\/\/radiofenix.com.ar\/2023\/wp-content\/uploads\/2025\/11\/wp-header-logo-63-768x432.png",640,360,true],"large":["https:\/\/radiofenix.com.ar\/2023\/wp-content\/uploads\/2025\/11\/wp-header-logo-63.png",640,360,false],"1536x1536":["https:\/\/radiofenix.com.ar\/2023\/wp-content\/uploads\/2025\/11\/wp-header-logo-63.png",960,540,false],"2048x2048":["https:\/\/radiofenix.com.ar\/2023\/wp-content\/uploads\/2025\/11\/wp-header-logo-63.png",960,540,false],"newsium-slider-full":["https:\/\/radiofenix.com.ar\/2023\/wp-content\/uploads\/2025\/11\/wp-header-logo-63.png",960,540,false],"newsium-featured":["https:\/\/radiofenix.com.ar\/2023\/wp-content\/uploads\/2025\/11\/wp-header-logo-63.png",960,540,false],"newsium-medium":["https:\/\/radiofenix.com.ar\/2023\/wp-content\/uploads\/2025\/11\/wp-header-logo-63-720x475.png",720,475,true]},"author_info":{"info":[""]},"category_info":"<a href=\"https:\/\/radiofenix.com.ar\/2023\/category\/internacional\/\" rel=\"category tag\">Internacional<\/a>","tag_info":"Internacional","comment_count":"0","_links":{"self":[{"href":"https:\/\/radiofenix.com.ar\/2023\/wp-json\/wp\/v2\/posts\/201411","targetHints":{"allow":["GET"]}}],"collection":[{"href":"https:\/\/radiofenix.com.ar\/2023\/wp-json\/wp\/v2\/posts"}],"about":[{"href":"https:\/\/radiofenix.com.ar\/2023\/wp-json\/wp\/v2\/types\/post"}],"replies":[{"embeddable":true,"href":"https:\/\/radiofenix.com.ar\/2023\/wp-json\/wp\/v2\/comments?post=201411"}],"version-history":[{"count":0,"href":"https:\/\/radiofenix.com.ar\/2023\/wp-json\/wp\/v2\/posts\/201411\/revisions"}],"wp:featuredmedia":[{"embeddable":true,"href":"https:\/\/radiofenix.com.ar\/2023\/wp-json\/wp\/v2\/media\/201412"}],"wp:attachment":[{"href":"https:\/\/radiofenix.com.ar\/2023\/wp-json\/wp\/v2\/media?parent=201411"}],"wp:term":[{"taxonomy":"category","embeddable":true,"href":"https:\/\/radiofenix.com.ar\/2023\/wp-json\/wp\/v2\/categories?post=201411"},{"taxonomy":"post_tag","embeddable":true,"href":"https:\/\/radiofenix.com.ar\/2023\/wp-json\/wp\/v2\/tags?post=201411"}],"curies":[{"name":"wp","href":"https:\/\/api.w.org\/{rel}","templated":true}]}}