{"id":202579,"date":"2025-11-21T08:57:11","date_gmt":"2025-11-21T08:57:11","guid":{"rendered":"https:\/\/radiofenix.com.ar\/2023\/no-pienso-en-la-reeleccion-revelo-un-javier-milei-sin-voz-por-los-platanos-y-a-la-miseria\/"},"modified":"2025-11-21T08:57:11","modified_gmt":"2025-11-21T08:57:11","slug":"no-pienso-en-la-reeleccion-revelo-un-javier-milei-sin-voz-por-los-platanos-y-a-la-miseria","status":"publish","type":"post","link":"https:\/\/radiofenix.com.ar\/2023\/no-pienso-en-la-reeleccion-revelo-un-javier-milei-sin-voz-por-los-platanos-y-a-la-miseria\/","title":{"rendered":"&quot;No pienso en la reelecci\u00f3n&quot;, revel\u00f3 un Javier Milei sin voz por los pl\u00e1tanos y &quot;a la miseria&quot;"},"content":{"rendered":"<div id=\"\">\n<p data-path-to-node=\"9\">Milei insisti\u00f3 en que el futuro depender\u00e1 del respaldo popular, e indic\u00f3: \u00abSi lo hace bien la gente acompa\u00f1ar\u00e1, sino elegir\u00e1n a otra persona\u00bb.<\/p>\n<p data-path-to-node=\"9\">En uno de los primeros momentos de la chala, el mandatario comenz\u00f3 a toser, por lo que se disculp\u00f3 con el entrevistador y explic\u00f3 que es \u00abal\u00e9rgico\u00bb a los \u00abpl\u00e1tanos\u00bb, por eso s<strong>e encuentra \u00aba la miseria\u00bb<\/strong>. En esta l\u00ednea, revel\u00f3: \u00abPara tratar de desenchufarme, sal\u00ed a caminar por la Quinta\u00bb.<\/p>\n<p data-path-to-node=\"11\">Milei tambi\u00e9n aprovech\u00f3 la entrevista para agradecer el respaldo social y legislativo, destacando que La Libertad Avanza (LLA) obtuvo <strong>\u00abm\u00e1s de la mitad m\u00e1s uno de las bancas\u00bb<\/strong> en las \u00faltimas elecciones, aunque aclar\u00f3 que eso \u00abno es un cheque en blanco\u00bb.<\/p>\n<p data-path-to-node=\"12\">Finalmente, destac\u00f3 la <strong>\u00abrelaci\u00f3n h\u00edperarmoniosa\u00bb<\/strong> que mantiene con sus ministros, a quienes describi\u00f3 como \u00abbrillantes\u00bb y \u00abseres extraordinarios\u00bb, y elogi\u00f3 el rol de su hermana, <strong>Karina Milei<\/strong>, quien \u00abdemostr\u00f3 tener una capacidad enorme, incluso en cuestiones pol\u00edticas\u00bb.<\/p>\n<div id=\"embed0_wrap\" class=\"embed_cont type_freetext\" rel=\"freetext\" contenteditable=\"false\">\n<p>Embed <span onclick=\"parent.parent.TinyMCETdcuerpo.preview_embed('embed0')\" class=\"embed_colapse less\" id=\"embed0_colapse\"\/>  <span onclick=\"parent.parent.TinyMCETdcuerpo.delete_embed('embed0')\" class=\"embed_delete less\" id=\"embed0_delete\"\/><\/p>\n<div id=\"embed0_content\" class=\"embed_content\">\n<div id=\"embed0_embed\">\n<figure class=\"figure\"><a href=\"https:\/\/t.me\/minutounocom\" target=\"_blank\"><img decoding=\"async\" src=\"https:\/\/media.minutouno.com\/adjuntos\/150\/banners\/039\/099\/0039099175.jpg\" class=\"figure-img img-fluid\" style=\"width:100%;height:auto;\"\/><\/a><\/figure>\n<\/p><\/div>\n<\/div><\/div>\n<\/p><\/div>\n<p><a href=\"https:\/\/www.minutouno.com\/politica\/no-pienso-la-reeleccion-revelo-un-javier-milei-voz-los-platanos-y-a-la-miseria-n6215873\">source<\/a><\/p>\n","protected":false},"excerpt":{"rendered":"<p>Milei insisti\u00f3 en que el futuro depender\u00e1 del respaldo popular, e indic\u00f3: \u00abSi lo hace&#8230;<\/p>\n","protected":false},"author":0,"featured_media":202580,"comment_status":"open","ping_status":"open","sticky":false,"template":"","format":"standard","meta":{"footnotes":""},"categories":[2],"tags":[],"class_list":["post-202579","post","type-post","status-publish","format-standard","has-post-thumbnail","hentry","category-politica"],"featured_image_urls":{"full":["https:\/\/radiofenix.com.ar\/2023\/wp-content\/uploads\/2025\/11\/wp-header-logo-75.png",730,100,false],"thumbnail":["https:\/\/radiofenix.com.ar\/2023\/wp-content\/uploads\/2025\/11\/wp-header-logo-75-150x100.png",150,100,true],"medium":["https:\/\/radiofenix.com.ar\/2023\/wp-content\/uploads\/2025\/11\/wp-header-logo-75-300x41.png",300,41,true],"medium_large":["https:\/\/radiofenix.com.ar\/2023\/wp-content\/uploads\/2025\/11\/wp-header-logo-75.png",640,88,false],"large":["https:\/\/radiofenix.com.ar\/2023\/wp-content\/uploads\/2025\/11\/wp-header-logo-75.png",640,88,false],"1536x1536":["https:\/\/radiofenix.com.ar\/2023\/wp-content\/uploads\/2025\/11\/wp-header-logo-75.png",730,100,false],"2048x2048":["https:\/\/radiofenix.com.ar\/2023\/wp-content\/uploads\/2025\/11\/wp-header-logo-75.png",730,100,false],"newsium-slider-full":["https:\/\/radiofenix.com.ar\/2023\/wp-content\/uploads\/2025\/11\/wp-header-logo-75.png",730,100,false],"newsium-featured":["https:\/\/radiofenix.com.ar\/2023\/wp-content\/uploads\/2025\/11\/wp-header-logo-75.png",730,100,false],"newsium-medium":["https:\/\/radiofenix.com.ar\/2023\/wp-content\/uploads\/2025\/11\/wp-header-logo-75-720x100.png",720,100,true]},"author_info":{"info":[""]},"category_info":"<a href=\"https:\/\/radiofenix.com.ar\/2023\/category\/politica\/\" rel=\"category tag\">Pol\u00edtica<\/a>","tag_info":"Pol\u00edtica","comment_count":"0","_links":{"self":[{"href":"https:\/\/radiofenix.com.ar\/2023\/wp-json\/wp\/v2\/posts\/202579","targetHints":{"allow":["GET"]}}],"collection":[{"href":"https:\/\/radiofenix.com.ar\/2023\/wp-json\/wp\/v2\/posts"}],"about":[{"href":"https:\/\/radiofenix.com.ar\/2023\/wp-json\/wp\/v2\/types\/post"}],"replies":[{"embeddable":true,"href":"https:\/\/radiofenix.com.ar\/2023\/wp-json\/wp\/v2\/comments?post=202579"}],"version-history":[{"count":0,"href":"https:\/\/radiofenix.com.ar\/2023\/wp-json\/wp\/v2\/posts\/202579\/revisions"}],"wp:featuredmedia":[{"embeddable":true,"href":"https:\/\/radiofenix.com.ar\/2023\/wp-json\/wp\/v2\/media\/202580"}],"wp:attachment":[{"href":"https:\/\/radiofenix.com.ar\/2023\/wp-json\/wp\/v2\/media?parent=202579"}],"wp:term":[{"taxonomy":"category","embeddable":true,"href":"https:\/\/radiofenix.com.ar\/2023\/wp-json\/wp\/v2\/categories?post=202579"},{"taxonomy":"post_tag","embeddable":true,"href":"https:\/\/radiofenix.com.ar\/2023\/wp-json\/wp\/v2\/tags?post=202579"}],"curies":[{"name":"wp","href":"https:\/\/api.w.org\/{rel}","templated":true}]}}