{"id":202895,"date":"2025-11-25T08:57:12","date_gmt":"2025-11-25T08:57:12","guid":{"rendered":"https:\/\/radiofenix.com.ar\/2023\/por-primera-vez-desde-la-recuperacion-de-la-democracia-un-militar-ocupa-el-ministerio-de-defensa\/"},"modified":"2025-11-25T08:57:12","modified_gmt":"2025-11-25T08:57:12","slug":"por-primera-vez-desde-la-recuperacion-de-la-democracia-un-militar-ocupa-el-ministerio-de-defensa","status":"publish","type":"post","link":"https:\/\/radiofenix.com.ar\/2023\/por-primera-vez-desde-la-recuperacion-de-la-democracia-un-militar-ocupa-el-ministerio-de-defensa\/","title":{"rendered":"Por primera vez desde la recuperaci\u00f3n de la democracia, un militar ocupa el Ministerio de Defensa"},"content":{"rendered":"<div id=\"note-body\">\n<p>\u201c<strong>Por primera vez desde el regreso de la democracia, una persona con intachable carrera militar que ha llegado al m\u00e1s alto rango en su escalaf\u00f3n estar\u00e1 al frente del Ministerio<\/strong> que est\u00e1 encargado de la defensa nacional y de las Fuerzas Armadas\u201d, <a href=\"https:\/\/www.minutouno.com\/politica\/asi-despidio-javier-milei-los-ministros-salientes-luis-petri-y-patricia-bullrich-n6216755\" target=\"_blank\" rel=\"follow\">indic\u00f3 Javier Milei mediante un comunicado de la Oficina del Presidente<\/a>.<\/p>\n<\/div>\n<p><a href=\"https:\/\/www.minutouno.com\/politica\/por-primera-vez-la-recuperacion-la-democracia-un-militar-ocupa-el-ministerio-defensa-n6216764\">source<\/a><\/p>\n","protected":false},"excerpt":{"rendered":"<p>\u201cPor primera vez desde el regreso de la democracia, una persona con intachable carrera militar&#8230;<\/p>\n","protected":false},"author":0,"featured_media":202896,"comment_status":"open","ping_status":"open","sticky":false,"template":"","format":"standard","meta":{"footnotes":""},"categories":[2],"tags":[],"class_list":["post-202895","post","type-post","status-publish","format-standard","has-post-thumbnail","hentry","category-politica"],"featured_image_urls":{"full":["https:\/\/radiofenix.com.ar\/2023\/wp-content\/uploads\/2025\/11\/wp-header-logo-79.png",1200,675,false],"thumbnail":["https:\/\/radiofenix.com.ar\/2023\/wp-content\/uploads\/2025\/11\/wp-header-logo-79-150x150.png",150,150,true],"medium":["https:\/\/radiofenix.com.ar\/2023\/wp-content\/uploads\/2025\/11\/wp-header-logo-79-300x169.png",300,169,true],"medium_large":["https:\/\/radiofenix.com.ar\/2023\/wp-content\/uploads\/2025\/11\/wp-header-logo-79-768x432.png",640,360,true],"large":["https:\/\/radiofenix.com.ar\/2023\/wp-content\/uploads\/2025\/11\/wp-header-logo-79-1024x576.png",640,360,true],"1536x1536":["https:\/\/radiofenix.com.ar\/2023\/wp-content\/uploads\/2025\/11\/wp-header-logo-79.png",1200,675,false],"2048x2048":["https:\/\/radiofenix.com.ar\/2023\/wp-content\/uploads\/2025\/11\/wp-header-logo-79.png",1200,675,false],"newsium-slider-full":["https:\/\/radiofenix.com.ar\/2023\/wp-content\/uploads\/2025\/11\/wp-header-logo-79.png",1200,675,false],"newsium-featured":["https:\/\/radiofenix.com.ar\/2023\/wp-content\/uploads\/2025\/11\/wp-header-logo-79-1024x576.png",1024,576,true],"newsium-medium":["https:\/\/radiofenix.com.ar\/2023\/wp-content\/uploads\/2025\/11\/wp-header-logo-79-720x475.png",720,475,true]},"author_info":{"info":[""]},"category_info":"<a href=\"https:\/\/radiofenix.com.ar\/2023\/category\/politica\/\" rel=\"category tag\">Pol\u00edtica<\/a>","tag_info":"Pol\u00edtica","comment_count":"0","_links":{"self":[{"href":"https:\/\/radiofenix.com.ar\/2023\/wp-json\/wp\/v2\/posts\/202895","targetHints":{"allow":["GET"]}}],"collection":[{"href":"https:\/\/radiofenix.com.ar\/2023\/wp-json\/wp\/v2\/posts"}],"about":[{"href":"https:\/\/radiofenix.com.ar\/2023\/wp-json\/wp\/v2\/types\/post"}],"replies":[{"embeddable":true,"href":"https:\/\/radiofenix.com.ar\/2023\/wp-json\/wp\/v2\/comments?post=202895"}],"version-history":[{"count":0,"href":"https:\/\/radiofenix.com.ar\/2023\/wp-json\/wp\/v2\/posts\/202895\/revisions"}],"wp:featuredmedia":[{"embeddable":true,"href":"https:\/\/radiofenix.com.ar\/2023\/wp-json\/wp\/v2\/media\/202896"}],"wp:attachment":[{"href":"https:\/\/radiofenix.com.ar\/2023\/wp-json\/wp\/v2\/media?parent=202895"}],"wp:term":[{"taxonomy":"category","embeddable":true,"href":"https:\/\/radiofenix.com.ar\/2023\/wp-json\/wp\/v2\/categories?post=202895"},{"taxonomy":"post_tag","embeddable":true,"href":"https:\/\/radiofenix.com.ar\/2023\/wp-json\/wp\/v2\/tags?post=202895"}],"curies":[{"name":"wp","href":"https:\/\/api.w.org\/{rel}","templated":true}]}}