{"id":203211,"date":"2025-11-29T08:57:11","date_gmt":"2025-11-29T08:57:11","guid":{"rendered":"https:\/\/radiofenix.com.ar\/2023\/victoria-villarruel-y-karina-milei-volvieron-a-cruzarse-por-un-palco-en-el-senado-que-paso\/"},"modified":"2025-11-29T08:57:11","modified_gmt":"2025-11-29T08:57:11","slug":"victoria-villarruel-y-karina-milei-volvieron-a-cruzarse-por-un-palco-en-el-senado-que-paso","status":"publish","type":"post","link":"https:\/\/radiofenix.com.ar\/2023\/victoria-villarruel-y-karina-milei-volvieron-a-cruzarse-por-un-palco-en-el-senado-que-paso\/","title":{"rendered":"Victoria Villarruel y Karina Milei volvieron a cruzarse por un palco en el Senado: qu\u00e9 pas\u00f3"},"content":{"rendered":"<div id=\"\">\n<p>El problema, seg\u00fan trascendi\u00f3, se gener\u00f3 a partir de la incomunicaci\u00f3n persistente y definitiva entre los Milei y la compa\u00f1era de f\u00f3rmula del Presidente: desde el entorno de Villarruel <strong>se asegura que nunca se le pidi\u00f3 desde Casa Rosada un lugar para la ceremonia que tuvo lugar este viernes en la c\u00e1mara alta<\/strong>.<\/p>\n<p>Solo la propia <a href=\"https:\/\/www.minutouno.com\/politica\/un-encuentro-clave-el-senado-victoria-villarruel-y-patricia-bullrich-sellaron-un-acuerdo-politico-n6214024\" target=\"_blank\" rel=\"follow\">Bullrich le hizo la solicitud informalmente cuando se reunieron hace dos semanas<\/a>, <strong>lo que Villarruel consider\u00f3 \u201cuna falta de respeto\u201d teniendo en cuenta que el pedido deb\u00eda hacerse por medios institucionales<\/strong>. Algo que no habr\u00eda ocurrido.<\/p>\n<p>De modo que <strong>el cruce entre Karina Milei y la titular del Senado, aunque velado, casi silencioso pero intenso, volvi\u00f3 a ocurrir y promete reproducirse en el futuro<\/strong>. Todav\u00eda m\u00e1s con la dura exministra de Defensa como parte del cuerpo legislativo.<\/p>\n<\/div>\n<p><a href=\"https:\/\/www.minutouno.com\/politica\/victoria-villarruel-y-karina-milei-volvieron-cruzarse-un-palco-el-senado-que-paso-n6218972\">source<\/a><\/p>\n","protected":false},"excerpt":{"rendered":"<p>El problema, seg\u00fan trascendi\u00f3, se gener\u00f3 a partir de la incomunicaci\u00f3n persistente y definitiva entre&#8230;<\/p>\n","protected":false},"author":0,"featured_media":203212,"comment_status":"open","ping_status":"open","sticky":false,"template":"","format":"standard","meta":{"footnotes":""},"categories":[2],"tags":[],"class_list":["post-203211","post","type-post","status-publish","format-standard","has-post-thumbnail","hentry","category-politica"],"featured_image_urls":{"full":["https:\/\/radiofenix.com.ar\/2023\/wp-content\/uploads\/2025\/11\/wp-header-logo-83.png",1200,675,false],"thumbnail":["https:\/\/radiofenix.com.ar\/2023\/wp-content\/uploads\/2025\/11\/wp-header-logo-83-150x150.png",150,150,true],"medium":["https:\/\/radiofenix.com.ar\/2023\/wp-content\/uploads\/2025\/11\/wp-header-logo-83-300x169.png",300,169,true],"medium_large":["https:\/\/radiofenix.com.ar\/2023\/wp-content\/uploads\/2025\/11\/wp-header-logo-83-768x432.png",640,360,true],"large":["https:\/\/radiofenix.com.ar\/2023\/wp-content\/uploads\/2025\/11\/wp-header-logo-83-1024x576.png",640,360,true],"1536x1536":["https:\/\/radiofenix.com.ar\/2023\/wp-content\/uploads\/2025\/11\/wp-header-logo-83.png",1200,675,false],"2048x2048":["https:\/\/radiofenix.com.ar\/2023\/wp-content\/uploads\/2025\/11\/wp-header-logo-83.png",1200,675,false],"newsium-slider-full":["https:\/\/radiofenix.com.ar\/2023\/wp-content\/uploads\/2025\/11\/wp-header-logo-83.png",1200,675,false],"newsium-featured":["https:\/\/radiofenix.com.ar\/2023\/wp-content\/uploads\/2025\/11\/wp-header-logo-83-1024x576.png",1024,576,true],"newsium-medium":["https:\/\/radiofenix.com.ar\/2023\/wp-content\/uploads\/2025\/11\/wp-header-logo-83-720x475.png",720,475,true]},"author_info":{"info":[""]},"category_info":"<a href=\"https:\/\/radiofenix.com.ar\/2023\/category\/politica\/\" rel=\"category tag\">Pol\u00edtica<\/a>","tag_info":"Pol\u00edtica","comment_count":"0","_links":{"self":[{"href":"https:\/\/radiofenix.com.ar\/2023\/wp-json\/wp\/v2\/posts\/203211","targetHints":{"allow":["GET"]}}],"collection":[{"href":"https:\/\/radiofenix.com.ar\/2023\/wp-json\/wp\/v2\/posts"}],"about":[{"href":"https:\/\/radiofenix.com.ar\/2023\/wp-json\/wp\/v2\/types\/post"}],"replies":[{"embeddable":true,"href":"https:\/\/radiofenix.com.ar\/2023\/wp-json\/wp\/v2\/comments?post=203211"}],"version-history":[{"count":0,"href":"https:\/\/radiofenix.com.ar\/2023\/wp-json\/wp\/v2\/posts\/203211\/revisions"}],"wp:featuredmedia":[{"embeddable":true,"href":"https:\/\/radiofenix.com.ar\/2023\/wp-json\/wp\/v2\/media\/203212"}],"wp:attachment":[{"href":"https:\/\/radiofenix.com.ar\/2023\/wp-json\/wp\/v2\/media?parent=203211"}],"wp:term":[{"taxonomy":"category","embeddable":true,"href":"https:\/\/radiofenix.com.ar\/2023\/wp-json\/wp\/v2\/categories?post=203211"},{"taxonomy":"post_tag","embeddable":true,"href":"https:\/\/radiofenix.com.ar\/2023\/wp-json\/wp\/v2\/tags?post=203211"}],"curies":[{"name":"wp","href":"https:\/\/api.w.org\/{rel}","templated":true}]}}