{"id":203367,"date":"2025-12-01T08:57:11","date_gmt":"2025-12-01T08:57:11","guid":{"rendered":"https:\/\/radiofenix.com.ar\/2023\/congreso-de-lla-karina-milei-reune-a-la-tropa-libertaria-en-mar-del-plata\/"},"modified":"2025-12-01T08:57:11","modified_gmt":"2025-12-01T08:57:11","slug":"congreso-de-lla-karina-milei-reune-a-la-tropa-libertaria-en-mar-del-plata","status":"publish","type":"post","link":"https:\/\/radiofenix.com.ar\/2023\/congreso-de-lla-karina-milei-reune-a-la-tropa-libertaria-en-mar-del-plata\/","title":{"rendered":"Congreso de LLA: Karina Milei re\u00fane a la tropa libertaria en Mar del Plata"},"content":{"rendered":"<div id=\"note-body\">\n<p>Karina Milei tiene en mente una nueva \u201cmadre de todas las batallas\u201d, como la que entabl\u00f3 y gan\u00f3 al PRO al borrarlo del mapa pol\u00edtico de la Argentina, incluso del distrito donde el macrismo naci\u00f3: la Ciudad de Buenos Aires. <strong>Ahora pretende hacer lo mismo con el principal opositor a la gesti\u00f3n libertaria: Axel Kicillof<\/strong>.<\/p>\n<\/div>\n<p><a href=\"https:\/\/www.minutouno.com\/politica\/congreso-lla-karina-milei-reune-la-tropa-libertaria-mar-del-plata-n6219147\">source<\/a><\/p>\n","protected":false},"excerpt":{"rendered":"<p>Karina Milei tiene en mente una nueva \u201cmadre de todas las batallas\u201d, como la que&#8230;<\/p>\n","protected":false},"author":0,"featured_media":203368,"comment_status":"open","ping_status":"open","sticky":false,"template":"","format":"standard","meta":{"footnotes":""},"categories":[2],"tags":[],"class_list":["post-203367","post","type-post","status-publish","format-standard","has-post-thumbnail","hentry","category-politica"],"featured_image_urls":{"full":["https:\/\/radiofenix.com.ar\/2023\/wp-content\/uploads\/2025\/12\/wp-header-logo.png",1200,675,false],"thumbnail":["https:\/\/radiofenix.com.ar\/2023\/wp-content\/uploads\/2025\/12\/wp-header-logo-150x150.png",150,150,true],"medium":["https:\/\/radiofenix.com.ar\/2023\/wp-content\/uploads\/2025\/12\/wp-header-logo-300x169.png",300,169,true],"medium_large":["https:\/\/radiofenix.com.ar\/2023\/wp-content\/uploads\/2025\/12\/wp-header-logo-768x432.png",640,360,true],"large":["https:\/\/radiofenix.com.ar\/2023\/wp-content\/uploads\/2025\/12\/wp-header-logo-1024x576.png",640,360,true],"1536x1536":["https:\/\/radiofenix.com.ar\/2023\/wp-content\/uploads\/2025\/12\/wp-header-logo.png",1200,675,false],"2048x2048":["https:\/\/radiofenix.com.ar\/2023\/wp-content\/uploads\/2025\/12\/wp-header-logo.png",1200,675,false],"newsium-slider-full":["https:\/\/radiofenix.com.ar\/2023\/wp-content\/uploads\/2025\/12\/wp-header-logo.png",1200,675,false],"newsium-featured":["https:\/\/radiofenix.com.ar\/2023\/wp-content\/uploads\/2025\/12\/wp-header-logo-1024x576.png",1024,576,true],"newsium-medium":["https:\/\/radiofenix.com.ar\/2023\/wp-content\/uploads\/2025\/12\/wp-header-logo-720x475.png",720,475,true]},"author_info":{"info":[""]},"category_info":"<a href=\"https:\/\/radiofenix.com.ar\/2023\/category\/politica\/\" rel=\"category tag\">Pol\u00edtica<\/a>","tag_info":"Pol\u00edtica","comment_count":"0","_links":{"self":[{"href":"https:\/\/radiofenix.com.ar\/2023\/wp-json\/wp\/v2\/posts\/203367","targetHints":{"allow":["GET"]}}],"collection":[{"href":"https:\/\/radiofenix.com.ar\/2023\/wp-json\/wp\/v2\/posts"}],"about":[{"href":"https:\/\/radiofenix.com.ar\/2023\/wp-json\/wp\/v2\/types\/post"}],"replies":[{"embeddable":true,"href":"https:\/\/radiofenix.com.ar\/2023\/wp-json\/wp\/v2\/comments?post=203367"}],"version-history":[{"count":0,"href":"https:\/\/radiofenix.com.ar\/2023\/wp-json\/wp\/v2\/posts\/203367\/revisions"}],"wp:featuredmedia":[{"embeddable":true,"href":"https:\/\/radiofenix.com.ar\/2023\/wp-json\/wp\/v2\/media\/203368"}],"wp:attachment":[{"href":"https:\/\/radiofenix.com.ar\/2023\/wp-json\/wp\/v2\/media?parent=203367"}],"wp:term":[{"taxonomy":"category","embeddable":true,"href":"https:\/\/radiofenix.com.ar\/2023\/wp-json\/wp\/v2\/categories?post=203367"},{"taxonomy":"post_tag","embeddable":true,"href":"https:\/\/radiofenix.com.ar\/2023\/wp-json\/wp\/v2\/tags?post=203367"}],"curies":[{"name":"wp","href":"https:\/\/api.w.org\/{rel}","templated":true}]}}