{"id":203445,"date":"2025-12-02T08:57:11","date_gmt":"2025-12-02T08:57:11","guid":{"rendered":"https:\/\/radiofenix.com.ar\/2023\/la-onu-intimo-a-la-argentina-por-detenciones-arbitrarias-torturas-y-represion-de-protestas\/"},"modified":"2025-12-02T08:57:11","modified_gmt":"2025-12-02T08:57:11","slug":"la-onu-intimo-a-la-argentina-por-detenciones-arbitrarias-torturas-y-represion-de-protestas","status":"publish","type":"post","link":"https:\/\/radiofenix.com.ar\/2023\/la-onu-intimo-a-la-argentina-por-detenciones-arbitrarias-torturas-y-represion-de-protestas\/","title":{"rendered":"La ONU intim\u00f3 a la Argentina por detenciones arbitrarias, torturas y represi\u00f3n de protestas"},"content":{"rendered":"<div id=\"\">\n<h2>La Argentina de Milei se opuso a una resoluci\u00f3n contra la tortura<\/h2>\n<figure id=\"8159248-Libre-627312006_wrap\" class=\"embed_cont type_imagen\" contenteditable=\"false\">\n<p>asamblea comit\u00e9 contra la tortura <span onclick=\"parent.parent.TinyMCETdcuerpo.preview_embed('8159248-Libre-627312006')\" class=\"embed_colapse less\" id=\"8159248-Libre-627312006_colapse\"\/>  <span onclick=\"parent.parent.TinyMCETdcuerpo.delete_embed('8159248-Libre-627312006')\" class=\"embed_delete less\" id=\"8159248-Libre-627312006_delete\"\/><\/p>\n<div id=\"8159248-Libre-627312006_content\" class=\"embed_content\"><img loading=\"lazy\" decoding=\"async\" src=\"https:\/\/media.minutouno.com\/p\/4deece574e8e985d0ebb2db15801d8ec\/adjuntos\/150\/imagenes\/042\/989\/0042989543\/610x0\/smart\/asamblea-comite-contra-la-tortura.jpeg\" alt=\"\" title=\"\" width=\"610\" height=\"342\" id=\"8159248-Libre-627312006_embed\"\/><\/div><figcaption class=\"embed_wrapper-cont\">   <\/figcaption><\/figure>\n<p>En la 51\u00aa sesi\u00f3n plenaria de la Tercera Comisi\u00f3n de la Asamblea General de la ONU <strong>la Argentina vot\u00f3 en contra de la resoluci\u00f3n \u201cLa tortura y otros tratos o penas crueles, inhumanos o degradantes\u201d, junto con Estados Unidos e Israel<\/strong>.<\/p>\n<p>Un total de 169 naciones respaldaron la resoluci\u00f3n, evidenciando un amplio consenso internacional, mientras que la <strong>postura del gobierno de Javier Milei \u201crepresenta un fuerte retroceso respecto de su tradicional compromiso en la materia\u201d<\/strong>, a\u00f1ade el informe.<\/p>\n<p>Esa resoluci\u00f3n reafirma el <strong>compromiso internacional para erradicar la tortura y los malos tratos, e insta a los Estados a implementar medidas en el uso de la fuerza por funcionarios encargados de hacer cumplir la ley<\/strong> y en lugares de detenci\u00f3n.<\/p>\n<p>Tambi\u00e9n recuerda que el <strong>uso il\u00edcito o excesivo de la fuerza en manifestaciones pac\u00edficas puede constituir tortura o malos tratos, y urge a incorporar un enfoque de g\u00e9nero<\/strong>, con especial atenci\u00f3n a la violencia sexual y de g\u00e9nero.<\/p>\n<h2>Principales temas se\u00f1alados por el CAT<\/h2>\n<h3>Reconocimiento del rol del CNPT<\/h3>\n<p>Destac\u00f3 como aspecto positivo la constituci\u00f3n del CNPT en 2017, en su rol de \u00f3rgano rector del Sistema Nacional de Prevenci\u00f3n de la Tortura y Otros Tratos o Penas Crueles, Inhumanos o Degradantes, as\u00ed como la creaci\u00f3n de 15 Mecanismos Locales de Prevenci\u00f3n en distintas provincias.<\/p>\n<h3>Detenci\u00f3n prolongada en comisar\u00edas<\/h3>\n<p>Manifest\u00f3 preocupaci\u00f3n por el uso de comisar\u00edas para alojamientos prolongados, recordando que no est\u00e1n dise\u00f1adas para ese fin. Recomend\u00f3 que la Argentina cese esta pr\u00e1ctica y adopte mecanismos para garantizar su prohibici\u00f3n.<\/p>\n<h3>Uso de la fuerza y normativa vigente<\/h3>\n<p>El Comit\u00e9 expres\u00f3 inquietud por diversas resoluciones del Ministerio de Seguridad sobre uso de la fuerza, armas menos letales y el \u201cProtocolo Antipiquetes\u201d. Solicit\u00f3 su revisi\u00f3n para adecuarlas a est\u00e1ndares internacionales, incorporando los criterios de necesidad, proporcionalidad, precauci\u00f3n y rendici\u00f3n de cuentas.<\/p>\n<h3>Actuaci\u00f3n de fuerzas de seguridad en protestas sociales<\/h3>\n<p>Se\u00f1al\u00f3 la falta de informaci\u00f3n sobre avances en investigaciones por denuncias de abusos durante operativos de seguridad en manifestaciones, incluyendo lesiones graves por uso indiscriminado de balas de goma, gases lacrim\u00f3genos y camiones hidrantes, as\u00ed como detenciones arbitrarias. Mencion\u00f3 episodios tanto en la Ciudad de Buenos Aires como en la represi\u00f3n a comunidades ind\u00edgenas en Jujuy en 2023.<\/p>\n<h3>Reg\u00edmenes de Alto Perfil y Alto Riesgo<\/h3>\n<p>El CAT manifest\u00f3 preocupaci\u00f3n por las condiciones de vida severas en estos reg\u00edmenes, en particular por aislamientos superiores a 20 horas diarias y restricciones de visitas familiares. Exhort\u00f3 al Estado a adecuarlos a los est\u00e1ndares internacionales.<\/p>\n<h3>Registro Nacional de Casos de Tortura<\/h3>\n<p>El Comit\u00e9 valor\u00f3 el trabajo del CNPT en la recopilaci\u00f3n de informaci\u00f3n a trav\u00e9s del Registro Nacional de Casos de Tortura y Otros Tratos o Penas Crueles, Inhumanos o Degradantes y sostuvo que el Estado debe establecer mecanismos para proveer informaci\u00f3n completa, especialmente sobre denuncias, investigaciones, procesamientos, condenas y reparaciones.<\/p>\n<h3>Hechos de violencia institucional en el penal de Pi\u00f1ero (Santa Fe)<\/h3>\n<p>El CAT manifest\u00f3 inquietud por la informaci\u00f3n sobre torturas y malos tratos, en particular los hechos del 2 de marzo de 2024 en el penal de Pi\u00f1ero. Recomend\u00f3 garantizar investigaciones prontas, imparciales y eficaces, y que se juzgue y sancione adecuadamente a las personas responsables.<\/p>\n<h3>Requisas corporales invasivas a familiares<\/h3>\n<p>Expres\u00f3 alarma por la realizaci\u00f3n de requisas invasivas, especialmente a mujeres, ni\u00f1os y ni\u00f1as. Inst\u00f3 a que estos procedimientos solo se practiquen cuando sean absolutamente necesarios y existan indicio de infracci\u00f3n, cumplan con los principios de necesidad y proporcionalidad, y se desarrollen en condiciones que respeten la dignidad.<\/p>\n<h3>Justicia penal juvenil<\/h3>\n<p>El Comit\u00e9 solicit\u00f3 al Estado que ponga fin a la detenci\u00f3n de ni\u00f1as, ni\u00f1os y adolescentes en comisar\u00edas, que no reduzca la edad m\u00ednima de responsabilidad penal, y que la privaci\u00f3n de libertad sea una medida excepcional, de duraci\u00f3n m\u00ednima, aplicada en espacios separados de personas adultas y privilegiando siempre alternativas a la detenci\u00f3n.<\/p>\n<div id=\"embed44_wrap\" class=\"embed_cont type_freetext\" rel=\"freetext\" contenteditable=\"false\">\n<p> Embed <span onclick=\"parent.parent.TinyMCETdcuerpo.preview_embed('embed44')\" class=\"embed_colapse less\" id=\"embed44_colapse\"\/>  <span onclick=\"parent.parent.TinyMCETdcuerpo.delete_embed('embed44')\" class=\"embed_delete less\" id=\"embed44_delete\"\/><\/p>\n<div id=\"embed44_content\" class=\"embed_content\">\n<div id=\"embed44_embed\">\n<figure class=\"figure\"><a href=\"https:\/\/t.me\/minutounocom\" target=\"_blank\"><img decoding=\"async\" src=\"https:\/\/media.minutouno.com\/adjuntos\/150\/banners\/039\/099\/0039099175.jpg\" class=\"figure-img img-fluid\" style=\"width:100%;height:auto;\"\/><\/a><\/figure>\n<\/p><\/div>\n<\/div><\/div>\n<\/p><\/div>\n<p><a href=\"https:\/\/www.minutouno.com\/politica\/la-onu-intimo-la-argentina-detenciones-arbitrarias-torturas-y-represion-protestas-n6219140\">source<\/a><\/p>\n","protected":false},"excerpt":{"rendered":"<p>La Argentina de Milei se opuso a una resoluci\u00f3n contra la tortura asamblea comit\u00e9 contra&#8230;<\/p>\n","protected":false},"author":0,"featured_media":203446,"comment_status":"open","ping_status":"open","sticky":false,"template":"","format":"standard","meta":{"footnotes":""},"categories":[2],"tags":[],"class_list":["post-203445","post","type-post","status-publish","format-standard","has-post-thumbnail","hentry","category-politica"],"featured_image_urls":{"full":["https:\/\/radiofenix.com.ar\/2023\/wp-content\/uploads\/2025\/12\/wp-header-logo-1.png",610,342,false],"thumbnail":["https:\/\/radiofenix.com.ar\/2023\/wp-content\/uploads\/2025\/12\/wp-header-logo-1-150x150.png",150,150,true],"medium":["https:\/\/radiofenix.com.ar\/2023\/wp-content\/uploads\/2025\/12\/wp-header-logo-1-300x168.png",300,168,true],"medium_large":["https:\/\/radiofenix.com.ar\/2023\/wp-content\/uploads\/2025\/12\/wp-header-logo-1.png",610,342,false],"large":["https:\/\/radiofenix.com.ar\/2023\/wp-content\/uploads\/2025\/12\/wp-header-logo-1.png",610,342,false],"1536x1536":["https:\/\/radiofenix.com.ar\/2023\/wp-content\/uploads\/2025\/12\/wp-header-logo-1.png",610,342,false],"2048x2048":["https:\/\/radiofenix.com.ar\/2023\/wp-content\/uploads\/2025\/12\/wp-header-logo-1.png",610,342,false],"newsium-slider-full":["https:\/\/radiofenix.com.ar\/2023\/wp-content\/uploads\/2025\/12\/wp-header-logo-1.png",610,342,false],"newsium-featured":["https:\/\/radiofenix.com.ar\/2023\/wp-content\/uploads\/2025\/12\/wp-header-logo-1.png",610,342,false],"newsium-medium":["https:\/\/radiofenix.com.ar\/2023\/wp-content\/uploads\/2025\/12\/wp-header-logo-1.png",610,342,false]},"author_info":{"info":[""]},"category_info":"<a href=\"https:\/\/radiofenix.com.ar\/2023\/category\/politica\/\" rel=\"category tag\">Pol\u00edtica<\/a>","tag_info":"Pol\u00edtica","comment_count":"0","_links":{"self":[{"href":"https:\/\/radiofenix.com.ar\/2023\/wp-json\/wp\/v2\/posts\/203445","targetHints":{"allow":["GET"]}}],"collection":[{"href":"https:\/\/radiofenix.com.ar\/2023\/wp-json\/wp\/v2\/posts"}],"about":[{"href":"https:\/\/radiofenix.com.ar\/2023\/wp-json\/wp\/v2\/types\/post"}],"replies":[{"embeddable":true,"href":"https:\/\/radiofenix.com.ar\/2023\/wp-json\/wp\/v2\/comments?post=203445"}],"version-history":[{"count":0,"href":"https:\/\/radiofenix.com.ar\/2023\/wp-json\/wp\/v2\/posts\/203445\/revisions"}],"wp:featuredmedia":[{"embeddable":true,"href":"https:\/\/radiofenix.com.ar\/2023\/wp-json\/wp\/v2\/media\/203446"}],"wp:attachment":[{"href":"https:\/\/radiofenix.com.ar\/2023\/wp-json\/wp\/v2\/media?parent=203445"}],"wp:term":[{"taxonomy":"category","embeddable":true,"href":"https:\/\/radiofenix.com.ar\/2023\/wp-json\/wp\/v2\/categories?post=203445"},{"taxonomy":"post_tag","embeddable":true,"href":"https:\/\/radiofenix.com.ar\/2023\/wp-json\/wp\/v2\/tags?post=203445"}],"curies":[{"name":"wp","href":"https:\/\/api.w.org\/{rel}","templated":true}]}}