{"id":204638,"date":"2025-12-09T08:57:10","date_gmt":"2025-12-09T08:57:10","guid":{"rendered":"https:\/\/radiofenix.com.ar\/2023\/el-curioso-ploteo-que-hicieron-a-un-avion-f-16-en-honor-a-javier-milei\/"},"modified":"2025-12-09T08:57:10","modified_gmt":"2025-12-09T08:57:10","slug":"el-curioso-ploteo-que-hicieron-a-un-avion-f-16-en-honor-a-javier-milei","status":"publish","type":"post","link":"https:\/\/radiofenix.com.ar\/2023\/el-curioso-ploteo-que-hicieron-a-un-avion-f-16-en-honor-a-javier-milei\/","title":{"rendered":"El curioso ploteo que hicieron a un avi\u00f3n F-16 &quot;en honor&quot; a Javier Milei"},"content":{"rendered":"<div id=\"\">\n<p>De hecho, el mandatario <strong>eligi\u00f3 ese aparato para ascender e instalarse brevemente en la cabina del piloto, mientras era observado risue\u00f1amente por su hermana Karina<\/strong>, a la saz\u00f3n secretaria general de Presidencia, y por el ministro de Defensa saliente, Luis Petri.<\/p>\n<p>Pintar o <strong>pegar im\u00e1genes de animales en los aviones forma parte de una tradici\u00f3n de las fuerzas a\u00e9reas de todo el mundo<\/strong> como un modo de identificar simb\u00f3licamente a cada una de sus naves.<\/p>\n<p>Durante la Guerra de Malvinas, por ejemplo,<strong> los A4 del Grupo 5 de Caza llevaban la figura del halc\u00f3n en la parte delantera, emblema que tambi\u00e9n tienen los F-16 en su parte trasera<\/strong>.<\/p>\n<p>No obstante, las mismas fuentes indicaron que<strong> la imagen del le\u00f3n pegada a uno de los aviones de combate ser\u00e1 quitada en las pr\u00f3ximas horas<\/strong> ya que solo sirvi\u00f3 para \u201chonrar\u201d a Milei en el acto formal que se desarroll\u00f3 en R\u00edo Cuarto.<\/p>\n<figure id=\"8162062-Libre-654748087_wrap\" class=\"embed_cont type_imagen\" contenteditable=\"false\">\n<p>image <span onclick=\"parent.parent.TinyMCETdcuerpo.preview_embed('8162062-Libre-654748087')\" class=\"embed_colapse less\" id=\"8162062-Libre-654748087_colapse\"\/>  <span onclick=\"parent.parent.TinyMCETdcuerpo.delete_embed('8162062-Libre-654748087')\" class=\"embed_delete less\" id=\"8162062-Libre-654748087_delete\"\/><\/p>\n<div id=\"8162062-Libre-654748087_content\" class=\"embed_content\"><img loading=\"lazy\" decoding=\"async\" src=\"https:\/\/media.minutouno.com\/p\/7f5e617ae5f35eaf28774b0c577aad47\/adjuntos\/150\/imagenes\/043\/009\/0043009279\/610x0\/smart\/image.png\" alt=\"\" title=\"\" width=\"610\" height=\"343\" id=\"8162062-Libre-654748087_embed\"\/><\/div><figcaption class=\"embed_wrapper-cont\">   <\/figcaption><\/figure>\n<\/p><\/div>\n<p><a href=\"https:\/\/www.minutouno.com\/politica\/el-curioso-ploteo-que-hicieron-un-avion-f-16-en-honor-javier-milei-n6221600\">source<\/a><\/p>\n","protected":false},"excerpt":{"rendered":"<p>De hecho, el mandatario eligi\u00f3 ese aparato para ascender e instalarse brevemente en la cabina&#8230;<\/p>\n","protected":false},"author":0,"featured_media":204639,"comment_status":"open","ping_status":"open","sticky":false,"template":"","format":"standard","meta":{"footnotes":""},"categories":[2],"tags":[],"class_list":["post-204638","post","type-post","status-publish","format-standard","has-post-thumbnail","hentry","category-politica"],"featured_image_urls":{"full":["https:\/\/radiofenix.com.ar\/2023\/wp-content\/uploads\/2025\/12\/wp-header-logo-7.png",610,343,false],"thumbnail":["https:\/\/radiofenix.com.ar\/2023\/wp-content\/uploads\/2025\/12\/wp-header-logo-7-150x150.png",150,150,true],"medium":["https:\/\/radiofenix.com.ar\/2023\/wp-content\/uploads\/2025\/12\/wp-header-logo-7-300x169.png",300,169,true],"medium_large":["https:\/\/radiofenix.com.ar\/2023\/wp-content\/uploads\/2025\/12\/wp-header-logo-7.png",610,343,false],"large":["https:\/\/radiofenix.com.ar\/2023\/wp-content\/uploads\/2025\/12\/wp-header-logo-7.png",610,343,false],"1536x1536":["https:\/\/radiofenix.com.ar\/2023\/wp-content\/uploads\/2025\/12\/wp-header-logo-7.png",610,343,false],"2048x2048":["https:\/\/radiofenix.com.ar\/2023\/wp-content\/uploads\/2025\/12\/wp-header-logo-7.png",610,343,false],"newsium-slider-full":["https:\/\/radiofenix.com.ar\/2023\/wp-content\/uploads\/2025\/12\/wp-header-logo-7.png",610,343,false],"newsium-featured":["https:\/\/radiofenix.com.ar\/2023\/wp-content\/uploads\/2025\/12\/wp-header-logo-7.png",610,343,false],"newsium-medium":["https:\/\/radiofenix.com.ar\/2023\/wp-content\/uploads\/2025\/12\/wp-header-logo-7.png",610,343,false]},"author_info":{"info":[""]},"category_info":"<a href=\"https:\/\/radiofenix.com.ar\/2023\/category\/politica\/\" rel=\"category tag\">Pol\u00edtica<\/a>","tag_info":"Pol\u00edtica","comment_count":"0","_links":{"self":[{"href":"https:\/\/radiofenix.com.ar\/2023\/wp-json\/wp\/v2\/posts\/204638","targetHints":{"allow":["GET"]}}],"collection":[{"href":"https:\/\/radiofenix.com.ar\/2023\/wp-json\/wp\/v2\/posts"}],"about":[{"href":"https:\/\/radiofenix.com.ar\/2023\/wp-json\/wp\/v2\/types\/post"}],"replies":[{"embeddable":true,"href":"https:\/\/radiofenix.com.ar\/2023\/wp-json\/wp\/v2\/comments?post=204638"}],"version-history":[{"count":0,"href":"https:\/\/radiofenix.com.ar\/2023\/wp-json\/wp\/v2\/posts\/204638\/revisions"}],"wp:featuredmedia":[{"embeddable":true,"href":"https:\/\/radiofenix.com.ar\/2023\/wp-json\/wp\/v2\/media\/204639"}],"wp:attachment":[{"href":"https:\/\/radiofenix.com.ar\/2023\/wp-json\/wp\/v2\/media?parent=204638"}],"wp:term":[{"taxonomy":"category","embeddable":true,"href":"https:\/\/radiofenix.com.ar\/2023\/wp-json\/wp\/v2\/categories?post=204638"},{"taxonomy":"post_tag","embeddable":true,"href":"https:\/\/radiofenix.com.ar\/2023\/wp-json\/wp\/v2\/tags?post=204638"}],"curies":[{"name":"wp","href":"https:\/\/api.w.org\/{rel}","templated":true}]}}