{"id":204716,"date":"2025-12-10T08:57:44","date_gmt":"2025-12-10T08:57:44","guid":{"rendered":"https:\/\/radiofenix.com.ar\/2023\/por-que-bartolome-abdala-es-el-actual-presidente-de-la-nacion\/"},"modified":"2025-12-10T08:57:44","modified_gmt":"2025-12-10T08:57:44","slug":"por-que-bartolome-abdala-es-el-actual-presidente-de-la-nacion","status":"publish","type":"post","link":"https:\/\/radiofenix.com.ar\/2023\/por-que-bartolome-abdala-es-el-actual-presidente-de-la-nacion\/","title":{"rendered":"Por qu\u00e9 Bartolom\u00e9 Abdala es el actual Presidente de la Naci\u00f3n"},"content":{"rendered":"<div id=\"note-body\">\n<p>En un hecho bastante in\u00e9dito, el senador puntano <strong>Bartolom\u00e9 Abdala<\/strong> es desde este lunes 8 de diciembre el presidente de la Naci\u00f3n, cargo que ostentar\u00eda al menos hasta el jueves, en el marco de un nuevo viaje del presidente <strong>Javier Milei<\/strong>, que coincidi\u00f3 con el de la vicepresidenta <strong>Victoria Villarruel<\/strong>. <\/p>\n<\/div>\n<p><a href=\"https:\/\/www.minutouno.com\/politica\/por-que-bartolome-abdala-es-el-actual-presidente-la-nacion-n6222057\">source<\/a><\/p>\n","protected":false},"excerpt":{"rendered":"<p>En un hecho bastante in\u00e9dito, el senador puntano Bartolom\u00e9 Abdala es desde este lunes 8&#8230;<\/p>\n","protected":false},"author":0,"featured_media":204717,"comment_status":"open","ping_status":"open","sticky":false,"template":"","format":"standard","meta":{"footnotes":""},"categories":[2],"tags":[],"class_list":["post-204716","post","type-post","status-publish","format-standard","has-post-thumbnail","hentry","category-politica"],"featured_image_urls":{"full":["https:\/\/radiofenix.com.ar\/2023\/wp-content\/uploads\/2025\/12\/wp-header-logo-8.png",1200,675,false],"thumbnail":["https:\/\/radiofenix.com.ar\/2023\/wp-content\/uploads\/2025\/12\/wp-header-logo-8-150x150.png",150,150,true],"medium":["https:\/\/radiofenix.com.ar\/2023\/wp-content\/uploads\/2025\/12\/wp-header-logo-8-300x169.png",300,169,true],"medium_large":["https:\/\/radiofenix.com.ar\/2023\/wp-content\/uploads\/2025\/12\/wp-header-logo-8-768x432.png",640,360,true],"large":["https:\/\/radiofenix.com.ar\/2023\/wp-content\/uploads\/2025\/12\/wp-header-logo-8-1024x576.png",640,360,true],"1536x1536":["https:\/\/radiofenix.com.ar\/2023\/wp-content\/uploads\/2025\/12\/wp-header-logo-8.png",1200,675,false],"2048x2048":["https:\/\/radiofenix.com.ar\/2023\/wp-content\/uploads\/2025\/12\/wp-header-logo-8.png",1200,675,false],"newsium-slider-full":["https:\/\/radiofenix.com.ar\/2023\/wp-content\/uploads\/2025\/12\/wp-header-logo-8.png",1200,675,false],"newsium-featured":["https:\/\/radiofenix.com.ar\/2023\/wp-content\/uploads\/2025\/12\/wp-header-logo-8-1024x576.png",1024,576,true],"newsium-medium":["https:\/\/radiofenix.com.ar\/2023\/wp-content\/uploads\/2025\/12\/wp-header-logo-8-720x475.png",720,475,true]},"author_info":{"info":[""]},"category_info":"<a href=\"https:\/\/radiofenix.com.ar\/2023\/category\/politica\/\" rel=\"category tag\">Pol\u00edtica<\/a>","tag_info":"Pol\u00edtica","comment_count":"0","_links":{"self":[{"href":"https:\/\/radiofenix.com.ar\/2023\/wp-json\/wp\/v2\/posts\/204716","targetHints":{"allow":["GET"]}}],"collection":[{"href":"https:\/\/radiofenix.com.ar\/2023\/wp-json\/wp\/v2\/posts"}],"about":[{"href":"https:\/\/radiofenix.com.ar\/2023\/wp-json\/wp\/v2\/types\/post"}],"replies":[{"embeddable":true,"href":"https:\/\/radiofenix.com.ar\/2023\/wp-json\/wp\/v2\/comments?post=204716"}],"version-history":[{"count":0,"href":"https:\/\/radiofenix.com.ar\/2023\/wp-json\/wp\/v2\/posts\/204716\/revisions"}],"wp:featuredmedia":[{"embeddable":true,"href":"https:\/\/radiofenix.com.ar\/2023\/wp-json\/wp\/v2\/media\/204717"}],"wp:attachment":[{"href":"https:\/\/radiofenix.com.ar\/2023\/wp-json\/wp\/v2\/media?parent=204716"}],"wp:term":[{"taxonomy":"category","embeddable":true,"href":"https:\/\/radiofenix.com.ar\/2023\/wp-json\/wp\/v2\/categories?post=204716"},{"taxonomy":"post_tag","embeddable":true,"href":"https:\/\/radiofenix.com.ar\/2023\/wp-json\/wp\/v2\/tags?post=204716"}],"curies":[{"name":"wp","href":"https:\/\/api.w.org\/{rel}","templated":true}]}}